{"id":206701,"date":"2025-06-26T20:50:17","date_gmt":"2025-06-26T20:50:17","guid":{"rendered":"https:\/\/www.europesays.com\/fr\/206701\/"},"modified":"2025-06-26T20:50:17","modified_gmt":"2025-06-26T20:50:17","slug":"une-expertise-pointe-les-derives-de-deux-nephrologues","status":"publish","type":"post","link":"https:\/\/www.europesays.com\/fr\/206701\/","title":{"rendered":"une expertise pointe les d\u00e9rives de deux n\u00e9phrologues"},"content":{"rendered":"<p>En janvier 2024, les avocats de l\u2019association nationale de patients souffrant de pathologies r\u00e9nales <a href=\"https:\/\/www.estrepublicain.fr\/sante\/2024\/05\/31\/dialyses-suspectes-le-comite-d-expertise-sur-la-sellette\" target=\"_blank\" rel=\"nofollow noopener\">Renaloo<\/a> adressaient une plainte contre X pour \u00ab atteinte \u00e0 l\u2019int\u00e9grit\u00e9 du corps humain \u00bb, \u00ab mise en danger de la vie d\u2019autrui \u00bb et \u00ab abus de faiblesse \u00bb, au nom de patients vuln\u00e9rables dialys\u00e9s abusivement, et parfois contre leur gr\u00e9, au sein de l\u2019h\u00f4pital priv\u00e9 Nancy-Lorraine (HPNL) Elsan. L\u2019association Renaloo pointait alors les pratiques de deux n\u00e9phrologues lib\u00e9raux nanc\u00e9iens qui prescrivaient des dialyses sans fondement m\u00e9dical. L\u2019affaire \u00e9tait partie d\u2019une d\u00e9nonciation \u00e0 l\u2019\u00e9t\u00e9 2023 de deux cons\u0153urs de ces sp\u00e9cialistes, sanctionn\u00e9es apr\u00e8s coup par le conseil r\u00e9gional de l\u2019Ordre des m\u00e9decins pour \u00ab attitude non confraternelle \u00bb, selon une <a href=\"https:\/\/www.lemonde.fr\/sciences\/article\/2025\/06\/26\/dialyses-abusives-dans-une-clinique-privee-de-nancy-un-rapport-d-experts-dresse-un-constat-severe_6615971_1650684.html\" target=\"_blank\" rel=\"nofollow noopener\"> information du journal Le Monde<\/a>.<\/p>\n<p>Des patients vuln\u00e9rables<\/p>\n<p>L\u2019association avait re\u00e7u sous plis les dossiers m\u00e9dicaux anonymis\u00e9s de vingt-trois patients de n\u00e9phrologues install\u00e9s \u00e0 Nancy. Ils \u00e9taient accompagn\u00e9s de courriers d\u2019analyse de deux&#8230;<\/p>\n","protected":false},"excerpt":{"rendered":"En janvier 2024, les avocats de l\u2019association nationale de patients souffrant de pathologies r\u00e9nales Renaloo adressaient une plainte&hellip;\n","protected":false},"author":2,"featured_media":206702,"comment_status":"","ping_status":"","sticky":false,"template":"","format":"standard","meta":{"footnotes":""},"categories":[9635],"tags":[1111,11,271,272,1777,674,274,1011,27,775,5362,224,3457,1702,12,3456,25,71],"class_list":{"0":"post-206701","1":"post","2":"type-post","3":"status-publish","4":"format-standard","5":"has-post-thumbnail","7":"category-nancy","8":"tag-actu","9":"tag-actualites","10":"tag-crime","11":"tag-delit-et-contravention","12":"tag-eu","13":"tag-europe","14":"tag-faits-divers-justice","15":"tag-fr","16":"tag-france","17":"tag-grand-est","18":"tag-magazine-sante","19":"tag-medecine","20":"tag-meurthe-et-moselle","21":"tag-nancy","22":"tag-news","23":"tag-region-lorraine","24":"tag-republique-francaise","25":"tag-sante"},"share_on_mastodon":{"url":"https:\/\/pubeurope.com\/@fr\/114751643518950680","error":""},"_links":{"self":[{"href":"https:\/\/www.europesays.com\/fr\/wp-json\/wp\/v2\/posts\/206701","targetHints":{"allow":["GET"]}}],"collection":[{"href":"https:\/\/www.europesays.com\/fr\/wp-json\/wp\/v2\/posts"}],"about":[{"href":"https:\/\/www.europesays.com\/fr\/wp-json\/wp\/v2\/types\/post"}],"author":[{"embeddable":true,"href":"https:\/\/www.europesays.com\/fr\/wp-json\/wp\/v2\/users\/2"}],"replies":[{"embeddable":true,"href":"https:\/\/www.europesays.com\/fr\/wp-json\/wp\/v2\/comments?post=206701"}],"version-history":[{"count":0,"href":"https:\/\/www.europesays.com\/fr\/wp-json\/wp\/v2\/posts\/206701\/revisions"}],"wp:featuredmedia":[{"embeddable":true,"href":"https:\/\/www.europesays.com\/fr\/wp-json\/wp\/v2\/media\/206702"}],"wp:attachment":[{"href":"https:\/\/www.europesays.com\/fr\/wp-json\/wp\/v2\/media?parent=206701"}],"wp:term":[{"taxonomy":"category","embeddable":true,"href":"https:\/\/www.europesays.com\/fr\/wp-json\/wp\/v2\/categories?post=206701"},{"taxonomy":"post_tag","embeddable":true,"href":"https:\/\/www.europesays.com\/fr\/wp-json\/wp\/v2\/tags?post=206701"}],"curies":[{"name":"wp","href":"https:\/\/api.w.org\/{rel}","templated":true}]}}