{"id":206703,"date":"2025-06-26T20:51:23","date_gmt":"2025-06-26T20:51:23","guid":{"rendered":"https:\/\/www.europesays.com\/fr\/206703\/"},"modified":"2025-06-26T20:51:23","modified_gmt":"2025-06-26T20:51:23","slug":"basket-apres-verdun-le-basket-3x3-debarque-a-la-pepiniere-a-nancy","status":"publish","type":"post","link":"https:\/\/www.europesays.com\/fr\/206703\/","title":{"rendered":"Basket. Apr\u00e8s Verdun, le basket 3&#215;3 d\u00e9barque \u00e0 la P\u00e9pini\u00e8re, \u00e0 Nancy"},"content":{"rendered":"<p>Tout juste une semaine apr\u00e8s le passage du tournoi \u00ab\u00a0Lite Quest\u00a0\u00bb FIBA \u00e0 Verdun, c\u2019est \u00e0 la P\u00e9pini\u00e8re \u00e0 Nancy que le circuit 3&#215;3 de la Superleague va poser ses valises, ce week-end. Sur les terrains de la Pep\u2019, le tournoi du circuit FFBB, organis\u00e9 par le comit\u00e9 de Meurthe-et-Moselle, d\u00e9roulera le triptyque Open Start Entreprises (vendredi), Open Start Junior League (samedi) et Open Plus 2000 (dimanche). Le samedi, l\u2019esplanade Marcel-Cerdan r\u00e9servera \u00e9galement une place de choix au handibasket 3&#215;3.<\/p>\n","protected":false},"excerpt":{"rendered":"Tout juste une semaine apr\u00e8s le passage du tournoi \u00ab\u00a0Lite Quest\u00a0\u00bb FIBA \u00e0 Verdun, c\u2019est \u00e0 la P\u00e9pini\u00e8re&hellip;\n","protected":false},"author":2,"featured_media":206704,"comment_status":"","ping_status":"","sticky":false,"template":"","format":"standard","meta":{"footnotes":""},"categories":[9635],"tags":[1111,11,1791,1704,1777,674,1011,27,775,1702,1703,12,25,517,1700],"class_list":{"0":"post-206703","1":"post","2":"type-post","3":"status-publish","4":"format-standard","5":"has-post-thumbnail","7":"category-nancy","8":"tag-actu","9":"tag-actualites","10":"tag-basket-ball","11":"tag-edition-nancy-et-agglomeration","12":"tag-eu","13":"tag-europe","14":"tag-fr","15":"tag-france","16":"tag-grand-est","17":"tag-nancy","18":"tag-nancy-ville-54b","19":"tag-news","20":"tag-republique-francaise","21":"tag-sport","22":"tag-sport-lorrain"},"share_on_mastodon":{"url":"https:\/\/pubeurope.com\/@fr\/114751647556945137","error":""},"_links":{"self":[{"href":"https:\/\/www.europesays.com\/fr\/wp-json\/wp\/v2\/posts\/206703","targetHints":{"allow":["GET"]}}],"collection":[{"href":"https:\/\/www.europesays.com\/fr\/wp-json\/wp\/v2\/posts"}],"about":[{"href":"https:\/\/www.europesays.com\/fr\/wp-json\/wp\/v2\/types\/post"}],"author":[{"embeddable":true,"href":"https:\/\/www.europesays.com\/fr\/wp-json\/wp\/v2\/users\/2"}],"replies":[{"embeddable":true,"href":"https:\/\/www.europesays.com\/fr\/wp-json\/wp\/v2\/comments?post=206703"}],"version-history":[{"count":0,"href":"https:\/\/www.europesays.com\/fr\/wp-json\/wp\/v2\/posts\/206703\/revisions"}],"wp:featuredmedia":[{"embeddable":true,"href":"https:\/\/www.europesays.com\/fr\/wp-json\/wp\/v2\/media\/206704"}],"wp:attachment":[{"href":"https:\/\/www.europesays.com\/fr\/wp-json\/wp\/v2\/media?parent=206703"}],"wp:term":[{"taxonomy":"category","embeddable":true,"href":"https:\/\/www.europesays.com\/fr\/wp-json\/wp\/v2\/categories?post=206703"},{"taxonomy":"post_tag","embeddable":true,"href":"https:\/\/www.europesays.com\/fr\/wp-json\/wp\/v2\/tags?post=206703"}],"curies":[{"name":"wp","href":"https:\/\/api.w.org\/{rel}","templated":true}]}}