{"id":206705,"date":"2025-06-26T20:52:10","date_gmt":"2025-06-26T20:52:10","guid":{"rendered":"https:\/\/www.europesays.com\/fr\/206705\/"},"modified":"2025-06-26T20:52:10","modified_gmt":"2025-06-26T20:52:10","slug":"incendie-du-peage-de-bandol-six-ans-plus-tard-escota-veut-faire-payer-sept-anciens-gilets-jaunes","status":"publish","type":"post","link":"https:\/\/www.europesays.com\/fr\/206705\/","title":{"rendered":"Incendie du p\u00e9age de Bandol: six ans plus tard, Escota veut faire payer sept anciens Gilets jaunes"},"content":{"rendered":"<p>Deux semaines apr\u00e8s la profanation de l\u2019Arc de Triomphe \u00e0 Paris, c\u2019est le p\u00e9age de Bandol qui faisait les frais de d\u00e9bordements dans le contexte du mouvement des Gilets jaunes.<\/p>\n<p>Les installations exploit\u00e9es par la soci\u00e9t\u00e9 Escota (filiale de Vinci) ont \u00e9t\u00e9 ravag\u00e9es par <a href=\"https:\/\/www.varmatin.com\/greve-mouvements-sociaux\/videos-le-peage-de-bandol-incendie-lautoroute-a50-fermee-dans-les-deux-sens-285136\" rel=\"nofollow noopener\" target=\"_blank\">un incendie dans la nuit du 17 au 18 d\u00e9cembre 2018<\/a>.<\/p>\n<p>Il aura fallu des ann\u00e9es de proc\u00e9dure pour que cette affaire \u00ab\u00a0retombe tel un vieux souffl\u00e9\u00a0\u00bb, r\u00e9sume MeCaroline Malaga, avocate d\u2019un mis en cause.<\/p>\n<p>Alors que le feu d\u00e9vorait la structure du p\u00e9age, la police esquivait des jets de projectiles et interpellait dix-sept personnes aux abords des lieux. Quatorze avaient \u00e9t\u00e9 mises en examen.<\/p>\n<p>La vid\u00e9osurveillance du p\u00e9age avait \u00e9t\u00e9 pr\u00e9alablement sabot\u00e9e et les investigations n\u2019ont pas permis d\u2019identifier les auteurs de l\u2019incendie volontaire.<\/p>\n<p>Finalement, sept pr\u00e9venus sont poursuivis pour une infraction strictement limit\u00e9e au seul d\u00e9lit \u00ab\u00a0d\u2019entrave \u00e0 la circulation des v\u00e9hicules sur une voie publique par le placement de palettes en bois enflamm\u00e9es\u00a0\u00bb.<\/p>\n<p>Casseurs ou \u00ab\u00a0sympathisants pacifistes\u00a0\u00bb?<\/p>\n<p>\u00ab\u00a0\u00c7a va \u00eatre la guerre\u00a0\u00bb, avait annonc\u00e9 dans un message l\u2019un des pr\u00e9venus jug\u00e9s ce mercredi par le tribunal correctionnel de Toulon. \u00ab\u00a0On va monter en renforcement, tenue de combat oblig\u00e9e\u00a0\u00bb, lui r\u00e9pondait une copr\u00e9venue (absente au proc\u00e8s).<\/p>\n<p>\u00ab\u00a0C\u2019\u00e9tait une fa\u00e7on de parler pour dire qu\u2019il y aurait beaucoup de monde&#8230;\u00a0\u00bb, nuance-t-il aujourd\u2019hui. Un autre (lui aussi absent) est venu avec un \u00ab\u00a0masque Anonymous\u00a0\u00bb&#8230;<\/p>\n<p>Si la plupart des mis en cause admettent leur participation \u00e0 une op\u00e9ration de filtrage, tous se pr\u00e9sentent en \u00ab\u00a0sympathisants pacifistes\u00a0\u00bb et contestent avoir \u00ab\u00a0employ\u00e9 des palettes enflamm\u00e9es\u00a0\u00bb \u2013 la seule question examin\u00e9e par le tribunal li\u00e9 par les termes tr\u00e8s pr\u00e9cis de la poursuite judiciaire.<\/p>\n<p>\u00ab\u00a0Ce soir-l\u00e0, ce n\u2019\u00e9tait pas habituel, il y avait beaucoup de personnes qu\u2019on n\u2019avait jamais vues, des personnes cagoul\u00e9es, c\u2019\u00e9tait chaud (&#8230;) On les sentait d\u00e9termin\u00e9es \u00e0 tout d\u00e9truire\u00a0\u00bb, se d\u00e9fendainsi un brancardier aujourd\u2019hui \u00e2g\u00e9 de 29 ans. \u00ab\u00a0Il y avait entre cent et deux cents personnes, dont \u00e9norm\u00e9ment de casseurs. Aucune lumi\u00e8re n\u2019a \u00e9t\u00e9 faite sur qui a fait quoi\u00a0\u00bb, appuie son avocate, Me Aude Mayoussier.<\/p>\n<p>\u00ab\u00a0Cette part de col\u00e8re n\u2019est pas un \u00e9l\u00e9ment de culpabilit\u00e9\u00a0\u00bb<\/p>\n<p>La soci\u00e9t\u00e9 Escota demande la condamnation des pr\u00e9venus \u00e0 l\u2019indemnisation de son pr\u00e9judice mat\u00e9riel. <a href=\"https:\/\/www.varmatin.com\/greve-mouvements-sociaux\/sur-la50-le-peage-de-bandol-rouvrira-debut-2019-287051?t=1750803918\" rel=\"nofollow noopener\" target=\"_blank\">Un mois de travaux<\/a> avait \u00e9t\u00e9 n\u00e9cessaire pour rouvrir la circulation dans le sens Marseille-Toulon.<\/p>\n<p>Et de r\u00e9clamer 509.668,20 euros au titre des sommes engag\u00e9es pour remplacer le toit du p\u00e9age qui mena\u00e7ait de s\u2019effondrer (405.102 euros) et pour remettre en \u00e9tat la chauss\u00e9e (104.566,20 euros).<\/p>\n<p>Une relaxe g\u00e9n\u00e9rale pour insuffisance de preuves (et une amende pour l\u2019un des pr\u00e9venus \u00e9galement poursuivi pour \u00ab\u00a0r\u00e9bellion\u00a0\u00bb) est cependant requise par le parquet.<\/p>\n<p>Il faut dire que les traces d\u2019\u00e9thanol relev\u00e9es sur les mains moites des suspects peuvent tr\u00e8s bien provenir d\u2019une consommation d\u2019alcool, selon un expert. C\u2019est m\u00eame coh\u00e9rent avec les r\u00e9sultats des \u00e9thylotests effectu\u00e9s cette nuit-l\u00e0.<\/p>\n<p>\u00ab\u00a0J\u2019ai le sentiment qu\u2019on a souhait\u00e9 ratisser large en interpellant quiconque se trouvait aux abords de cet incendie\u00a0\u00bb, plaide Caroline Malaga.<\/p>\n<p>Et de rappeler le climat de tension qui entourait le mouvement des Gilets jaunes. \u00ab\u00a0Cette part de col\u00e8re dont je n\u2019ai m\u00eame pas \u00e0 juger si elle est l\u00e9gitime, \u00e7a n\u2019est pas un \u00e9l\u00e9ment de culpabilit\u00e9.\u00a0\u00bb<\/p>\n<p>Le tribunal rendra sa d\u00e9cision le 1er juillet.<\/p>\n","protected":false},"excerpt":{"rendered":"Deux semaines apr\u00e8s la profanation de l\u2019Arc de Triomphe \u00e0 Paris, c\u2019est le p\u00e9age de Bandol qui faisait&hellip;\n","protected":false},"author":2,"featured_media":206706,"comment_status":"","ping_status":"","sticky":false,"template":"","format":"standard","meta":{"footnotes":""},"categories":[9619],"tags":[1111,11,1777,674,118,1011,27,303,12,882,25,2310],"class_list":{"0":"post-206705","1":"post","2":"type-post","3":"status-publish","4":"format-standard","5":"has-post-thumbnail","7":"category-toulon","8":"tag-actu","9":"tag-actualites","10":"tag-eu","11":"tag-europe","12":"tag-faits-divers","13":"tag-fr","14":"tag-france","15":"tag-justice","16":"tag-news","17":"tag-provence-alpes-cote-dazur","18":"tag-republique-francaise","19":"tag-toulon"},"share_on_mastodon":{"url":"https:\/\/pubeurope.com\/@fr\/114751651426276956","error":""},"_links":{"self":[{"href":"https:\/\/www.europesays.com\/fr\/wp-json\/wp\/v2\/posts\/206705","targetHints":{"allow":["GET"]}}],"collection":[{"href":"https:\/\/www.europesays.com\/fr\/wp-json\/wp\/v2\/posts"}],"about":[{"href":"https:\/\/www.europesays.com\/fr\/wp-json\/wp\/v2\/types\/post"}],"author":[{"embeddable":true,"href":"https:\/\/www.europesays.com\/fr\/wp-json\/wp\/v2\/users\/2"}],"replies":[{"embeddable":true,"href":"https:\/\/www.europesays.com\/fr\/wp-json\/wp\/v2\/comments?post=206705"}],"version-history":[{"count":0,"href":"https:\/\/www.europesays.com\/fr\/wp-json\/wp\/v2\/posts\/206705\/revisions"}],"wp:featuredmedia":[{"embeddable":true,"href":"https:\/\/www.europesays.com\/fr\/wp-json\/wp\/v2\/media\/206706"}],"wp:attachment":[{"href":"https:\/\/www.europesays.com\/fr\/wp-json\/wp\/v2\/media?parent=206705"}],"wp:term":[{"taxonomy":"category","embeddable":true,"href":"https:\/\/www.europesays.com\/fr\/wp-json\/wp\/v2\/categories?post=206705"},{"taxonomy":"post_tag","embeddable":true,"href":"https:\/\/www.europesays.com\/fr\/wp-json\/wp\/v2\/tags?post=206705"}],"curies":[{"name":"wp","href":"https:\/\/api.w.org\/{rel}","templated":true}]}}