{"id":206715,"date":"2025-06-26T21:00:15","date_gmt":"2025-06-26T21:00:15","guid":{"rendered":"https:\/\/www.europesays.com\/fr\/206715\/"},"modified":"2025-06-26T21:00:15","modified_gmt":"2025-06-26T21:00:15","slug":"grenoble-un-adolescent-agresse-avec-un-secateur-devant-le-college-munch","status":"publish","type":"post","link":"https:\/\/www.europesays.com\/fr\/206715\/","title":{"rendered":"Grenoble. Un adolescent agress\u00e9 avec un s\u00e9cateur devant le coll\u00e8ge Munch"},"content":{"rendered":"<p class=\"xsm-p emxed-markup\">Un adolescent de 14 ans a \u00e9t\u00e9 victime d\u2019un vol avec violences ce jeudi 26\u00a0juin, vers 14\u00a0h, devant le coll\u00e8ge Charles Munch. D\u2019apr\u00e8s les premiers \u00e9l\u00e9ments de l\u2019enqu\u00eate, un autre adolescent, \u00e9galement \u00e2g\u00e9 de 14 ans, aurait agress\u00e9 la victime avec un s\u00e9cateur. L\u00e9g\u00e8rement bless\u00e9, le jeune homme a \u00e9t\u00e9 pris en charge par les sapeurs-pompiers et transport\u00e9 \u00e0 l\u2019h\u00f4pital.<\/p>\n<p class=\"xsm-p emxed-markup\">Le suspect a quant \u00e0 lui pris la fuite, mais a \u00e9t\u00e9 interpell\u00e9 quelques minutes plus tard au niveau du 10 rue de la station Ponsard \u00e0 Grenoble, par un \u00e9quipage de la brigade sp\u00e9cialis\u00e9e de terrain (BST) qui avait re\u00e7u son signalement sur les ondes. L\u2019adolescent a \u00e9t\u00e9 plac\u00e9 en garde \u00e0 vue afin de s\u2019expliquer sur ces faits.<\/p>\n<p class=\"xsm-p emxed-markup\">Il y a deux semaines, lors d\u2019une conf\u00e9rence de presse, le directeur interd\u00e9partemental de la police nationale de l\u2019Is\u00e8re, J\u00e9r\u00f4me Chappa, avait indiqu\u00e9 que les faits de violences impliquant des mineurs et des armes blanches <a href=\"https:\/\/www.ledauphine.com\/faits-divers-justice\/2025\/06\/13\/eleve-poignarde-a-la-sortie-du-lycee-l-hypothese-d-une-vendetta\" target=\"_blank\" rel=\"nofollow noopener\">\u00e9taient en forte augmentation dans le d\u00e9partement<\/a>, notamment \u00ab dans et aux abords des coll\u00e8ges\u00a0\u00bb.<\/p>\n<p>L\u2019\u00e9quipage de la BST qui a arr\u00eat\u00e9 le jeune de 14 ans a \u00e9galement proc\u00e9d\u00e9 \u00e0 l\u2019interpellation d\u2019un homme de 16 ans, qui se trouvait au volant d\u2019une Renault Clio signal\u00e9e comme vol\u00e9e et qui a refus\u00e9 de s\u2019arr\u00eater, malgr\u00e9 les injonctions des policiers. Il a \u00e9galement \u00e9t\u00e9 plac\u00e9 en garde \u00e0 vue.<\/p>\n","protected":false},"excerpt":{"rendered":"Un adolescent de 14 ans a \u00e9t\u00e9 victime d\u2019un vol avec violences ce jeudi 26\u00a0juin, vers 14\u00a0h, devant&hellip;\n","protected":false},"author":2,"featured_media":206716,"comment_status":"","ping_status":"","sticky":false,"template":"","format":"standard","meta":{"footnotes":""},"categories":[9566],"tags":[1111,11,2430,271,272,112,1777,674,274,107,1011,27,2731,2732,108,12,25],"class_list":{"0":"post-206715","1":"post","2":"type-post","3":"status-publish","4":"format-standard","5":"has-post-thumbnail","7":"category-grenoble","8":"tag-actu","9":"tag-actualites","10":"tag-auvergne-rhone-alpes","11":"tag-crime","12":"tag-delit-et-contravention","13":"tag-edition-grenoble-agglomeration","14":"tag-eu","15":"tag-europe","16":"tag-faits-divers-justice","17":"tag-fil-info","18":"tag-fr","19":"tag-france","20":"tag-grenoble","21":"tag-grenoble-bassin","22":"tag-isere","23":"tag-news","24":"tag-republique-francaise"},"share_on_mastodon":{"url":"https:\/\/pubeurope.com\/@fr\/114751682882513159","error":""},"_links":{"self":[{"href":"https:\/\/www.europesays.com\/fr\/wp-json\/wp\/v2\/posts\/206715","targetHints":{"allow":["GET"]}}],"collection":[{"href":"https:\/\/www.europesays.com\/fr\/wp-json\/wp\/v2\/posts"}],"about":[{"href":"https:\/\/www.europesays.com\/fr\/wp-json\/wp\/v2\/types\/post"}],"author":[{"embeddable":true,"href":"https:\/\/www.europesays.com\/fr\/wp-json\/wp\/v2\/users\/2"}],"replies":[{"embeddable":true,"href":"https:\/\/www.europesays.com\/fr\/wp-json\/wp\/v2\/comments?post=206715"}],"version-history":[{"count":0,"href":"https:\/\/www.europesays.com\/fr\/wp-json\/wp\/v2\/posts\/206715\/revisions"}],"wp:featuredmedia":[{"embeddable":true,"href":"https:\/\/www.europesays.com\/fr\/wp-json\/wp\/v2\/media\/206716"}],"wp:attachment":[{"href":"https:\/\/www.europesays.com\/fr\/wp-json\/wp\/v2\/media?parent=206715"}],"wp:term":[{"taxonomy":"category","embeddable":true,"href":"https:\/\/www.europesays.com\/fr\/wp-json\/wp\/v2\/categories?post=206715"},{"taxonomy":"post_tag","embeddable":true,"href":"https:\/\/www.europesays.com\/fr\/wp-json\/wp\/v2\/tags?post=206715"}],"curies":[{"name":"wp","href":"https:\/\/api.w.org\/{rel}","templated":true}]}}