{"id":206720,"date":"2025-06-26T21:03:18","date_gmt":"2025-06-26T21:03:18","guid":{"rendered":"https:\/\/www.europesays.com\/fr\/206720\/"},"modified":"2025-06-26T21:03:18","modified_gmt":"2025-06-26T21:03:18","slug":"le-parti-renaissance-travaille-sur-10-missions-pour-strasbourg","status":"publish","type":"post","link":"https:\/\/www.europesays.com\/fr\/206720\/","title":{"rendered":"le parti Renaissance travaille sur \u00ab 10 missions pour Strasbourg \u00bb"},"content":{"rendered":"<p class=\"p1\"><b>Le 6 juin dernier, le parti Renaissance r\u00e9unissait ses sympathisant(e)s pour partager les conclusions de leur consultation lanc\u00e9e il y a trois mois. Une op\u00e9ration qui a permis au parti pr\u00e9sidentiel de d\u00e9gager plusieurs priorit\u00e9s pour Strasbourg, ainsi que quelques propositions concr\u00e8tes. De quoi se lancer dans la campagne, m\u00eame sans t\u00eate de liste pour le moment.<\/b><\/p>\n<p>\u00ab\u00a0Les Strasbourgeois aiment profond\u00e9ment leur ville mais sont inquiets pour son avenir.\u00a0\u00bb C\u2019est en substance la conclusion de \u00ab Strasbourg, parlons-en ! \u00bb, la consultation lanc\u00e9e en mars dernier par Renaissance.<b> Pour en arriver l\u00e0, le parti pr\u00e9sidentiel a men\u00e9 plus de 50 op\u00e9rations dans l\u2019ensemble des quartiers de la ville<\/b>, pour recueillir plus de 1 000 t\u00e9moignages de Strasbourgeois(es).<\/p>\n<p>                <a href=\"https:\/\/pokaa.fr\/2025\/04\/03\/strasbourg-parlons-en-le-parti-renaissance-se-lance-aussi-dans-les-municipales-2026\/\" rel=\"nofollow noopener\" target=\"_blank\"><br \/>\n                    <img width=\"450\" height=\"270\" src=\"https:\/\/www.europesays.com\/fr\/wp-content\/uploads\/2025\/06\/img-7849-2-grande-450x270.jpeg\" class=\"attachment-card-horizontal--same-subject size-card-horizontal--same-subject wp-post-image\" alt=\"\" decoding=\"async\" loading=\"lazy\"\/>                <\/a><\/p>\n<p>Dans les t\u00e9moignages, les Strasbourgeois(es) \u00e9taient invit\u00e9(e)s \u00e0 lister trois choses qui vont bien dans leur ville, et trois choses qui ne vont pas. <b>En regardant les r\u00e9sultats, on s\u2019aper\u00e7oit que les mots \u00ab\u00a0beaut\u00e9\u00a0\u00bb, \u00ab tranquillit\u00e9\u00a0\u00bb, \u00ab\u00a0quartier\u00a0\u00bb, \u00ab\u00a0calme\u00a0\u00bb ou \u00ab\u00a0commerce\u00a0\u00bb ressortent le plus dans les points positifs<\/b> ; parmi les n\u00e9gatifs en revanche, on retrouve \u00ab\u00a0cohabitation\u00a0\u00bb, \u00ab\u00a0cyclistes\u00a0\u00bb, \u00ab\u00a0stationnement\u00a0\u00bb, \u00ab\u00a0voitures\u00a0\u00bb et m\u00eame \u00ab\u00a0verts\u00a0\u00bb, sans que l\u2019on sache si c\u2019est la couleur ou le courant politique qui est vis\u00e9.<\/p>\n<p>    <img width=\"800\" height=\"600\" src=\"https:\/\/www.europesays.com\/fr\/wp-content\/uploads\/2025\/06\/img-6141-800x600.jpeg\" class=\"attachment-image-size-L size-image-size-L\" alt=\"renaissance\" decoding=\"async\" loading=\"lazy\"  \/>         \u00a9 Renaissance \/ Document remis <\/p>\n<p>10 \u00ab\u00a0missions\u00a0\u00bb pour Strasbourg<\/p>\n<p class=\"p1\"><b>Plus concr\u00e8tement, ces contributions ont permis \u00e0 Renaissance de d\u00e9gager \u00ab\u00a010 missions pour Strasbourg\u00a0\u00bb<\/b>, comme le rapporte \u00c9tienne Loos, potentiel candidat Renaissance aux \u00e9lections municipales, joint par courriel. Dans le d\u00e9tail des priorit\u00e9s fournies :<\/p>\n<ul class=\"ul1\">\n<li class=\"li1\">soutenir les entreprises avec une politique \u00e9conomique ambitieuse,<\/li>\n<li class=\"li1\">rendre la ville plus s\u00fbre pour toutes et tous,<\/li>\n<li class=\"li1\"><b>d\u00e9velopper la dimension europ\u00e9enne et internationale de Strasbourg, capitale europ\u00e9enne<\/b>,<\/li>\n<li class=\"li1\">faire de l\u2019\u00e9ducation et de la jeunesse une priorit\u00e9 municipale,<\/li>\n<li class=\"li1\"><b>construire une ville solidaire et inclusive, riche de sa diversit\u00e9<\/b>,<\/li>\n<li class=\"li1\">redonner \u00e0 l\u2019action municipale une vraie proximit\u00e9 et offrir \u00e0 tous des services publics plus efficaces,<\/li>\n<li class=\"li1\">faire revivre la d\u00e9mocratie locale et r\u00e9soudre la crise d\u00e9mocratique.<\/li>\n<\/ul>\n<blockquote><p>\n        Strasbourg est une ville singuli\u00e8re : \u00e0 la fois capitale europ\u00e9enne mais aussi ville de province. C\u2019est sur cet \u00e9quilibre entre attractivit\u00e9 et proximit\u00e9 que nous devons poursuivre le d\u00e9veloppement de la ville et de tous ses quartiers.    <\/p><\/blockquote>\n<p>            \u00c9tienne Loos, potentiel candidat Renaissance aux \u00e9lections municipales<\/p>\n<p class=\"p1\">Pour les plus matheux\/ses, cela ne fait que sept priorit\u00e9s. Les trois derni\u00e8res se retrouvent au sein d\u2019un document pr\u00e9par\u00e9 par Renaissance, <b>o\u00f9 l\u2019on trouve \u00e9galement \u00ab garantir un logement digne et accessible \u00e0 tous \u00bb, \u00ab am\u00e9liorer le r\u00e9seau de transports en commun et la coexistence entre les mobilit\u00e9s \u00bb et \u00ab b\u00e2tir une ville verte, en conciliant \u00e9cologie et bon sens \u00bb<\/b>.<\/p>\n<p class=\"p1\">Toutes ces grandes missions \u00ab\u00a0feront prochainement l\u2019objet de groupes de travail compos\u00e9s d\u2019experts et de citoyens,<b> qui permettront de faire \u00e9merger des propositions concr\u00e8tes pour am\u00e9liorer la vie des Strasbourgeois<\/b>\u00a0\u00bb, selon le potentiel candidat Renaissance aux \u00e9lections municipales.<\/p>\n<p>    <img width=\"800\" height=\"600\" src=\"https:\/\/www.europesays.com\/fr\/wp-content\/uploads\/2025\/06\/img-5479-800x600.jpeg\" class=\"attachment-image-size-L size-image-size-L\" alt=\"renaissance\" decoding=\"async\" loading=\"lazy\"  \/>         \u00a9 Renaissance \/ Document remis <\/p>\n<p>2 propositions concr\u00e8tes et un axe de travail<br \/>\nUn \u00ab Pentagone europ\u00e9en \u00bb \u00e0 Strasbourg<\/p>\n<p class=\"p1\">La restitution de ces 10 missions a permis \u00e0 Renaissance de d\u00e9gager trois premi\u00e8res priorit\u00e9s : <b>l\u2019attractivit\u00e9, qu\u2019elle soit commerciale ou europ\u00e9enne, la participation citoyenne ainsi que le renouveau d\u00e9mocratique, et enfin la s\u00e9curit\u00e9<\/b>. Des th\u00e8mes qui donnent d\u00e9j\u00e0 quelques propositions concr\u00e8tes ou axes de travail.<\/p>\n<blockquote><p>\n        Depuis cinq ans ans, Strasbourg est une belle endormie. Notre ville, bien que capitale europ\u00e9enne, est absente des \u00e9v\u00e9nements diplomatiques qui bouleversent notre continent.    <\/p><\/blockquote>\n<p>            \u00c9tienne Loos, potentiel candidat Renaissance aux \u00e9lections municipales<\/p>\n<p>Pour l\u2019attractivit\u00e9, Renaissance propose de d\u00e9fendre la place de Strasbourg comme \u00e9picentre de l\u2019int\u00e9gration europ\u00e9enne. Comment ? <b>En donnant \u00ab\u00a0\u00e0 l\u2019Eurocorps une nouvelle dimension en installant \u00e0 Strasbourg un \u201cPentagone europ\u00e9en\u201d, v\u00e9ritable \u00e9picentre de la planification militaro-industrielle europ\u00e9enne\u00a0\u00bb<\/b>. Une proposition venant directement d\u2019\u00c9tienne Loos, d\u00e9taill\u00e9e le 17 mars dernier dans le journal lib\u00e9ral L\u2019Opinion.<\/p>\n<p>Une n\u00e9cessit\u00e9 selon le potentiel candidat Renaissance aux \u00e9lections municipales, alors que \u00ab\u00a0l\u2019Europe prend conscience que sa souverainet\u00e9 militaire est indispensable\u00a0\u00bb. <b>Pourtant, interrog\u00e9 sur l\u2019int\u00e9r\u00eat concret d\u2019une telle proposition sur la vie des Strasbourgeois(es), \u00c9tienne Loos r\u00e9pond \u00e0 c\u00f4t\u00e9<\/b>, versant plut\u00f4t dans l\u2019histoire de la ville \u00ab\u00a0qui porte la m\u00e9moire vivante de la guerre, de l\u2019Occupation, mais qui conna\u00eet aussi le prix de la paix et de la r\u00e9conciliation\u00a0\u00bb, ainsi que dans sa \u00ab\u00a0vocation \u00e0 rayonner\u00a0\u00bb.<\/p>\n<p>    <img width=\"800\" height=\"600\" src=\"https:\/\/www.europesays.com\/fr\/wp-content\/uploads\/2025\/06\/img-2650-800x600.jpg\" class=\"attachment-image-size-L size-image-size-L\" alt=\"parlement europ\u00e9en\" decoding=\"async\" loading=\"lazy\"  \/>         \u00a9 Vivien Latuner \/ Pokaa <\/p>\n<p>Un r\u00e9f\u00e9rendum local d\u2019initiative partag\u00e9e<\/p>\n<p class=\"p1\">Deuxi\u00e8me proposition : <b>un r\u00e9f\u00e9rendum local d\u2019initiative partag\u00e9e<\/b>, pour permettre aux Strasbourgeois(es) de s\u2019exprimer directement, \u00e0 \u00e9ch\u00e9ances r\u00e9guli\u00e8res, sur les politiques publiques qui les concernent. Une proposition \u00e9manant directement d\u2019une tribune d\u2019\u00c9tienne Loos, de Fabienne Keller et de Bruno Studer,<b> l\u00e0 aussi publi\u00e9e dans le journal L\u2019Opinion, le 14 mai dernier<\/b>.<\/p>\n<p class=\"p1\">Interrog\u00e9 sur des exemples concrets sur lesquels les Strasbourgeois(es) pourraient se prononcer, le potentiel candidat Renaissance aux \u00e9lections municipales n\u2019en donne pour le moment aucun.<\/p>\n<blockquote><p>\n        Depuis 2020, la maire a confisqu\u00e9 le b\u00e2ton de parole ! Il ne faut pas avoir peur d\u2019\u00e9couter r\u00e9guli\u00e8rement les Strasbourgeois, sans attendre 6 ans et les prochaines \u00e9lections.    <\/p><\/blockquote>\n<p>            \u00c9tienne Loos, potentiel candidat Renaissance aux \u00e9lections municipales<\/p>\n<p>N\u00e9anmoins, il d\u00e9taille le processus. Concr\u00e8tement,\u00a0<b>une proposition citoyenne conforme aux comp\u00e9tences de la ville devra recueillir la signature de 5 % des \u00e9lecteurs\/rices et des conseillers\/\u00e8res municipaux\/les<\/b>.<\/p>\n<p>\u00c0 ce moment-l\u00e0, elle serait d\u00e9battue en conseil municipal. Si elle n\u2019est pas adopt\u00e9e, elle serait alors soumise \u00e0 un r\u00e9f\u00e9rendum local. <b>Des scrutins \u00ab\u00a0qui seraient organis\u00e9s une fois par an lors d\u2019une journ\u00e9e de la d\u00e9mocratie\u00a0\u00bb<\/b>, \u00e0 la fois dans les bureaux de vote et par Internet \u2013 via France Identit\u00e9.<\/p>\n<p>    <img width=\"800\" height=\"624\" src=\"https:\/\/www.europesays.com\/fr\/wp-content\/uploads\/2025\/06\/img-5533-800x624.jpeg\" class=\"attachment-image-size-L size-image-size-L\" alt=\"loos keller studer\" decoding=\"async\" loading=\"lazy\"  \/>         \u00a9 Renaissance \/ Document remis <\/p>\n<p>Bient\u00f4t des propositions concr\u00e8tes sur la s\u00e9curit\u00e9<\/p>\n<p>Enfin, <strong>sur la s\u00e9curit\u00e9, pas (encore) de propositions<\/strong>. Mais comme le sujet est l\u2019une des priorit\u00e9s principales d\u00e9gag\u00e9es de la consultation, \u00c9tienne Loos promet \u00ab\u00a0des propositions tr\u00e8s concr\u00e8tes\u00a0\u00bb, qui \u00ab\u00a0seront communiqu\u00e9es \u00e0 l\u2019automne\u00a0\u00bb. <\/p>\n<p>S\u2019il dit ne pas croire \u00ab\u00a0\u00e0 la surench\u00e8re s\u00e9curitaire\u00a0\u00bb et \u00ab\u00a0\u00e0 faire peur aux Strasbourgeois\u00a0\u00bb, <b>le potentiel candidat aux \u00e9lections municipales estime que la suppression de l\u2019arr\u00eat\u00e9 anti-mendicit\u00e9 agressive \u00e9tait \u00ab\u00a0un non-sens\u00a0\u00bb<\/b>, \u00ab\u00a0au grand dam des commer\u00e7ants et des riverains\u00a0\u00bb.<\/p>\n<p>    <img width=\"800\" height=\"531\" src=\"https:\/\/www.europesays.com\/fr\/wp-content\/uploads\/2025\/06\/img-6150-800x531.jpeg\" class=\"attachment-image-size-L size-image-size-L\" alt=\"renaissance\" decoding=\"async\" loading=\"lazy\"  \/>         \u00a9 Renaissance \/ Document remis <\/p>\n<p>\u00ab\u00a0L\u2019union fait la force\u00a0\u00bb, mais avec qui ?<\/p>\n<p class=\"p1\">Attractivit\u00e9, rayonnement, d\u00e9mocratie locale, Europe, s\u00e9curit\u00e9\u2026 Si ces probl\u00e9matiques vous disent quelque chose, c\u2019est normal. Que ce soit <a href=\"https:\/\/pokaa.fr\/2025\/06\/24\/municipales-2026-jean-philippe-vetter-souhaite-reparer-strasbourg-ville-fracturee\/\" target=\"_blank\" rel=\"noopener nofollow\">Jean-Philippe Vetter<\/a>, <a href=\"https:\/\/pokaa.fr\/2025\/06\/20\/municipales-2026-pierre-jakubowicz-imagine-strasbourg-en-grand-avec-son-programme\/\" target=\"_blank\" rel=\"noopener nofollow\">Pierre Jakubowicz<\/a> [pas encore candidat, ndlr] ou \u00c9tienne Loos : <b>pour l\u2019instant, ceux engag\u00e9s dans les discussions de campagne pour les municipales poussent les m\u00eames th\u00e8mes<\/b>, avec quelques diff\u00e9rences \u00e0 la marge.<\/p>\n<blockquote><p>\n        Nous devons consacrer toute notre \u00e9nergie \u00e0 rassembler.    <\/p><\/blockquote>\n<p>            \u00c9tienne Loos, potentiel candidat Renaissance aux \u00e9lections municipales<\/p>\n<p>D\u2019o\u00f9 la sempiternelle question, qui va sans doute rapidement devenir un marronnier dans les prochains mois : quid de l\u2019union de la droite et du centre ? Pour le potentiel candidat Renaissance aux \u00e9lections municipales, c\u2019est une demande des habitant(e)s : \u00ab\u00a0Lors de nos nombreux \u00e9changes sur le terrain, <b>nous avons fortement ressenti la demande des Strasbourgeois d\u2019une union large pour construire et incarner une alternance solide et cr\u00e9dible<\/b>.\u00a0\u00bb<\/p>\n<p class=\"p1\">Ainsi, \u00c9tienne Loos explique que Renaissance \u00ab engagera dans les prochaines semaines des discussions en vue d\u2019une d\u00e9marche commune avec ses partenaires naturels d\u2019Horizons et du Modem \u00bb. Une d\u00e9marche commune o\u00f9 la victoire est possible selon lui, le \u00ab\u00a0bloc central\u00a0\u00bb ayant r\u00e9colt\u00e9 plus de voix aux l\u00e9gislatives de 2024 que Jeanne Barseghian aux municipales [bien que comparer de telles \u00e9lections n\u2019ait pas vraiment de sens, l\u2019une \u00e9tant locale pendant le covid, l\u2019autre nationale, ndlr].<\/p>\n<p class=\"p1\"><b>En tous les cas, \u00c9tienne Loos ne souhaite qu\u2019une chose : \u00ab\u00a0Que cette union pour Strasbourg soit plus large encore d\u00e8s le premier tour.\u00a0\u00bb<\/b> Toutes les t\u00eates lancent le m\u00eame appel, \u00e0 voir qui r\u00e9pondra, et surtout, qui acceptera de passer derri\u00e8re les autres.<\/p>\n","protected":false},"excerpt":{"rendered":"Le 6 juin dernier, le parti Renaissance r\u00e9unissait ses sympathisant(e)s pour partager les conclusions de leur consultation lanc\u00e9e&hellip;\n","protected":false},"author":2,"featured_media":206721,"comment_status":"","ping_status":"","sticky":false,"template":"","format":"standard","meta":{"footnotes":""},"categories":[2820],"tags":[1111,11,34563,1777,674,1011,27,775,3434,12,316,3370,25,640],"class_list":{"0":"post-206720","1":"post","2":"type-post","3":"status-publish","4":"format-standard","5":"has-post-thumbnail","7":"category-strasbourg","8":"tag-actu","9":"tag-actualites","10":"tag-campagne-municipale","11":"tag-eu","12":"tag-europe","13":"tag-fr","14":"tag-france","15":"tag-grand-est","16":"tag-municipales-2026","17":"tag-news","18":"tag-politique","19":"tag-renaissance","20":"tag-republique-francaise","21":"tag-strasbourg"},"share_on_mastodon":{"url":"https:\/\/pubeurope.com\/@fr\/114751695116796984","error":""},"_links":{"self":[{"href":"https:\/\/www.europesays.com\/fr\/wp-json\/wp\/v2\/posts\/206720","targetHints":{"allow":["GET"]}}],"collection":[{"href":"https:\/\/www.europesays.com\/fr\/wp-json\/wp\/v2\/posts"}],"about":[{"href":"https:\/\/www.europesays.com\/fr\/wp-json\/wp\/v2\/types\/post"}],"author":[{"embeddable":true,"href":"https:\/\/www.europesays.com\/fr\/wp-json\/wp\/v2\/users\/2"}],"replies":[{"embeddable":true,"href":"https:\/\/www.europesays.com\/fr\/wp-json\/wp\/v2\/comments?post=206720"}],"version-history":[{"count":0,"href":"https:\/\/www.europesays.com\/fr\/wp-json\/wp\/v2\/posts\/206720\/revisions"}],"wp:featuredmedia":[{"embeddable":true,"href":"https:\/\/www.europesays.com\/fr\/wp-json\/wp\/v2\/media\/206721"}],"wp:attachment":[{"href":"https:\/\/www.europesays.com\/fr\/wp-json\/wp\/v2\/media?parent=206720"}],"wp:term":[{"taxonomy":"category","embeddable":true,"href":"https:\/\/www.europesays.com\/fr\/wp-json\/wp\/v2\/categories?post=206720"},{"taxonomy":"post_tag","embeddable":true,"href":"https:\/\/www.europesays.com\/fr\/wp-json\/wp\/v2\/tags?post=206720"}],"curies":[{"name":"wp","href":"https:\/\/api.w.org\/{rel}","templated":true}]}}