{"id":206722,"date":"2025-06-26T21:04:21","date_gmt":"2025-06-26T21:04:21","guid":{"rendered":"https:\/\/www.europesays.com\/fr\/206722\/"},"modified":"2025-06-26T21:04:21","modified_gmt":"2025-06-26T21:04:21","slug":"a-strasbourg-partager-la-culture-a-toutes-et-tous-en-situation-de-handicap-ou-non","status":"publish","type":"post","link":"https:\/\/www.europesays.com\/fr\/206722\/","title":{"rendered":"\u00c0 Strasbourg, \u00ab\u00a0partager la culture \u00e0 toutes et tous, en situation de handicap ou non\u00a0\u00bb"},"content":{"rendered":"<p>\u00c0 l\u2019int\u00e9rieur du plan\u00e9tarium du Jardin des plantes de Strasbourg, un film sur la constellation d\u2019Orion est projet\u00e9 sur un \u00e9cran \u00e0 360\u00a0degr\u00e9s. Face \u00e0 un public tr\u00e8s diversifi\u00e9, le film sous-titr\u00e9 et en audiodescription, marque l\u2019ouverture du festival Entendez-Voir. <strong>\u00ab\u00a0Je n\u2019avais jamais vu de film avec de l\u2019audiodescription. C\u2019est super important que tout le monde puisse profiter \u00e0 son niveau avec des films comme \u00e7a\u00a0\u00bb,<\/strong> affirme Jad, 10\u00a0ans, des \u00e9toiles plein les yeux en sortant de la s\u00e9ance.<\/p>\n<p>\u00c0 vis\u00e9e inclusive pour toutes les personnes en situation de handicap, <a href=\"https:\/\/entendez-voir.fr\/\" target=\"_blank\" rel=\"nofollow noopener\">le festival \u00ab\u00a0Entendez-voir\u00a0\u00bb<\/a> se d\u00e9roule du 24 au 29\u00a0juin avec pr\u00e8s de 80\u00a0activit\u00e9s diff\u00e9rentes. Les arts visuels sont \u00e0 l\u2019honneur cette ann\u00e9e avec la bande dessin\u00e9e, les illustrations et l\u2019animation.<\/p>\n<p>\u00ab\u00a0Partager la culture \u00e0 toutes et tous, en situation de handicap ou non\u00a0\u00bb<\/p>\n<p>Co-fondateur du festival et pr\u00e9sident de l\u2019association organisatrice Vue (d\u2019)ensemble, Yves Wansi rappelle la gen\u00e8se du projet lors de la premi\u00e8re \u00e9dition de 2019\u00a0: <strong>\u00ab\u00a0Nous voulions cr\u00e9er un projet pour faire partager la culture \u00e0 toutes et tous, personnes en situation de handicap ou non.\u00a0\u00bb<\/strong><\/p>\n<p>Juste derri\u00e8re lui, Michel, 65\u00a0ans, tient la main de son petit-fils. Il participe chaque ann\u00e9e aux animations.<strong> \u00ab\u00a0Il y a beaucoup de culture \u00e0 Strasbourg, entre les mus\u00e9es, les festivals ou encore l\u2019architecture. Cependant, les personnes en situation de handicap ne se sentent pas impliqu\u00e9s car l\u2019inclusivit\u00e9 manque. \u00ab\u00a0Entendez-voir\u00a0\u00bb r\u00e9pond vraiment bien \u00e0 cette probl\u00e9matique\u00a0\u00bb,<\/strong> analyse-t-il.<\/p>\n<p>Un d\u00e9fil\u00e9 de mode en langues des signes et audiod\u00e9crit<\/p>\n<p>Enjou\u00e9 par le d\u00e9but des festivit\u00e9s et les diff\u00e9rents retours, le co-fondateur du festival veut aller plus loin\u00a0: <strong>\u00ab\u00a0Lors de la premi\u00e8re \u00e9dition, nous voulions faire sortir les personnes handicap\u00e9es de la maison. Ensuite, on a voulu leur donner la possibilit\u00e9 d\u2019\u00eatre spectateur. Maintenant que cela est acquis dans le festival, nous voulons les voir sur le devant de la sc\u00e8ne\u00a0!\u00a0\u00bb.<\/strong><\/p>\n<p>C\u2019est pourquoi l\u2019association Vue (d\u2019)ensemble organise un d\u00e9fil\u00e9 de mode inclusif avec des mannequins professionnels internationaux en situation de handicap, le samedi 28\u00a0juin au soir, sur la place Kl\u00e9ber. <strong>\u00ab\u00a0\u00c0 ma connaissance, c\u2019est la premi\u00e8re fois qu\u2019un d\u00e9fil\u00e9 inclusif est organis\u00e9 de cette fa\u00e7on\u00a0\u00bb,<\/strong> r\u00e9sume bri\u00e8vement Benjamin Kling, le programmateur du festival. <strong>\u00ab\u00a0Maintenant il n\u2019y a plus qu\u2019\u00e0 croiser les doigts pour la m\u00e9t\u00e9o\u2026\u00a0\u00bb,<\/strong> sourit-il en regardant vers le toit du plan\u00e9tarium.<\/p>\n<p>Une goutte d\u2019eau dans la lutte pour l\u2019inclusivit\u00e9<\/p>\n<p>Assis dans son fauteuil roulant, Ademo discute en langue des signes avec des enfants. Le militant aux dreadlocks grisonnantes salue l\u2019organisation du festival mais alerte sur un recul global de l\u2019inclusivit\u00e9\u00a0:<strong> \u00ab\u00a0Cela fait 33\u00a0ans que je me bats, et j\u2019ai vraiment l\u2019impression que les personnes en situation de handicap sont de moins en moins accueillies dans le milieu de la culture. Mais c\u2019est pareil dans le sport et dans de nombreux secteurs de la soci\u00e9t\u00e9. On ne nous laisse pas prendre notre place.\u00a0\u00bb<\/strong><\/p>\n<p>Cette ann\u00e9e, les organisateurs du festival Entendez-voir esp\u00e8rent atteindre les 2000 spectateurs pendant les six jours de festivit\u00e9s. Pour plus d\u2019informations, rendez-vous <a href=\"https:\/\/festival.entendez-voir.fr\/\" target=\"_blank\" rel=\"nofollow noopener\">sur le site du festival\u00a0: festival.entendez-voir.fr<\/a><\/p>\n<p>\u00a0<\/p>\n","protected":false},"excerpt":{"rendered":"\u00c0 l\u2019int\u00e9rieur du plan\u00e9tarium du Jardin des plantes de Strasbourg, un film sur la constellation d\u2019Orion est projet\u00e9&hellip;\n","protected":false},"author":2,"featured_media":206723,"comment_status":"","ping_status":"","sticky":false,"template":"","format":"standard","meta":{"footnotes":""},"categories":[2820],"tags":[1111,11,251,1777,674,1011,27,775,1943,12,2828,20958,25,3728,1447,640],"class_list":{"0":"post-206722","1":"post","2":"type-post","3":"status-publish","4":"format-standard","5":"has-post-thumbnail","7":"category-strasbourg","8":"tag-actu","9":"tag-actualites","10":"tag-culture","11":"tag-eu","12":"tag-europe","13":"tag-fr","14":"tag-france","15":"tag-grand-est","16":"tag-handicap","17":"tag-news","18":"tag-non","19":"tag-partager","20":"tag-republique-francaise","21":"tag-saint-malo","22":"tag-situation","23":"tag-strasbourg"},"share_on_mastodon":{"url":"https:\/\/pubeurope.com\/@fr\/114751698583509135","error":""},"_links":{"self":[{"href":"https:\/\/www.europesays.com\/fr\/wp-json\/wp\/v2\/posts\/206722","targetHints":{"allow":["GET"]}}],"collection":[{"href":"https:\/\/www.europesays.com\/fr\/wp-json\/wp\/v2\/posts"}],"about":[{"href":"https:\/\/www.europesays.com\/fr\/wp-json\/wp\/v2\/types\/post"}],"author":[{"embeddable":true,"href":"https:\/\/www.europesays.com\/fr\/wp-json\/wp\/v2\/users\/2"}],"replies":[{"embeddable":true,"href":"https:\/\/www.europesays.com\/fr\/wp-json\/wp\/v2\/comments?post=206722"}],"version-history":[{"count":0,"href":"https:\/\/www.europesays.com\/fr\/wp-json\/wp\/v2\/posts\/206722\/revisions"}],"wp:featuredmedia":[{"embeddable":true,"href":"https:\/\/www.europesays.com\/fr\/wp-json\/wp\/v2\/media\/206723"}],"wp:attachment":[{"href":"https:\/\/www.europesays.com\/fr\/wp-json\/wp\/v2\/media?parent=206722"}],"wp:term":[{"taxonomy":"category","embeddable":true,"href":"https:\/\/www.europesays.com\/fr\/wp-json\/wp\/v2\/categories?post=206722"},{"taxonomy":"post_tag","embeddable":true,"href":"https:\/\/www.europesays.com\/fr\/wp-json\/wp\/v2\/tags?post=206722"}],"curies":[{"name":"wp","href":"https:\/\/api.w.org\/{rel}","templated":true}]}}