{"id":206740,"date":"2025-06-26T21:14:18","date_gmt":"2025-06-26T21:14:18","guid":{"rendered":"https:\/\/www.europesays.com\/fr\/206740\/"},"modified":"2025-06-26T21:14:18","modified_gmt":"2025-06-26T21:14:18","slug":"lille-la-pietonnisation-de-la-grandplace-cest-pour-bientot-quelle-option-preferez-vous","status":"publish","type":"post","link":"https:\/\/www.europesays.com\/fr\/206740\/","title":{"rendered":"Lille. La pi\u00e9tonnisation de la Grand&rsquo;Place, c&rsquo;est pour bient\u00f4t : quelle option pr\u00e9f\u00e9rez vous\u00a0?"},"content":{"rendered":"<p>            Par<br \/>\n        <strong><br \/>\n            <a href=\"https:\/\/actu.fr\/auteur\/hervine-mahaud\" title=\"Consulter tous les articles de Hervine Mahaud\" rel=\"nofollow noopener\" target=\"_blank\">Hervine Mahaud<\/a><br \/>\n        <\/strong><\/p>\n<p>        Publi\u00e9 le<\/p>\n<p>            26 juin 2025 \u00e0 17h36        <\/p>\n<p>\u00ab\u00a0C\u2019est le sens de l\u2019histoire\u00a0\u00bb. Apr\u00e8s un processus \u00ab\u00a0engag\u00e9 depuis plusieurs ann\u00e9es\u00a0\u00bb pour r\u00e9duire la place de la <b>voiture<\/b> en ville, avec notamment la <a href=\"https:\/\/actu.fr\/hauts-de-france\/lille_59350\/a-lille-le-retour-de-la-pietonnisation-du-centre-ville-samedi-des-le-mois-de-mai_41665139.html\" rel=\"nofollow noopener\" target=\"_blank\">pi\u00e9tonnisation chaque samedi<\/a>, un nouveau cap va \u00eatre franchi prochainement. <b>Arnaud Deslandes, maire de Lille<\/b>, vient d\u2019annoncer la <b>pi\u00e9tonnisation p\u00e9renne de la Grand\u2019Place<\/b> \u00ab\u00a0pour les f\u00eates de fin d\u2019ann\u00e9e, au plus tard d\u00e9but 2026\u00a0\u00bb. Cependant, une p\u00e9riode de <b>concertation<\/b> de 3 mois est lanc\u00e9e, \u00e0 partir du vendredi 27 juin 2025, pour que chacun puisse donner son avis, notamment sur les <b>deux sc\u00e9narios propos\u00e9s<\/b>.<\/p>\n<p>Pi\u00e9tonnisation de la Grand\u2019Place ou pi\u00e9tonnisation \u00e9largie : quelle option sera choisie ?<\/p>\n<p class=\" wall-content\">Arnaud Deslandes l\u2019avait annonc\u00e9 lors sa nomination en tant que maire : <b>pi\u00e9tonniser la Grand\u2019Place \u00e9tait l\u2019un de ses souhaits<\/b>. \u00ab\u00a0C\u2019est quand m\u00eame plus agr\u00e9able, que l\u2019on soit en famille ou entre amis, de pouvoir marcher sur la Grand\u2019Place sans se soucier de la pr\u00e9sence des voitures.\u00a0\u00bb<\/p>\n<p class=\" wall-content\">Trois mois plus tard, il passe des paroles aux actes, mais \u00ab\u00a0sans brutalit\u00e9. Il faut <b>prendre le temps de la concertation<\/b>\u00ab\u00a0, assure l\u2019\u00e9dile. Les citoyens, qu\u2019ils soient Lillois, m\u00e9tropolitains ou de passage, auront ainsi leur mot \u00e0 dire. Jusqu\u2019au 26 septembre, <a href=\"https:\/\/participez.lille.fr\/\" rel=\"nofollow noopener\" target=\"_blank\">un questionnaire en ligne sur le site participez.lille.fr<\/a> permettra de s\u2019exprimer sur le sujet, et surtout de choisir entre les deux sc\u00e9narios propos\u00e9s :<\/p>\n<ul class=\" wall-content\">\n<li><b>Sc\u00e9nario 1<\/b>\u00a0: pi\u00e9tonnisation de la Grand\u2019Place uniquement, entre la rue Faidherbe et la rue Nationale. Le parking de la Grand\u2019Place resterait accessible.<\/li>\n<li><b>Sc\u00e9nario 2<\/b>\u00a0: pi\u00e9tonnisation \u00e9largie \u00e0 une partie de la rue Pierre Mauroy et de la rue Esquermoise.<\/li>\n<\/ul>\n<p>    <img   decoding=\"async\" loading=\"lazy\" class=\"size-large\" src=\"https:\/\/www.europesays.com\/fr\/wp-content\/uploads\/2025\/06\/c5afaf275d586b9afaf275d587dafav-960x640.jpg\" alt=\"pietonnisation grand place ville de lille 1\" width=\"960\" height=\"640\"\/><br \/>\n    La premi\u00e8re option pr\u00e9voit une pi\u00e9tonnisation de la Grand\u2019Place uniquement, entre la rue Faidherbe et la rue Nationale. \u00a9Hervine MahaudVid\u00e9os : en ce moment sur Actu<br \/>\n    <img   decoding=\"async\" loading=\"lazy\" class=\"size-large\" src=\"https:\/\/www.europesays.com\/fr\/wp-content\/uploads\/2025\/06\/eafeaf275d586befeaf275d58820fav-960x640.jpg\" alt=\"pietonnisation grand place ville de lille 1\" width=\"960\" height=\"640\"\/><br \/>\n    La deuxi\u00e8me option serait une pi\u00e9tonnisation \u00e9largie \u00e0 une partie de la rue Pierre Mauroy et de la rue Esquermoise. \u00a9Hervine Mahaud<\/p>\n<p class=\" wall-content\">Pour recueillir le plus d\u2019avis possibles, des <b>\u00e9changes r\u00e9guliers<\/b> sont pr\u00e9vus. Une premi\u00e8re r\u00e9union avec les <b>commer\u00e7ants<\/b> est organis\u00e9e d\u00e8s le matin du 27 juin. \u00ab\u00a0On parlera des modalit\u00e9s techniques et logistiques comme les livraisons ou la collecte des d\u00e9chets.\u00a0\u00bb Des <b>\u00ab\u00a0balades urbaines\u00a0\u00bb avec les riverains<\/b> sont aussi programm\u00e9es. La premi\u00e8re aura lieu le lundi 7 juillet \u00e0 18h30 au pied de la D\u00e9esse.<\/p>\n<p class=\" wall-content\">\u00c0 la fin des 3 mois de concertation, toutes les r\u00e9ponses seront \u00e9tudi\u00e9es et <b>le sc\u00e9nario ayant re\u00e7u le plus d\u2019avis favorables sera retenu<\/b>. La pi\u00e9tonnisation sera ensuite mise en place \u00ab\u00a0id\u00e9alement au moment des festivit\u00e9s de fin d\u2019ann\u00e9e, vers la fin du mois de novembre\u00a0\u00bb. Mais en cas d\u2019une \u00ab\u00a0lev\u00e9e de boucliers g\u00e9n\u00e9ralis\u00e9e, on saurait l\u2019entendre\u00a0\u00bb, confie le maire qui esp\u00e8re naturellement ne pas \u00eatre confront\u00e9 \u00e0 ce troisi\u00e8me sc\u00e9nario.<\/p>\n<p>\u00ab\u00a0Nous ne chassons pas la voiture\u00a0\u00bb<\/p>\n<p class=\" wall-content\"><a href=\"https:\/\/actu.fr\/hauts-de-france\/lille_59350\/lille-la-pietonnisation-continuera-le-samedi-jusqu-a-la-fin-de-l-annee-et-sera-etendue-aux-dimanche_37026997.html\" rel=\"nofollow noopener\" target=\"_blank\">D\u00e9j\u00e0 exp\u00e9riment\u00e9e chaque samedi<\/a>, cette pi\u00e9tonnisation de la Grand\u2019Place n\u2019est pas sans soulever des interrogations, et des inqui\u00e9tudes. Car chaque jour, <b>4000 v\u00e9hicules y transitent<\/b>, selon le d\u00e9compte de la Ville. Le maire de Lille tente de rassurer : \u00ab\u00a0nous ne chassons pas la voiture. <b>Les parkings resteront accessibles<\/b>\u00ab\u00a0. Celui de la Grand\u2019Place notamment, mais seule l\u2019entr\u00e9e au niveau de la rue Nationale sera conserv\u00e9e. Celle situ\u00e9e en plein sur la place du G\u00e9n\u00e9ral de Gaulle sera ferm\u00e9e.<\/p>\n<p class=\" wall-content\">Dans les rues aux alentours, en fonction du sc\u00e9nario choisi, \u00ab\u00a0les stationnements existants resteront accessibles. On installera des <b>potelets r\u00e9tractables<\/b>, comme <a href=\"https:\/\/actu.fr\/hauts-de-france\/lille_59350\/dans-le-vieux-lille-la-rue-de-la-clef-devient-definitivement-pietonne-voici-pourquoi_60957735.html\" rel=\"nofollow noopener\" target=\"_blank\">on l\u2019a fait dans d\u2019autres rues pi\u00e9tonnes<\/a>. Ces rues restent accessibles quand il y a des livraisons, des d\u00e9m\u00e9nagements\u2026\u00a0\u00bb<\/p>\n<p class=\" wall-content\">Concernant le passage des cyclistes, qui doivent d\u00e9j\u00e0 poser pied \u00e0 terre lors de la pi\u00e9tonnisation du samedi, des discussions auront lieu. \u00ab\u00a0On travaille avec des associations d\u2019usagers comme l\u2019ADAV. On veut assurer un cheminement cyclable.\u00a0\u00bb<\/p>\n<p class=\" wall-content\">Une fois lib\u00e9r\u00e9e de la voiture, que faire de cet espace ? Pour l\u2019instant, rien. \u00ab\u00a0Avant de transformer la Grand\u2019Place, il faut voir les usages au del\u00e0 du samedi, o\u00f9 c\u2019est un usage de destination.\u00a0\u00bb<\/p>\n<p class=\" wall-content\">Suivez toute l\u2019actualit\u00e9 de vos villes et m\u00e9dias favoris en vous inscrivant \u00e0 <a href=\"https:\/\/moncompte.actu.fr\" title=\"D\u00e9couvez Mon Actu\" rel=\"nofollow noopener\" data-trk=\"{&quot;cta&quot;:{&quot;action&quot;:&quot;https:\\\/\\\/moncompte.actu.fr&quot;,&quot;category&quot;:&quot;mon compte&quot;,&quot;from&quot;:&quot;article footer&quot;,&quot;name&quot;:&quot;Mon actu&quot;,&quot;type&quot;:&quot;cta&quot;}}\" target=\"_blank\">Mon Actu<\/a>.<\/p>\n","protected":false},"excerpt":{"rendered":"Par Hervine Mahaud Publi\u00e9 le 26 juin 2025 \u00e0 17h36 \u00ab\u00a0C\u2019est le sens de l\u2019histoire\u00a0\u00bb. Apr\u00e8s un processus&hellip;\n","protected":false},"author":2,"featured_media":206741,"comment_status":"","ping_status":"","sticky":false,"template":"","format":"standard","meta":{"footnotes":""},"categories":[2815],"tags":[1111,11,3542,1777,674,1011,27,811,1307,12,25,104],"class_list":{"0":"post-206740","1":"post","2":"type-post","3":"status-publish","4":"format-standard","5":"has-post-thumbnail","7":"category-lille","8":"tag-actu","9":"tag-actualites","10":"tag-circulation","11":"tag-eu","12":"tag-europe","13":"tag-fr","14":"tag-france","15":"tag-hauts-de-france","16":"tag-lille","17":"tag-news","18":"tag-republique-francaise","19":"tag-societe"},"share_on_mastodon":{"url":"https:\/\/pubeurope.com\/@fr\/114751738050982112","error":""},"_links":{"self":[{"href":"https:\/\/www.europesays.com\/fr\/wp-json\/wp\/v2\/posts\/206740","targetHints":{"allow":["GET"]}}],"collection":[{"href":"https:\/\/www.europesays.com\/fr\/wp-json\/wp\/v2\/posts"}],"about":[{"href":"https:\/\/www.europesays.com\/fr\/wp-json\/wp\/v2\/types\/post"}],"author":[{"embeddable":true,"href":"https:\/\/www.europesays.com\/fr\/wp-json\/wp\/v2\/users\/2"}],"replies":[{"embeddable":true,"href":"https:\/\/www.europesays.com\/fr\/wp-json\/wp\/v2\/comments?post=206740"}],"version-history":[{"count":0,"href":"https:\/\/www.europesays.com\/fr\/wp-json\/wp\/v2\/posts\/206740\/revisions"}],"wp:featuredmedia":[{"embeddable":true,"href":"https:\/\/www.europesays.com\/fr\/wp-json\/wp\/v2\/media\/206741"}],"wp:attachment":[{"href":"https:\/\/www.europesays.com\/fr\/wp-json\/wp\/v2\/media?parent=206740"}],"wp:term":[{"taxonomy":"category","embeddable":true,"href":"https:\/\/www.europesays.com\/fr\/wp-json\/wp\/v2\/categories?post=206740"},{"taxonomy":"post_tag","embeddable":true,"href":"https:\/\/www.europesays.com\/fr\/wp-json\/wp\/v2\/tags?post=206740"}],"curies":[{"name":"wp","href":"https:\/\/api.w.org\/{rel}","templated":true}]}}