{"id":206742,"date":"2025-06-26T21:15:20","date_gmt":"2025-06-26T21:15:20","guid":{"rendered":"https:\/\/www.europesays.com\/fr\/206742\/"},"modified":"2025-06-26T21:15:20","modified_gmt":"2025-06-26T21:15:20","slug":"la-chef-de-lantenne-de-loffice-anti-stups-de-marseille-et-son-adjoint-mis-en-examen","status":"publish","type":"post","link":"https:\/\/www.europesays.com\/fr\/206742\/","title":{"rendered":"la chef de l&rsquo;antenne de l&rsquo;Office anti-stups de Marseille et son adjoint mis en examen"},"content":{"rendered":"<p class=\"rev-margin-0 rev-text-xs-normal\">Apr\u00e8s deux enqu\u00eateurs et un officier, c&rsquo;est au tour des commissaires \u00e0 la t\u00eate de l&rsquo;antenne Ofast de Marseille d&rsquo;\u00eatre inqui\u00e9t\u00e9s par la justice dans le cadre de l&rsquo;affaire \u00ab\u00a0Trident\u00a0\u00bb.<\/p>\n<p class=\"rev-margin-0 rev-text-xs-bold\">Illustration Florent BONNEFOI<\/p>\n<p>Sixi\u00e8me mise en examen dans le dossier \u00ab\u00a0Trident\u00a0\u00bb, cette affaire de livraison surveill\u00e9e de plusieurs centaines de kilos de coca\u00efne \u00e0 Marseille, qui devait permettre \u00e0 l&rsquo;Office antistup\u00e9fiants de ferrer une figure majeure du narcotrafic, au printemps 2023, mais avait vir\u00e9 au fiasco. Apr\u00e8s l&rsquo;incarc\u00e9ration de deux indics <a href=\"https:\/\/www.laprovence.com\/article\/faits-divers-justice\/1279883571916215\/deux-policiers-marseillais-de-l-office-antistupefiants-places-en-garde-a-vue\" target=\"_blank\" rel=\"noopener\">et de deux policiers du groupe d&rsquo;enqu\u00eate<\/a> en charge du dossier, puis la mise en examen du chef de groupe, un capitaine de police, plac\u00e9 sous contr\u00f4le judiciaire le moins dernier, c&rsquo;est au tour des deux chefs de l&rsquo;antenne Ofast de Marseille d&rsquo;\u00eatre inqui\u00e9t\u00e9s par la justice.<\/p>\n<p>Des anomalies signal\u00e9es en janvier 2024<\/p>\n<p>La patronne du service, une commissaire divisionnaire, ainsi que son adjoint, ont \u00e9t\u00e9 convoqu\u00e9s \u00e0 Paris le matin du 23 juin 2025 par l&rsquo;IGPN<a href=\"https:\/\/www.laprovence.com\/article\/faits-divers-justice\/6117251840484614\/deux-commissaires-de-l-ofast-entendus-en-garde-a-vue-apres-le-fiasco-d-une-operation-antidrogue-a-marseille\" target=\"_blank\" rel=\"noopener\"> en vue de leur audition en garde \u00e0 vue<\/a>. En janvier 2024, ils avaient eux-m\u00eames signal\u00e9 des anomalies dans le cadre du dossier Trident \u00e0 leur hi\u00e9rarchie, entra\u00eenant l&rsquo;ouverture d&rsquo;une enqu\u00eate par le parquet de Marseille, finalement d\u00e9pays\u00e9e \u00e0 Paris et reprise par la Juridiction nationale de lutte contre la criminalit\u00e9 organis\u00e9e (Junalco).<\/p>\n<p>D\u00e9f\u00e9r\u00e9e devant les magistrats instructeurs de la Junalco, la responsable de l&rsquo;antenne Ofast, qui conteste toute infraction p\u00e9nale, a finalement \u00e9t\u00e9 remise en libert\u00e9 mercredi soir, mais plac\u00e9e sous contr\u00f4le judiciaire apr\u00e8s avoir \u00e9t\u00e9 mise en examen pour \u00ab\u00a0faux en \u00e9criture publique par personne d\u00e9positaire de l&rsquo;autorit\u00e9 publique\u00a0\u00bb et \u00ab\u00a0atteinte \u00e0 l&rsquo;intimit\u00e9 de la vie priv\u00e9e par fixation, enregistrement ou transmission de l&rsquo;image et des paroles d&rsquo;une personne\u00a0\u00bb, selon les informations <a href=\"https:\/\/www.leparisien.fr\/faits-divers\/scandale-a-loffice-anti-stups-de-marseille-deux-commissaires-de-police-presentes-a-la-justice-26-06-2025-GBXVPJJI2NFGRFIJPI7CDP3FOU.php\" target=\"_blank\" rel=\"noopener\">de nos confr\u00e8res du Parisien<\/a>, confirm\u00e9es de sources proches du dossier.<\/p>\n<p>\u00ab\u00a0Apr\u00e8s deux jours de garde \u00e0 vue, ma cliente cheffe de l&rsquo;Ofast Marseille n&rsquo;est ni mise en examen pour corruption, ni mise en examen pour trafic de coca\u00efne, ni mise en examen pour importation de stup\u00e9fiants en bande organis\u00e9e. Sa garde \u00e0 vue a permis de lever les doutes sur l&rsquo;absence de connaissance &#8211; et donc de validation &#8211; hi\u00e9rarchique du d\u00e9roulement r\u00e9el du dossier Trident, a pr\u00e9cis\u00e9 l&rsquo;avocat de la commissaire Me Louis Cailliez, \u00e0 nos confr\u00e8res du Parisien. Tel est \u00e9galement le cas de certaines pratiques de ses effectifs, combattues et d\u00e9nonc\u00e9es par elle, et pour lesquelles elle a pourtant \u00e9t\u00e9 mise en examen. Elle conteste vigoureusement toute infraction p\u00e9nale de sa part et d\u00e9fendra son honneur et sa probit\u00e9 en d\u00e9pit des tentatives d&rsquo;instrumentalisation de ce dossier.\u00a0\u00bb<\/p>\n<p>Apr\u00e8s une troisi\u00e8me nuit de garde \u00e0 vue, son adjoint, commissaire \u00e9galement, a \u00e9t\u00e9 d\u00e9f\u00e9r\u00e9 devant les juges d&rsquo;instruction ce jeudi matin, en vue d&rsquo;une vraisemblable mise en examen \u00e9galement.\u00a0<\/p>\n","protected":false},"excerpt":{"rendered":"Apr\u00e8s deux enqu\u00eateurs et un officier, c&rsquo;est au tour des commissaires \u00e0 la t\u00eate de l&rsquo;antenne Ofast de&hellip;\n","protected":false},"author":2,"featured_media":206743,"comment_status":"","ping_status":"","sticky":false,"template":"","format":"standard","meta":{"footnotes":""},"categories":[2814],"tags":[17,1111,11,34567,7818,1777,674,274,1011,27,34566,5012,884,12,1476,882,25,34565],"class_list":{"0":"post-206742","1":"post","2":"type-post","3":"status-publish","4":"format-standard","5":"has-post-thumbnail","7":"category-marseille","8":"tag-17","9":"tag-actu","10":"tag-actualites","11":"tag-anti-stups","12":"tag-chef","13":"tag-eu","14":"tag-europe","15":"tag-faits-divers-justice","16":"tag-fr","17":"tag-france","18":"tag-lantenne","19":"tag-loffice","20":"tag-marseille","21":"tag-news","22":"tag-operation","23":"tag-provence-alpes-cote-dazur","24":"tag-republique-francaise","25":"tag-trident"},"share_on_mastodon":{"url":"https:\/\/pubeurope.com\/@fr\/114751741929324035","error":""},"_links":{"self":[{"href":"https:\/\/www.europesays.com\/fr\/wp-json\/wp\/v2\/posts\/206742","targetHints":{"allow":["GET"]}}],"collection":[{"href":"https:\/\/www.europesays.com\/fr\/wp-json\/wp\/v2\/posts"}],"about":[{"href":"https:\/\/www.europesays.com\/fr\/wp-json\/wp\/v2\/types\/post"}],"author":[{"embeddable":true,"href":"https:\/\/www.europesays.com\/fr\/wp-json\/wp\/v2\/users\/2"}],"replies":[{"embeddable":true,"href":"https:\/\/www.europesays.com\/fr\/wp-json\/wp\/v2\/comments?post=206742"}],"version-history":[{"count":0,"href":"https:\/\/www.europesays.com\/fr\/wp-json\/wp\/v2\/posts\/206742\/revisions"}],"wp:featuredmedia":[{"embeddable":true,"href":"https:\/\/www.europesays.com\/fr\/wp-json\/wp\/v2\/media\/206743"}],"wp:attachment":[{"href":"https:\/\/www.europesays.com\/fr\/wp-json\/wp\/v2\/media?parent=206742"}],"wp:term":[{"taxonomy":"category","embeddable":true,"href":"https:\/\/www.europesays.com\/fr\/wp-json\/wp\/v2\/categories?post=206742"},{"taxonomy":"post_tag","embeddable":true,"href":"https:\/\/www.europesays.com\/fr\/wp-json\/wp\/v2\/tags?post=206742"}],"curies":[{"name":"wp","href":"https:\/\/api.w.org\/{rel}","templated":true}]}}