{"id":206748,"date":"2025-06-26T21:18:28","date_gmt":"2025-06-26T21:18:28","guid":{"rendered":"https:\/\/www.europesays.com\/fr\/206748\/"},"modified":"2025-06-26T21:18:28","modified_gmt":"2025-06-26T21:18:28","slug":"lyon-9e-la-residence-sakharov-rehabilitee-apres-deux-ans-de-travaux","status":"publish","type":"post","link":"https:\/\/www.europesays.com\/fr\/206748\/","title":{"rendered":"Lyon 9e. La r\u00e9sidence Sakharov r\u00e9habilit\u00e9e apr\u00e8s deux ans de travaux"},"content":{"rendered":"<p><img loading=\"lazy\" decoding=\"async\" alt=\"\u00a9 Tony Fonteneau - La barre Sakharov, \u00e0 la Duch\u00e8re, r\u00e9nov\u00e9e apr\u00e8s deux ans de travaux.\" data-zoom-src=\"https:\/\/www.europesays.com\/fr\/wp-content\/uploads\/2025\/06\/initial-travaux-renovation-barre-sakharov-lyon-la-duchere-credit-tony-fonteneau.jpg\" data-zoomable=\"\" height=\"702\" src=\"https:\/\/www.europesays.com\/fr\/wp-content\/uploads\/2025\/06\/initial-travaux-renovation-barre-sakharov-lyon-la-duchere-credit-tony-fonteneau.jpg\" width=\"1248\"\/>  <\/p>\n<p class=\"article-desc\">\u00a9 Tony Fonteneau &#8211; La barre Sakharov, \u00e0 la Duch\u00e8re, r\u00e9nov\u00e9e apr\u00e8s deux ans de travaux. <\/p>\n<p>Termin\u00e9 la <strong>barre Sakharov,<\/strong> place d\u00e9sormais \u00e0 la <strong>r\u00e9sidence Sakharov.<\/strong> C&rsquo;est en tout cas ce qu&rsquo;a annonc\u00e9 <strong>Gr\u00e9gory Doucet, maire de Lyon<\/strong>, pr\u00e9sent mercredi 25 juin pour pr\u00e9senter la <strong>r\u00e9habilitation <\/strong>de l&rsquo;un des embl\u00e8mes de l&rsquo;architecture du <strong>quartier de la Duch\u00e8re, dans le 9e arrondissement de Lyon.<\/strong> <\/p>\n<p>Ce chantier d&rsquo;un peu plus de <strong>deux ans <\/strong>aura, il est vrai, permis \u00e0 ce grand ensemble de <strong>18 \u00e9tages<\/strong>, typique des ann\u00e9es 60, de retrouver un peu de modernit\u00e9. Aux manettes, la <strong>SACVL<\/strong>, qui s&rsquo;est d&rsquo;abord attach\u00e9e \u00e0 revoir l&rsquo;enveloppe du b\u00e2timent, avec comme objectif d&rsquo;atteindre le <strong>label BBC R\u00e9novation<\/strong>. <\/p>\n<p>R\u00e9sidence Sakharov \u00e0 Lyon : une r\u00e9novation thermique d&rsquo;ampleur <\/p>\n<p>\u00ab\u00a0Pour \u00e7a, nous avons proc\u00e9d\u00e9 \u00e0 l&rsquo;isolation des combles et du sous-sol ainsi qu&rsquo;\u00e0 l&rsquo;isolation ext\u00e9rieure de trois fa\u00e7ades de la r\u00e9sidence [la fa\u00e7ade ouest n&rsquo;a pas \u00e9t\u00e9 r\u00e9isol\u00e9e pour ne pas diminuer la largeur du balcon, NDLR] en laine de bois sur les deux premiers niveaux et en laine de roche sur les niveaux sup\u00e9rieurs, pour des questions de s\u00e9curit\u00e9 incendie, indique Fr\u00e9d\u00e9ric Durand, directeur d\u00e9veloppement et ma\u00eetrise d&rsquo;ouvrage \u00e0 la SACVL. Les baies vitr\u00e9es des s\u00e9jours ont \u00e9t\u00e9 chang\u00e9es. Et les enduits ont tous \u00e9t\u00e9 refaits.\u00a0\u00bb <\/p>\n<p>De quoi donner une nouvelle jeunesse \u00e0 la barre Sakharov, d\u00e9sormais orn\u00e9e sur ses trois premiers niveaux de <strong>pierre de Villebois<\/strong>. \u00ab\u00a0Utiliser pour cette r\u00e9habilitation, la pierre de Villebois embl\u00e9matique du Vieux Lyon, c&rsquo;est un vrai symbole\u00a0\u00bb, a d&rsquo;ailleurs rappel\u00e9 <strong>Rapha\u00ebl Michaud, pr\u00e9sident de la SACVL.<\/strong><\/p>\n<blockquote class=\"twitter-tweet\" data-uniformized=\"true\">\n<p dir=\"ltr\" lang=\"fr\"><a href=\"https:\/\/twitter.com\/hashtag\/R%C3%A9habilitation?src=hash&amp;ref_src=twsrc%5Etfw\" target=\"_blank\" rel=\"noopener\">#R\u00e9habilitation<\/a> <\/p>\n<p>Aux c\u00f4t\u00e9s du pr\u00e9sident de la m\u00e9tropole <a href=\"https:\/\/twitter.com\/grandlyon?ref_src=twsrc%5Etfw\" target=\"_blank\" rel=\"noopener\">@grandlyon<\/a> et du maire de <a href=\"https:\/\/twitter.com\/villedelyon?ref_src=twsrc%5Etfw\" target=\"_blank\" rel=\"noopener\">@villedelyon<\/a> , le pr\u00e9fet d\u00e9l\u00e9gu\u00e9 F.ROSAY participait \u00e0 l\u2019ach\u00e8vement des travaux de r\u00e9habilitation de la r\u00e9sidence Sakharov dans le quartier de la Duch\u00e8re \u00e0 <a href=\"https:\/\/twitter.com\/hashtag\/Lyon9?src=hash&amp;ref_src=twsrc%5Etfw\" target=\"_blank\" rel=\"noopener\">#Lyon9<\/a>. <\/p>\n<p>Quartier embl\u00e9matique de la\u2026 <a href=\"https:\/\/t.co\/aCokQ99PBf\">pic.twitter.com\/aCokQ99PBf<\/a><\/p>\n<p> \u2014 Pr\u00e9f\u00e8te de r\u00e9gion Auvergne-Rh\u00f4ne-Alpes et du Rh\u00f4ne (@prefetrhone) <a href=\"https:\/\/twitter.com\/prefetrhone\/status\/1937896516397510812?ref_src=twsrc%5Etfw\" target=\"_blank\" rel=\"noopener\">June 25, 2025<\/a><\/p><\/blockquote>\n<p>Autre \u00e9l\u00e9ment marquant de cette r\u00e9habilitation, le passage en eau chaude collective sur le <strong>r\u00e9seau de chaleur urbain<\/strong>. \u00ab\u00a0Gr\u00e2ce \u00e0 \u00e7a, les locataires de la r\u00e9sidence Sakharov font faire pr\u00e8s de 30 % d&rsquo;\u00e9conomie, explique Gr\u00e9gory Doucet. Cette op\u00e9ration concentre vraiment nos ambitions en mati\u00e8re d&rsquo;am\u00e9nagement. Elle va permettre d&rsquo;apporter le meilleur pour le logement social.\u00a0\u00bb <\/p>\n<p> 13 nouveaux logements cr\u00e9\u00e9s dans la galerie du rez-de-chauss\u00e9e de la barre Sakharov \u00e0 la Duch\u00e8re <\/p>\n<p>Cette r\u00e9habilitation a \u00e9galement permis la cr\u00e9ation d&rsquo;un hall d&rsquo;entr\u00e9e, de locaux v\u00e9los s\u00e9curis\u00e9s mais aussi l&rsquo;am\u00e9nagement de la galerie du rez-de-chauss\u00e9e, devenue au fil des ann\u00e9es un point de deal. \u00ab\u00a0On a pu la transformer pour cr\u00e9er 13 nouveaux logements ou en agrandir certains.\u00a0\u00bb <\/p>\n<p>C\u00f4t\u00e9 espaces ext\u00e9rieurs, la SACVL a mis\u00e9 sur une restructuration du parking ouest avec plusieurs objectifs en t\u00eate : cr\u00e9er de vrais cheminements pi\u00e9tons s\u00e9curis\u00e9s, \u00e9loigner les v\u00e9hicules des b\u00e2timents ou encore <strong>d\u00e9simperm\u00e9abiliser le sol<\/strong> en multipliant par deux la pleine terre.<\/p>\n<p>Une op\u00e9ration, pilot\u00e9e par un groupement men\u00e9 par GCC et chiffr\u00e9e \u00e0 <strong>21 millions d&rsquo;euros<\/strong>, financ\u00e9e en tr\u00e8s grande partie par la SACVL, sur fonds propres et via un pr\u00eat de la <strong>Caisse des d\u00e9p\u00f4ts.<\/strong> <\/p>\n<p>La M\u00e9tropole de Lyon a particip\u00e9 \u00e0 hauteur de 1,19 million d&rsquo;euros via son <a href=\"https:\/\/mesinfos.fr\/69000-lyon\/ecorenov-15-millions-d-euros-contre-les-passoires-thermiques-a-lyon-189757.html\" rel=\"noopener\" target=\"_blank\">dispositif EcoR\u00e9nov&rsquo;<\/a> et l&rsquo;Etat a financ\u00e9 1,23 million d&rsquo;euros au titre du Plan de relance. <\/p>\n<p>Bruno Bernard inquiet pour les bailleurs sociaux <\/p>\n<p>Egalement pr\u00e9sent pour la pr\u00e9sentation de la barre Sakharov version 2.0, <strong>Bruno Bernard<\/strong> a profit\u00e9 de ce moment pour lancer une petite pique \u00e0 l&rsquo;Etat. <\/p>\n<p>\u00ab\u00a0Quand on voit les fonds propres que la SACVL sur ce projet, quand on conna\u00eet les difficult\u00e9s de nos organismes HLM depuis 2018, quand on sait qu&rsquo;aucune politique nationale n&rsquo;est propos\u00e9e depuis longtemps, on peut se demander si nos bailleurs sociaux pourront continuer \u00e0 investir de cette fa\u00e7on, a indiqu\u00e9 le <strong>pr\u00e9sident de la M\u00e9tropole de Lyon<\/strong>. Donc, si on veut continuer \u00e0 r\u00e9aliser des op\u00e9rations comme celle-ci, qui va permettre \u00e0 332 foyers de mieux vivre, il faudra faire preuve de solidarit\u00e9.\u00a0\u00bb<\/p>\n<p><script async src=\"https:\/\/platform.twitter.com\/widgets.js\" charset=\"utf-8\"><\/script><\/p>\n","protected":false},"excerpt":{"rendered":"\u00a9 Tony Fonteneau &#8211; La barre Sakharov, \u00e0 la Duch\u00e8re, r\u00e9nov\u00e9e apr\u00e8s deux ans de travaux. Termin\u00e9 la&hellip;\n","protected":false},"author":2,"featured_media":206749,"comment_status":"","ping_status":"","sticky":false,"template":"","format":"standard","meta":{"footnotes":""},"categories":[1889],"tags":[1111,11,2430,1777,674,1011,27,4250,34568,16354,2428,12,25,3291],"class_list":{"0":"post-206748","1":"post","2":"type-post","3":"status-publish","4":"format-standard","5":"has-post-thumbnail","7":"category-lyon","8":"tag-actu","9":"tag-actualites","10":"tag-auvergne-rhone-alpes","11":"tag-eu","12":"tag-europe","13":"tag-fr","14":"tag-france","15":"tag-habitat","16":"tag-la-duchu00e8re","17":"tag-logement-social","18":"tag-lyon","19":"tag-news","20":"tag-republique-francaise","21":"tag-ville-de-lyon"},"share_on_mastodon":{"url":"https:\/\/pubeurope.com\/@fr\/114751753734333058","error":""},"_links":{"self":[{"href":"https:\/\/www.europesays.com\/fr\/wp-json\/wp\/v2\/posts\/206748","targetHints":{"allow":["GET"]}}],"collection":[{"href":"https:\/\/www.europesays.com\/fr\/wp-json\/wp\/v2\/posts"}],"about":[{"href":"https:\/\/www.europesays.com\/fr\/wp-json\/wp\/v2\/types\/post"}],"author":[{"embeddable":true,"href":"https:\/\/www.europesays.com\/fr\/wp-json\/wp\/v2\/users\/2"}],"replies":[{"embeddable":true,"href":"https:\/\/www.europesays.com\/fr\/wp-json\/wp\/v2\/comments?post=206748"}],"version-history":[{"count":0,"href":"https:\/\/www.europesays.com\/fr\/wp-json\/wp\/v2\/posts\/206748\/revisions"}],"wp:featuredmedia":[{"embeddable":true,"href":"https:\/\/www.europesays.com\/fr\/wp-json\/wp\/v2\/media\/206749"}],"wp:attachment":[{"href":"https:\/\/www.europesays.com\/fr\/wp-json\/wp\/v2\/media?parent=206748"}],"wp:term":[{"taxonomy":"category","embeddable":true,"href":"https:\/\/www.europesays.com\/fr\/wp-json\/wp\/v2\/categories?post=206748"},{"taxonomy":"post_tag","embeddable":true,"href":"https:\/\/www.europesays.com\/fr\/wp-json\/wp\/v2\/tags?post=206748"}],"curies":[{"name":"wp","href":"https:\/\/api.w.org\/{rel}","templated":true}]}}