{"id":206760,"date":"2025-06-26T21:24:20","date_gmt":"2025-06-26T21:24:20","guid":{"rendered":"https:\/\/www.europesays.com\/fr\/206760\/"},"modified":"2025-06-26T21:24:20","modified_gmt":"2025-06-26T21:24:20","slug":"a-paris-la-mode-reprend-des-couleurs-avec-issey-miyake-sean-suen-bluemarble-amiri","status":"publish","type":"post","link":"https:\/\/www.europesays.com\/fr\/206760\/","title":{"rendered":"A Paris, la mode reprend des couleurs avec Issey Miyake, Sean Suen, Bluemarble, Amiri"},"content":{"rendered":"<p class=\"article-content col-md-8 offset-md-1\">\n                                Au troisi\u00e8me jour des d\u00e9fil\u00e9s parisiens pour le printemps-\u00e9t\u00e9 2026 se fait sentir un fr\u00e9missement sur les podiums masculins. En d\u00e9pit de la crise ambiante portant les cr\u00e9ateurs \u00e0 se focaliser sur un vestiaire plut\u00f4t sobre, la couleur pointe son nez s&rsquo;insinuant avec vigueur dans de nombreuses collections fort r\u00e9jouissantes, par touches vives ou en mode plus frais et printanier. C\u2019\u00e9tait le cas jeudi dans la plupart des d\u00e9fil\u00e9s. En particulier chez <a class=\"fnwAddLinks\" href=\"https:\/\/fr.fashionnetwork.com\/tags-issey-miyake\" title=\"Issey Miyake\" target=\"_blank\" rel=\"noopener\">Issey Miyake<\/a>, <a class=\"fnwAddLinks\" href=\"https:\/\/fr.fashionnetwork.com\/tags-sean-suen\" title=\"Sean Suen\" target=\"_blank\" rel=\"noopener\">Sean Suen<\/a>, Bluemarble, <a class=\"fnwAddLinks\" href=\"https:\/\/fr.fashionnetwork.com\/tags-amiri\" title=\"Amiri\" target=\"_blank\" rel=\"noopener\">Amiri<\/a>.<\/p>\n<p><a class=\"btn btn-dark\" target=\"_blank\" href=\"https:\/\/fr.fashionnetwork.com\/galeries\/photos\/Im-Men,72229.html\" rel=\"noopener\">Voir le d\u00e9fil\u00e9<\/a><img decoding=\"async\" class=\"news-image\" style=\"width:100%;max-width:645px;\" src=\"https:\/\/www.europesays.com\/fr\/wp-content\/uploads\/2025\/06\/457c.jpg\" alt=\"IM Men Issey Miyake, printemps-\u00e9t\u00e9 2026\" loading=\"lazy\"\/>IM Men Issey Miyake, printemps-\u00e9t\u00e9 2026 &#8211; \u00a9Launchmetrics\/spotlight<\/p>\n<p class=\"col-md-8 offset-md-1 article-content--texte\">\u00a0<br \/>Issey Miyake c\u00e9l\u00e8bre technicit\u00e9 textile et artisanat avec sa ligne IM Men. Pour d\u00e9voiler sa nouvelle collection intitul\u00e9e \u00ab\u00a0Dancing texture\u00a0\u00bb, la marque japonaise investit le tr\u00e8s bel espace de la Fondation Cartier, dont le centre d&rsquo;art contemporain va s\u2019installer \u00e0 une nouvelle adresse. Le lieu au volume imposant lui permet de suspendre au centre de la sc\u00e8ne de longs pans de tissus au paysage abstrait autour duquel s&rsquo;exhibent des danseurs en tenue de samoura\u00ef.<br \/>\u00a0<br \/>L\u2019accent est mis sur les jeux chromatiques et de textures \u00e0 travers toutes sortes de techniques inventives et innovantes. Pour le printemps-\u00e9t\u00e9 2026, le trio aux commandes du style, compos\u00e9 de Yuki Itakura, Sen Kawahara et Nobutaka Kobayashi, s\u2019est inspir\u00e9 du travail du c\u00e9ramiste japonais Shoji Kamoda.<\/p>\n<p class=\"col-md-8 offset-md-1 article-content--texte\">Il reprend ainsi les motifs arrondis de l\u2019artiste, comme des \u00e9cailles animales, pour les d\u00e9ployer sur costumes, tuniques, vestes kimono et de grands trenchs drap\u00e9s dans une palette joyeuse. Ailleurs, le trio joue sur le contraste d\u2019un vermillon mat et d\u2019ondulations blanches, rep\u00e9r\u00e9 dans des jarres color\u00e9es, ou s\u2019inspire des c\u00e9ramiques \u00e9maill\u00e9es \u00e0 base de cendres v\u00e9g\u00e9tales. Les textiles prennent du relief, que ce soit dans les ensembles en denim gris d\u00e9lav\u00e9, dans des leggings et tricots en maille ondul\u00e9e ou dans ces pantalons sarouel en satin vert.<br \/>\u00a0<br \/>Les combinaisons de couleurs sont, comme toujours, tr\u00e8s attrayantes. La griffe n\u2019a pas son pareil pour m\u00e9langer des teintes vives et pastel entre elles. A l\u2019instar de cet imper vert gazon, enfil\u00e9 sur une veste rouge vif et un pantalon en maille bleu \u00e9lectrique ou ce costume en coton mauve superpos\u00e9 \u00e0 une chemise col Mao lime.<\/p>\n<p><a class=\"btn btn-dark\" target=\"_blank\" href=\"https:\/\/fr.fashionnetwork.com\/galeries\/photos\/Sean-Suen,72240.html\" rel=\"noopener\">Voir le d\u00e9fil\u00e9<\/a><img decoding=\"async\" class=\"news-image\" style=\"width:100%;max-width:645px;\" src=\"https:\/\/www.europesays.com\/fr\/wp-content\/uploads\/2025\/06\/b967.jpg\" alt=\"Sean Suen, printemps-\u00e9t\u00e9 2026\" loading=\"lazy\"\/>Sean Suen, printemps-\u00e9t\u00e9 2026 &#8211; \u00a9Launchmetrics\/spotlight<\/p>\n<p class=\"col-md-8 offset-md-1 article-content--texte\">Le m\u00eame jeu chromatique vient dynamiser par moment la garde-robe \u00e0 la palette neutre de Sean Suen, via de s\u00e9duisantes superpositions. Comme ces petits pulls r\u00e9tr\u00e9cis jaune d\u2019or ou vert olive enserrant de longues chemises bleu ciel ou poudre, sur d\u2019amples pantalons ou bermudas. Ou encore cet imperm\u00e9able rose p\u00e2le port\u00e9 sur un fin pull-over \u00e0 large encolure bleu glace sur une chemise vert sauge.<br \/>\u00a0<br \/>Le cr\u00e9ateur chinois imagine pour l\u2019\u00e9t\u00e9 prochain un apr\u00e8s-midi entre songe et torpeur. Un \u00e9tudiant s\u2019affaisse doucement entre les livres sur sa table d\u2019\u00e9tudes dans une biblioth\u00e8que. En l\u2019occurrence la biblioth\u00e8que de droit de Cujas, r\u00e9quisitionn\u00e9e pour le d\u00e9fil\u00e9. Son esprit divague, ses r\u00eaveries prenant forme \u00e0 travers des silhouettes, o\u00f9 les styles, \u00e9poques et mati\u00e8res fusionnent. Comme l\u2019illustrent par exemple ces pagnes drap\u00e9s, semblant sortis de l&rsquo;Antiquit\u00e9, enfil\u00e9s sur des bermudas, relev\u00e9s ou non.<br \/>\u00a0<br \/>Les classiques costumes en laine fra\u00eeche ou en cuir us\u00e9 sont bouscul\u00e9s par des d\u00e9tails inattendus comme cette attache du pantalon, qui s\u2019accroche \u00e0 la veste, ou ces accessoires surr\u00e9alistes, tels ces cols de chemise \u00e0 longues pointes avec en guise de boutons des pi\u00e8ces de monnaies anciennes, qui viennent s\u2019apposer aussi sur des d\u00e9bardeurs \u00e0 hauteur des t\u00e9tons, ces longues \u00e9charpes en forme de manches tombant jusqu\u2019au sol ou encore ce n\u0153ud appos\u00e9 dans le haut de mi-bas tr\u00e8s Louis XIV.<\/p>\n<p><a class=\"btn btn-dark\" target=\"_blank\" href=\"https:\/\/fr.fashionnetwork.com\/galeries\/photos\/Bluemarble,72245.html\" rel=\"noopener\">Voir le d\u00e9fil\u00e9<\/a><img decoding=\"async\" class=\"news-image\" style=\"width:100%;max-width:645px;\" src=\"https:\/\/www.europesays.com\/fr\/wp-content\/uploads\/2025\/06\/ab59.jpg\" alt=\"Bluemarble, printemps-\u00e9t\u00e9 2026\" loading=\"lazy\"\/>Bluemarble, printemps-\u00e9t\u00e9 2026 &#8211; \u00a9Launchmetrics\/spotlight<\/p>\n<p class=\"col-md-8 offset-md-1 article-content--texte\">\u00a0<br \/>Les couleurs explosent chez Bluemarble entre des chandails rouges, o\u00f9 s\u2019affiche en jacquard un tigre rugissant, des pantalons jaune p\u00e9tant, de maxi manteaux verts laissant entrevoir leur doublure camouflage. Ou encore des tuniques caftans couvertes de pins, parfois d\u00e9clin\u00e9es en orange.<br \/>\u00a0<br \/>Cette saison Anthony Alvarez remonte le temps, replongeant dans son enfance pass\u00e9e \u00e0 Toulon au pied du Mont Faron, qu\u2019il rejoignait en t\u00e9l\u00e9ph\u00e9rique. Ces images s\u2019impriment comme autant de souvenirs sur diff\u00e9rents jeans avec le ciel azur, les cimes enneig\u00e9es et les c\u00e2bles en acier, tandis que les mannequins traversent le podium plong\u00e9 dans la brume foulant un tapis de feuilles et d\u2019\u00e9corces.<br \/>\u00a0<br \/>Le vestiaire du jeune designer semble s\u2019assagir, recentr\u00e9 sur les essentiels street de la marque entre denim lav\u00e9 et d\u00e9chir\u00e9, hoodies, chandails, vestes et blousons, toujours rehauss\u00e9s bien s\u00fbr de broderies et d\u00e9tails scintillants, comme ces mosa\u00efques de paillettes multicolores sur les t-shirts blancs, ces volutes et edelweiss en strass qui grimpent le long des pantalons ou traversent les chemises en gros bouquets, tandis que des petits clous m\u00e9talliques d\u00e9corent discr\u00e8tement des chemises de b\u00fbcherons \u00e0 carreaux. Toujours dans le m\u00eame registre montagnard, des cordes d\u2019escalade redessinent le bord des poches dans les pantalons.<br \/>\u00a0<br class=\"clear\"\/><\/p>\n<p><a class=\"btn btn-dark\" target=\"_blank\" href=\"https:\/\/fr.fashionnetwork.com\/galeries\/photos\/Amiri,72251.html\" rel=\"noopener\">Voir le d\u00e9fil\u00e9<\/a><img decoding=\"async\" class=\"news-image\" style=\"width:100%;max-width:645px;\" src=\"https:\/\/www.europesays.com\/fr\/wp-content\/uploads\/2025\/06\/604e.jpg\" alt=\"Amiri, printemps-\u00e9t\u00e9 2026\" loading=\"lazy\"\/>Amiri, printemps-\u00e9t\u00e9 2026 &#8211; \u00a9Launchmetrics\/spotlight<\/p>\n<p class=\"col-md-8 offset-md-1 article-content--texte\">Changement de d\u00e9cor chez Amiri, qui s\u2019invite dans un jardin \u00e0 la fran\u00e7aise avec ses fontaines, ses graviers et ses treillis tapiss\u00e9s de roses. Un air printanier se fait sentir via une v\u00e9g\u00e9tation luxuriante et une flop\u00e9e d\u2019oiseaux, qui traversent la collection. Les branches de cerisiers en fleurs se ramifient en broderies ou imprim\u00e9s sur l\u2019\u00e9paule d\u2019une veste, dans le dos d\u2019un blouson ou dans un cardigan rebrod\u00e9 dans un fil \u00e9tincelant. Un blouson Teddy tapisserie regorge de fleurs.<br \/>\u00a0<br \/>Les dandys de la maison am\u00e9ricaine sont toujours aussi chics avec leur cl\u00e9 de palace \u00e0 pampille dor\u00e9e accroch\u00e9e \u00e0 la ceinture ou \u00e0 la boutonni\u00e8re et leurs lunettes de soleil Seventies. L\u2019encolure du gilet s&rsquo;abaisse et s&rsquo;\u00e9chancre largement. Les vestes s\u2019allongent et se dotent de revers importants. Les pi\u00e8ces en cuir sont si souples qu\u2019on les confond avec du satin\u00a0luisant.<br \/>\u00a0<br \/>Les mannequins paradent avec une classe folle dans leurs costumes trois pi\u00e8ces en l\u00e9ger lainage, \u00e0 fines rayures ou Princes de Galles, ou en velours, qui tombent \u00e0 la perfection avec la juste fluidit\u00e9, leurs vestons richement brod\u00e9s \u00e0 large revers en satin, leurs ensembles pyjamas associ\u00e9s \u00e0 de somptueuses robes de chambre\u00a0 en soie, leurs polos scintillants. Entre la veste saharienne munie de sa poche \u00e0 cigare et le mod\u00e8le en dentelle, ils ne savent que choisir.\n                            <\/p>\n<p>\n                                Tous droits de reproduction et de repr\u00e9sentation r\u00e9serv\u00e9s.<br \/>\u00a9 2025 FashionNetwork.com\n                            <\/p>\n","protected":false},"excerpt":{"rendered":"Au troisi\u00e8me jour des d\u00e9fil\u00e9s parisiens pour le printemps-\u00e9t\u00e9 2026 se fait sentir un fr\u00e9missement sur les podiums&hellip;\n","protected":false},"author":2,"featured_media":206761,"comment_status":"","ping_status":"","sticky":false,"template":"","format":"standard","meta":{"footnotes":""},"categories":[1888],"tags":[11,30833,2424,537,2423,1777,674,1011,27,34569,2425,985,12,2298,626,2426,2427,25,2421,34570,2422],"class_list":{"0":"post-206760","1":"post","2":"type-post","3":"status-publish","4":"format-standard","5":"has-post-thumbnail","7":"category-paris","8":"tag-actualites","9":"tag-amiri","10":"tag-beaute","11":"tag-contact","12":"tag-cosmetiques","13":"tag-eu","14":"tag-europe","15":"tag-fr","16":"tag-france","17":"tag-issey-miyake","18":"tag-luxe","19":"tag-mode","20":"tag-news","21":"tag-parfum","22":"tag-paris","23":"tag-professionnel","24":"tag-professionnels","25":"tag-republique-francaise","26":"tag-reseau","27":"tag-sean-suen","28":"tag-textile"},"share_on_mastodon":{"url":"https:\/\/pubeurope.com\/@fr\/114751777465754347","error":""},"_links":{"self":[{"href":"https:\/\/www.europesays.com\/fr\/wp-json\/wp\/v2\/posts\/206760","targetHints":{"allow":["GET"]}}],"collection":[{"href":"https:\/\/www.europesays.com\/fr\/wp-json\/wp\/v2\/posts"}],"about":[{"href":"https:\/\/www.europesays.com\/fr\/wp-json\/wp\/v2\/types\/post"}],"author":[{"embeddable":true,"href":"https:\/\/www.europesays.com\/fr\/wp-json\/wp\/v2\/users\/2"}],"replies":[{"embeddable":true,"href":"https:\/\/www.europesays.com\/fr\/wp-json\/wp\/v2\/comments?post=206760"}],"version-history":[{"count":0,"href":"https:\/\/www.europesays.com\/fr\/wp-json\/wp\/v2\/posts\/206760\/revisions"}],"wp:featuredmedia":[{"embeddable":true,"href":"https:\/\/www.europesays.com\/fr\/wp-json\/wp\/v2\/media\/206761"}],"wp:attachment":[{"href":"https:\/\/www.europesays.com\/fr\/wp-json\/wp\/v2\/media?parent=206760"}],"wp:term":[{"taxonomy":"category","embeddable":true,"href":"https:\/\/www.europesays.com\/fr\/wp-json\/wp\/v2\/categories?post=206760"},{"taxonomy":"post_tag","embeddable":true,"href":"https:\/\/www.europesays.com\/fr\/wp-json\/wp\/v2\/tags?post=206760"}],"curies":[{"name":"wp","href":"https:\/\/api.w.org\/{rel}","templated":true}]}}