{"id":206770,"date":"2025-06-26T21:29:17","date_gmt":"2025-06-26T21:29:17","guid":{"rendered":"https:\/\/www.europesays.com\/fr\/206770\/"},"modified":"2025-06-26T21:29:17","modified_gmt":"2025-06-26T21:29:17","slug":"en-allemagne-le-gouvernement-merz-depense-a-tout-va","status":"publish","type":"post","link":"https:\/\/www.europesays.com\/fr\/206770\/","title":{"rendered":"en Allemagne, le gouvernement Merz d\u00e9pense \u00e0 tout va"},"content":{"rendered":"\n<p>\u201cC\u2019est un budget aux chiffres \u00e9normes qu\u2019a pr\u00e9sent\u00e9 mardi \u00e0 Berlin le ministre des finances social-d\u00e9mocrate Lars Klingbeil\u201d, <a class=\"ithalc\" data-ithal=\"lien_externe\" data-ithalc=\"[nav_article]\" target=\"_blank\" href=\"https:\/\/www.faz.net\/aktuell\/wirtschaft\/rekordhaushalt-wer-kriegt-wie-viel-geld-110555670.html\" rel=\"nofollow noopener\">annonce la<strong> Frankfurter Allgemeine Zeitung<\/strong><\/a><strong>. <\/strong>Le gouvernement allemand des conservateurs chr\u00e9tiens et des sociaux-d\u00e9mocrates pr\u00e9voit de contracter 846,9\u00a0milliards d\u2019euros de dettes suppl\u00e9mentaires d\u2019ici \u00e0 2029 pour financer son programme. Une d\u00e9cision<strong> <\/strong>d\u2019une \u201campleur historique\u201d,<strong> <\/strong>selon le journal conservateur, dont le si\u00e8ge est \u00e0 Francfort.<\/p>\n<p>\u201cL\u2019Allemagne est actuellement endett\u00e9e \u00e0 hauteur de 63\u00a0% de son produit int\u00e9rieur brut (PIB), un niveau bien inf\u00e9rieur \u00e0 d\u2019autres pays, dont la dette peut parfois d\u00e9passer les 100\u00a0%\u201d, <a class=\"ithalc\" data-ithal=\"lien_externe\" data-ithalc=\"[nav_article]\" target=\"_blank\" href=\"https:\/\/www.dw.com\/de\/deutsche-schuldenbremse-ad%C3%A9-berlin-macht-rekordschulden\/a-73021982\" rel=\"nofollow noopener\">contextualise la <strong>Deutsche Welle<\/strong><\/a><strong>. <\/strong>Mais des d\u00e9cennies d\u2019aust\u00e9rit\u00e9 ont aussi laiss\u00e9 le pays en piteux \u00e9tat.<strong> <\/strong>\u201cRoutes d\u00e9fonc\u00e9es, ponts qui s\u2019\u00e9croulent, \u00e9coles et universit\u00e9s ouvertes \u00e0 la pluie, trains en retard ou qui tombent en carafe, couverture Internet lacunaire, au d\u00e9bit trop lent \u2013 voil\u00e0 le quotidien des Allemands.\u201d Et le gouvernement affirme vouloir rem\u00e9dier \u00e0 cette situation.<\/p>\n<p>\u201cCes chiffres montrent pour la premi\u00e8re fois noir sur blanc les hauts niveaux d\u2019endettement que permet la r\u00e9forme constitutionnelle adopt\u00e9e dans l\u2019urgence en mars\u201d, <a class=\"ithalc\" data-ithal=\"lien_externe\" data-ithalc=\"[nav_article]\" target=\"_blank\" href=\"https:\/\/www.welt.de\/wirtschaft\/article256293098\/846-9-Milliarden-Euro-neue-Schulden-Der-schwindelerregende-Haushalt-von-Schwarz-Rot.html\" rel=\"nofollow noopener\">explique le quotidien conservateur<strong> Die Welt<\/strong><\/a><strong>. <\/strong>\u00c0 l\u2019\u00e9poque, concernant les d\u00e9penses militaires, le Bundestag avait vot\u00e9 un assouplissement du \u201cfrein \u00e0 l\u2019endettement\u201d, un <\/p>\n","protected":false},"excerpt":{"rendered":"\u201cC\u2019est un budget aux chiffres \u00e9normes qu\u2019a pr\u00e9sent\u00e9 mardi \u00e0 Berlin le ministre des finances social-d\u00e9mocrate Lars Klingbeil\u201d,&hellip;\n","protected":false},"author":2,"featured_media":206771,"comment_status":"","ping_status":"","sticky":false,"template":"","format":"standard","meta":{"footnotes":""},"categories":[1587],"tags":[11,672,1804,1805,7993,1803,1777,674,4710,1801,12,316,2476,1802,2542],"class_list":{"0":"post-206770","1":"post","2":"type-post","3":"status-publish","4":"format-standard","5":"has-post-thumbnail","7":"category-allemagne","8":"tag-actualites","9":"tag-allemagne","10":"tag-bundesrepublik-deutschland","11":"tag-de","12":"tag-dette-publique","13":"tag-deutschland","14":"tag-eu","15":"tag-europe","16":"tag-friedrich-merz","17":"tag-germany","18":"tag-news","19":"tag-politique","20":"tag-politique-de-du00e9fense","21":"tag-republique-federale-dallemagne","22":"tag-u00e9conomie"},"share_on_mastodon":{"url":"https:\/\/pubeurope.com\/@fr\/114751796887950018","error":""},"_links":{"self":[{"href":"https:\/\/www.europesays.com\/fr\/wp-json\/wp\/v2\/posts\/206770","targetHints":{"allow":["GET"]}}],"collection":[{"href":"https:\/\/www.europesays.com\/fr\/wp-json\/wp\/v2\/posts"}],"about":[{"href":"https:\/\/www.europesays.com\/fr\/wp-json\/wp\/v2\/types\/post"}],"author":[{"embeddable":true,"href":"https:\/\/www.europesays.com\/fr\/wp-json\/wp\/v2\/users\/2"}],"replies":[{"embeddable":true,"href":"https:\/\/www.europesays.com\/fr\/wp-json\/wp\/v2\/comments?post=206770"}],"version-history":[{"count":0,"href":"https:\/\/www.europesays.com\/fr\/wp-json\/wp\/v2\/posts\/206770\/revisions"}],"wp:featuredmedia":[{"embeddable":true,"href":"https:\/\/www.europesays.com\/fr\/wp-json\/wp\/v2\/media\/206771"}],"wp:attachment":[{"href":"https:\/\/www.europesays.com\/fr\/wp-json\/wp\/v2\/media?parent=206770"}],"wp:term":[{"taxonomy":"category","embeddable":true,"href":"https:\/\/www.europesays.com\/fr\/wp-json\/wp\/v2\/categories?post=206770"},{"taxonomy":"post_tag","embeddable":true,"href":"https:\/\/www.europesays.com\/fr\/wp-json\/wp\/v2\/tags?post=206770"}],"curies":[{"name":"wp","href":"https:\/\/api.w.org\/{rel}","templated":true}]}}