{"id":206775,"date":"2025-06-26T21:32:10","date_gmt":"2025-06-26T21:32:10","guid":{"rendered":"https:\/\/www.europesays.com\/fr\/206775\/"},"modified":"2025-06-26T21:32:10","modified_gmt":"2025-06-26T21:32:10","slug":"apres-la-guerre-en-iran-trump-et-netanyahou-veulent-pousser-leur-avantage-liberation","status":"publish","type":"post","link":"https:\/\/www.europesays.com\/fr\/206775\/","title":{"rendered":"apr\u00e8s la guerre en Iran, Trump et N\u00e9tanyahou veulent pousser leur avantage \u2013 Lib\u00e9ration"},"content":{"rendered":"<p class=\"sc-ksZaOG ehjQrN text-element\">Apr\u00e8s l\u2019Iran, la bande de Gaza ? Donald Trump, qui se r\u00eave en faiseur de paix, en laur\u00e9at glorieux du plus c\u00e9l\u00e8bre des prix Nobel, avait annonc\u00e9 dans la nuit du lundi 23 juin, par un message sur les r\u00e9seaux sociaux truff\u00e9 de majuscules, <a href=\"https:\/\/www.liberation.fr\/international\/moyen-orient\/entre-israel-et-liran-un-cessez-le-feu-proclame-par-donald-trump-dans-la-confusion-des-derniers-echanges-de-tirs-meurtriers-20250624_AIIK5UO4YVBTTI4UQZSTL7INOA\/\" target=\"_blank\" rel=\"noopener\" title=\"https:\/\/www.liberation.fr\/international\/moyen-orient\/entre-israel-et-liran-un-cessez-le-feu-proclame-par-donald-trump-dans-la-confusion-des-derniers-echanges-de-tirs-meurtriers-20250624_AIIK5UO4YVBTTI4UQZSTL7INOA\/\">un accord de cessez-le-feu mettant fin \u00e0 la \u00abguerre de douze jours\u00bb entre T\u00e9h\u00e9ran et Isra\u00ebl<\/a>. Le voil\u00e0 d\u00e9sormais qui se tourne \u00e0 nouveau vers Gaza, avec un optimisme d\u00e9bordant que la persistance des frappes isra\u00e9liennes sur l\u2019enclave palestinienne, <a href=\"https:\/\/www.liberation.fr\/checknews\/comment-israel-a-transforme-laide-alimentaire-en-enfer-pour-les-gazaouis-20250614_OXD5G6J7LZBBNODAVZ4QBAMUSE\/\" target=\"_blank\" rel=\"noopener\" title=\"https:\/\/www.liberation.fr\/checknews\/comment-israel-a-transforme-laide-alimentaire-en-enfer-pour-les-gazaouis-20250614_OXD5G6J7LZBBNODAVZ4QBAMUSE\/\">notamment aux abords des sites de distribution alimentaire<\/a>, ne suffit pas \u00e0 entamer.<\/p>\n","protected":false},"excerpt":{"rendered":"Apr\u00e8s l\u2019Iran, la bande de Gaza ? Donald Trump, qui se r\u00eave en faiseur de paix, en laur\u00e9at&hellip;\n","protected":false},"author":2,"featured_media":206776,"comment_status":"","ping_status":"","sticky":false,"template":"","format":"standard","meta":{"footnotes":""},"categories":[2],"tags":[11,75,73,1011,27,3517,3522,3019,31951,664,3523,12,25],"class_list":{"0":"post-206775","1":"post","2":"type-post","3":"status-publish","4":"format-standard","5":"has-post-thumbnail","7":"category-actualites","8":"tag-actualites","9":"tag-donald-trump","10":"tag-etats-unis","11":"tag-fr","12":"tag-france","13":"tag-gaza-l-escalade","14":"tag-guerre-hamas-israel","15":"tag-iran","16":"tag-iran-israel-guerre","17":"tag-israel","18":"tag-israel-palestine-conflit","19":"tag-news","20":"tag-republique-francaise"},"share_on_mastodon":{"url":"https:\/\/pubeurope.com\/@fr\/114751808779882295","error":""},"_links":{"self":[{"href":"https:\/\/www.europesays.com\/fr\/wp-json\/wp\/v2\/posts\/206775","targetHints":{"allow":["GET"]}}],"collection":[{"href":"https:\/\/www.europesays.com\/fr\/wp-json\/wp\/v2\/posts"}],"about":[{"href":"https:\/\/www.europesays.com\/fr\/wp-json\/wp\/v2\/types\/post"}],"author":[{"embeddable":true,"href":"https:\/\/www.europesays.com\/fr\/wp-json\/wp\/v2\/users\/2"}],"replies":[{"embeddable":true,"href":"https:\/\/www.europesays.com\/fr\/wp-json\/wp\/v2\/comments?post=206775"}],"version-history":[{"count":0,"href":"https:\/\/www.europesays.com\/fr\/wp-json\/wp\/v2\/posts\/206775\/revisions"}],"wp:featuredmedia":[{"embeddable":true,"href":"https:\/\/www.europesays.com\/fr\/wp-json\/wp\/v2\/media\/206776"}],"wp:attachment":[{"href":"https:\/\/www.europesays.com\/fr\/wp-json\/wp\/v2\/media?parent=206775"}],"wp:term":[{"taxonomy":"category","embeddable":true,"href":"https:\/\/www.europesays.com\/fr\/wp-json\/wp\/v2\/categories?post=206775"},{"taxonomy":"post_tag","embeddable":true,"href":"https:\/\/www.europesays.com\/fr\/wp-json\/wp\/v2\/tags?post=206775"}],"curies":[{"name":"wp","href":"https:\/\/api.w.org\/{rel}","templated":true}]}}