{"id":206777,"date":"2025-06-26T21:33:11","date_gmt":"2025-06-26T21:33:11","guid":{"rendered":"https:\/\/www.europesays.com\/fr\/206777\/"},"modified":"2025-06-26T21:33:11","modified_gmt":"2025-06-26T21:33:11","slug":"teheran-vise-un-accord-avec-les-etats-unis-pour-enrayer-la-contestation","status":"publish","type":"post","link":"https:\/\/www.europesays.com\/fr\/206777\/","title":{"rendered":"T\u00e9h\u00e9ran vise un accord avec les \u00c9tats-Unis pour enrayer la contestation"},"content":{"rendered":"<p><strong>D\u00c9CRYPTAGE <\/strong>&#8211; Le pr\u00e9sident, Massoud Pezeshkian, a indiqu\u00e9 la disponibilit\u00e9 de l\u2019Iran pour n\u00e9gocier ses diff\u00e9rends, alors que Donald Trump annonce des n\u00e9gociations la semaine prochaine.<\/p>\n<p class=\"fig-paragraph\">D\u00e9fait militairement, mais soulag\u00e9 d\u2019avoir surv\u00e9cu \u00e0 la guerre, le\u00a0<a href=\"http:\/\/www.lefigaro.fr\/international\/les-dirigeants-ne-voulaient-pas-couper-les-ponts-avec-trump-l-iran-prefere-ceder-aux-etats-unis-plutot-que-d-etre-defait-par-israel-20250624\" data-fig-type=\"Article\" data-gtm-custom-categorie=\"navigation\" data-gtm-custom-action=\"crossclick\" data-gtm-custom-label=\"Contextuel\" data-gtm-event=\"customEventSPE\" data-fig-domain=\"LEFIGARO\" target=\"_blank\" rel=\"noopener\">pouvoir iranien<\/a>, malgr\u00e9 les rodomontades d\u2019usage, semble dispos\u00e9 \u00e0 reparler avec les \u00c9tats-Unis. Mardi, le pr\u00e9sident de la R\u00e9publique,\u00a0<a href=\"http:\/\/www.lefigaro.fr\/international\/iran-le-reformateur-massoud-pezeshkian-cree-la-surprise-20240707\" target=\"_blank\" data-fig-type=\"Article\" rel=\"noopener\" data-gtm-custom-categorie=\"navigation\" data-gtm-custom-action=\"crossclick\" data-gtm-custom-label=\"Contextuel\" data-gtm-event=\"customEventSPE\" data-fig-domain=\"LEFIGARO\">Massoud Pezeshkian<\/a>, a d\u00e9clar\u00e9 que son pays \u00e9tait \u00ab\u00a0pr\u00eat \u00e0 r\u00e9soudre les diff\u00e9rends (\u2026) \u00e0 la table des n\u00e9gociations\u00a0\u00bb. Le lendemain, Donald Trump a annonc\u00e9 une reprise la semaine prochaine des discussions avec T\u00e9h\u00e9ran sur son programme nucl\u00e9aire, s\u00e9v\u00e8rement endommag\u00e9 par douze jours de bombardements, mais pas compl\u00e8tement d\u00e9truit.<\/p>\n<p class=\"fig-paragraph\">\u00ab\u00a0J\u2019ai fortement le sentiment que l\u2019Iran est pr\u00eat\u00a0\u00bb, a indiqu\u00e9 son \u00e9missaire\u00a0<a href=\"http:\/\/www.lefigaro.fr\/international\/du-moyen-orient-a-l-ukraine-steve-witkoff-l-emissaire-de-donald-trump-sur-tous-les-fronts-20250312\" target=\"_blank\" data-fig-type=\"Article\" rel=\"noopener\" data-gtm-custom-categorie=\"navigation\" data-gtm-custom-action=\"crossclick\" data-gtm-custom-label=\"Contextuel\" data-gtm-event=\"customEventSPE\" data-fig-domain=\"LEFIGARO\">Steve Witkoff<\/a>, qui n\u00e9gociait avec le ministre iranien des Affaires \u00e9trang\u00e8res, Abbas Araghchi, avant la\u00a0<a href=\"http:\/\/www.lefigaro.fr\/international\/dossier\/frappes-d-israel-sur-l-iran-notre-dossier-pour-tout-comprendre\" target=\"_blank\" data-fig-type=\"Topic\" rel=\"noopener\" data-gtm-custom-categorie=\"navigation\" data-gtm-custom-action=\"crossclick\" data-gtm-custom-label=\"Contextuel\" data-gtm-event=\"customEventSPE\" data-fig-domain=\"LEFIGARO\">guerre d\u00e9clench\u00e9e par Isra\u00ebl<\/a>, le 13\u00a0juin. M\u00eame si depuis ces d\u00e9clarations am\u00e9ricaines, aucun responsable iranien n\u2019a confirm\u00e9 la tenue de prochains pourparlers avec Washington, l\u2019Iran n\u2019a probablement pas d\u2019autre choix que de saisir la perche am\u00e9ricaine.<\/p>\n<p class=\"fig-paragraph\">Dans sa premi\u00e8re d\u00e9claration\u2026<\/p>\n<p class=\"fig-premium-paywall__infos\">\n        Cet article est r\u00e9serv\u00e9 aux abonn\u00e9s.        Il vous reste 86% \u00e0 d\u00e9couvrir.\n    <\/p>\n<p>                <img  data- alt=\"Le Figaro\" class=\"fig-img--complete fig-img\"\/><\/p>\n<p class=\"fig-premium-paywall__title\">Vente Flash : derniers jours<\/p>\n<p class=\"fig-premium-paywall__subtitle\">3,99\u20ac par mois pendant 12 mois. Sans engagement.<\/p>\n<p class=\"fig-premium-paywall__connect\">\n                D\u00e9j\u00e0 abonn\u00e9\u00a0?                <a class=\"fig-premium-paywall__connect-link\" href=\"https:\/\/connect.lefigaro.fr\/login?client=horizon_web&amp;type=main&amp;redirect_uri=https%3A%2F%2Fwww.lefigaro.fr%2Finternational%2Fguerre-israel-iran-teheran-vise-un-accord-avec-les-etats-unis-pour-enrayer-la-contestation-20250626\" data-js-gtm=\"{&quot;customCategorie&quot;: &quot;conversion&quot;, &quot;customAction&quot;: &quot;before_Landing_Connexion_paywall_auto&quot;, &quot;customLabel&quot;: &quot;bGVmaWdhcm8uZnJfXzFmMDUyOTgwLTJiZmQtNmNkNC04NzJiLWZmOGYwZjZhZjIzNF9fQXJ0aWNsZQ==_Guerre Isra\u00ebl-Iran\u00a0: T\u00e9h\u00e9ran vise un accord avec les \u00c9tats-Unis pour enrayer la contestation_23&quot;, &quot;customIDSPE&quot;: &quot;bGVmaWdhcm8uZnJfXzFmMDUyOTgwLTJiZmQtNmNkNC04NzJiLWZmOGYwZjZhZjIzNF9fQXJ0aWNsZQ==&quot;, &quot;event&quot;: &quot;customEventSPE&quot;}\" target=\"_blank\" rel=\"noopener\"><br \/>\n                    Connectez-vous<br \/>\n                <\/a>\n            <\/p>\n","protected":false},"excerpt":{"rendered":"D\u00c9CRYPTAGE &#8211; Le pr\u00e9sident, Massoud Pezeshkian, a indiqu\u00e9 la disponibilit\u00e9 de l\u2019Iran pour n\u00e9gocier ses diff\u00e9rends, alors que&hellip;\n","protected":false},"author":2,"featured_media":206778,"comment_status":"","ping_status":"","sticky":false,"template":"","format":"standard","meta":{"footnotes":""},"categories":[2],"tags":[259,11,260,75,1011,27,14,3019,664,261,12,262,25],"class_list":{"0":"post-206777","1":"post","2":"type-post","3":"status-publish","4":"format-standard","5":"has-post-thumbnail","7":"category-actualites","8":"tag-actualite-internationale","9":"tag-actualites","10":"tag-affaires-etrangeres","11":"tag-donald-trump","12":"tag-fr","13":"tag-france","14":"tag-international","15":"tag-iran","16":"tag-israel","17":"tag-ministere-des-affaires-etrangeres","18":"tag-news","19":"tag-politique-etrangere","20":"tag-republique-francaise"},"share_on_mastodon":{"url":"https:\/\/pubeurope.com\/@fr\/114751812618323391","error":""},"_links":{"self":[{"href":"https:\/\/www.europesays.com\/fr\/wp-json\/wp\/v2\/posts\/206777","targetHints":{"allow":["GET"]}}],"collection":[{"href":"https:\/\/www.europesays.com\/fr\/wp-json\/wp\/v2\/posts"}],"about":[{"href":"https:\/\/www.europesays.com\/fr\/wp-json\/wp\/v2\/types\/post"}],"author":[{"embeddable":true,"href":"https:\/\/www.europesays.com\/fr\/wp-json\/wp\/v2\/users\/2"}],"replies":[{"embeddable":true,"href":"https:\/\/www.europesays.com\/fr\/wp-json\/wp\/v2\/comments?post=206777"}],"version-history":[{"count":0,"href":"https:\/\/www.europesays.com\/fr\/wp-json\/wp\/v2\/posts\/206777\/revisions"}],"wp:featuredmedia":[{"embeddable":true,"href":"https:\/\/www.europesays.com\/fr\/wp-json\/wp\/v2\/media\/206778"}],"wp:attachment":[{"href":"https:\/\/www.europesays.com\/fr\/wp-json\/wp\/v2\/media?parent=206777"}],"wp:term":[{"taxonomy":"category","embeddable":true,"href":"https:\/\/www.europesays.com\/fr\/wp-json\/wp\/v2\/categories?post=206777"},{"taxonomy":"post_tag","embeddable":true,"href":"https:\/\/www.europesays.com\/fr\/wp-json\/wp\/v2\/tags?post=206777"}],"curies":[{"name":"wp","href":"https:\/\/api.w.org\/{rel}","templated":true}]}}