{"id":206781,"date":"2025-06-26T21:36:12","date_gmt":"2025-06-26T21:36:12","guid":{"rendered":"https:\/\/www.europesays.com\/fr\/206781\/"},"modified":"2025-06-26T21:36:12","modified_gmt":"2025-06-26T21:36:12","slug":"les-suissesses-sinclinent-en-lettonie-rts-ch","status":"publish","type":"post","link":"https:\/\/www.europesays.com\/fr\/206781\/","title":{"rendered":"Les Suissesses s&rsquo;inclinent en Lettonie &#8211; rts.ch"},"content":{"rendered":"\n<p>En finale de l&rsquo;European Silver League, les volleyeuses suisses ont perdu leurs premiers sets apr\u00e8s avoir remport\u00e9 six matches \u00e0 z\u00e9ro. Elles se sont inclin\u00e9es au match aller \u00e0 Riga contre la Lettonie 3-2 (25-17 21-25 32-30 22-25 15-8).<\/p>\n<p>Le match retour aura lieu dimanche (17h) \u00e0 Sch\u00f6nenwerd. Le vainqueur de cette comp\u00e9tition europ\u00e9enne par nations sera promu en Golden League.<\/p>\n<p>Reste \u00e0 savoir si les Suissesses pourront compter sur le soutien de leur coach Lauren Bertolacci. L&rsquo;Australienne, tout comme la lib\u00e9ro Fabiana Mottis et l&rsquo;attaquante Chiara Ammirati, a d\u00fb renoncer au voyage en Lettonie pour cause de maladie.<\/p>\n<p class=\"sources\">ats\/adav<\/p>\n<p>   Publi\u00e9  \u00e0 21:26   <\/p>\n","protected":false},"excerpt":{"rendered":"En finale de l&rsquo;European Silver League, les volleyeuses suisses ont perdu leurs premiers sets apr\u00e8s avoir remport\u00e9 six&hellip;\n","protected":false},"author":2,"featured_media":206782,"comment_status":"","ping_status":"","sticky":false,"template":"","format":"standard","meta":{"footnotes":""},"categories":[1417],"tags":[5035,3062,14306,1011,27,3100,7776,13787,517,60,27390,21369,1470,1632,1469],"class_list":{"0":"post-206781","1":"post","2":"type-post","3":"status-publish","4":"format-standard","5":"has-post-thumbnail","7":"category-volley","8":"tag-australie","9":"tag-autres-sports","10":"tag-competition-sportive","11":"tag-fr","12":"tag-france","13":"tag-lauren-bertolacci","14":"tag-lettonie","15":"tag-schonenwerd","16":"tag-sport","17":"tag-sports","18":"tag-suisses","19":"tag-vainqueur","20":"tag-volley","21":"tag-volley-ball","22":"tag-volleyball"},"share_on_mastodon":{"url":"https:\/\/pubeurope.com\/@fr\/114751824420042149","error":""},"_links":{"self":[{"href":"https:\/\/www.europesays.com\/fr\/wp-json\/wp\/v2\/posts\/206781","targetHints":{"allow":["GET"]}}],"collection":[{"href":"https:\/\/www.europesays.com\/fr\/wp-json\/wp\/v2\/posts"}],"about":[{"href":"https:\/\/www.europesays.com\/fr\/wp-json\/wp\/v2\/types\/post"}],"author":[{"embeddable":true,"href":"https:\/\/www.europesays.com\/fr\/wp-json\/wp\/v2\/users\/2"}],"replies":[{"embeddable":true,"href":"https:\/\/www.europesays.com\/fr\/wp-json\/wp\/v2\/comments?post=206781"}],"version-history":[{"count":0,"href":"https:\/\/www.europesays.com\/fr\/wp-json\/wp\/v2\/posts\/206781\/revisions"}],"wp:featuredmedia":[{"embeddable":true,"href":"https:\/\/www.europesays.com\/fr\/wp-json\/wp\/v2\/media\/206782"}],"wp:attachment":[{"href":"https:\/\/www.europesays.com\/fr\/wp-json\/wp\/v2\/media?parent=206781"}],"wp:term":[{"taxonomy":"category","embeddable":true,"href":"https:\/\/www.europesays.com\/fr\/wp-json\/wp\/v2\/categories?post=206781"},{"taxonomy":"post_tag","embeddable":true,"href":"https:\/\/www.europesays.com\/fr\/wp-json\/wp\/v2\/tags?post=206781"}],"curies":[{"name":"wp","href":"https:\/\/api.w.org\/{rel}","templated":true}]}}