{"id":206783,"date":"2025-06-26T21:37:11","date_gmt":"2025-06-26T21:37:11","guid":{"rendered":"https:\/\/www.europesays.com\/fr\/206783\/"},"modified":"2025-06-26T21:37:11","modified_gmt":"2025-06-26T21:37:11","slug":"travailler-dur-pour-progresser-et-rattraper-les-equipes-qui-sont-devant-nous-pierre-mignoni-dresse-le-bilan-de-la-saison-2024-2025-du-rct","status":"publish","type":"post","link":"https:\/\/www.europesays.com\/fr\/206783\/","title":{"rendered":"\u00ab\u00a0Travailler dur pour progresser et rattraper les \u00e9quipes qui sont devant nous\u00a0\u00bb: Pierre Mignoni dresse le bilan de la saison 2024-2025 du RCT"},"content":{"rendered":"<p>L\u2019heure du traditionnel bilan de fin de saison a sonn\u00e9! Cinq jours apr\u00e8s la d\u00e9faite face \u00e0 Bordeaux en demi-finale du Top 14, qui actait la fin de saison du Rugby club toulonnais, Pierre Mignoni s\u2019est donc pr\u00e9sent\u00e9 face \u00e0 la presse hier en fin de matin\u00e9e.<\/p>\n<p>Et d\u2019abord, le directeur du rugby du RCT a d\u00e9marr\u00e9 par un bilan chiffr\u00e9 (lire ci-contre), qu\u2019il juge \u00ab\u00a0en progr\u00e8s par rapport aux saisons pr\u00e9c\u00e9dentes.\u00a0\u00bb<\/p>\n<p>\u00ab\u00a0On va regarder la finale \u00e0 la t\u00e9l\u00e9\u00a0\u00bb<\/p>\n<p>\u00ab\u00a0Il y a des choses tr\u00e8s positives, mais on esp\u00e9rait aller plus loin. Quand tu termines troisi\u00e8me en championnat, tu as toujours l\u2019ambition d\u2019aller au bout. Malheureusement, cette ann\u00e9e, ce n\u2019est pas pour nous, et on va regarder la finale \u00e0 la t\u00e9l\u00e9\u2026 Il n\u2019emp\u00eache que le bilan est plut\u00f4t positif.\u00a0\u00bb<\/p>\n<p>Interrog\u00e9 sur ce qui s\u00e9pare aujourd\u2019hui son Toulon de Toulouse et de Bordeaux, \u00ab\u00a0Pierrot\u00a0\u00bb, lucide, a reconnu que les deux finalistes du Top 14 gardaient un r\u00e9el temps d\u2019avance.<\/p>\n<p>\u00ab\u00a0\u00c0 l\u2019image du classement, on est derri\u00e8re ces deux clubs. Alors on les regarde, mais l\u2019important c\u2019est surtout de se regarder nous. Ce qu\u2019on peut am\u00e9liorer dans notre fonctionnement? L\u2019attaque, la d\u00e9fense \u00e9videmment, mais pas uniquement. Je parle \u00e9galement du fonctionnement du club. On voit de la progression \u00e0 Toulon, notamment chez les jeunes. C\u2019est important, \u00e7a veut dire qu\u2019il y a une dynamique qui se met en place. Maintenant il faut la nourrir, l\u2019acc\u00e9l\u00e9rer, et qu\u2019on rattrape notre retard. Mais on est sur la bonne voie pour les ann\u00e9es \u00e0 venir.\u00a0\u00bb<\/p>\n<p>Et pour tenter de rattraper le retard qu\u2019elle accuse sur l\u2019UBB et le Stade toulousain, Pierre Mignoni affirme que son \u00e9quipe devra \u00ab\u00a0passer un cap mental.\u00a0\u00bb<\/p>\n<p>Une progression qui se construira en continuant \u00e0 jouer des matchs couperet comme elle a pu le faire face aux Saracens et Toulouse en Champions Cup, mais \u00e9galement face \u00e0 Castres ou Bordeaux en Top 14.<\/p>\n<p>\u00ab\u00a0\u00c7a montre tout le travail qu\u2019il nous reste \u00e0 faire\u00a0\u00bb<\/p>\n<p>\u00ab\u00a0Il faut jouer plus de matchs comme \u00e7a. Avant cette saison, on ne comptait que la finale de Challenge en 2023 et le barrage face \u00e0 La Rochelle en 2024. On en a donc disput\u00e9 plusieurs cette saison, qui vont augmenter notre exp\u00e9rience commune. Et d\u2019ailleurs, cette fois, on ne s\u2019est pas loup\u00e9 en barrage, \u00e7a marque une progression. Sauf qu\u2019ensuite, on n\u2019a pas r\u00e9pondu pr\u00e9sent en demie. \u00c7a montre tout le travail qu\u2019il nous reste \u00e0 faire.\u00a0\u00bb<\/p>\n<p>\u00ab\u00a0On doit mieux faire\u00a0\u00bb<\/p>\n<p>Fier d\u2019avoir ramen\u00e9 Toulon en demi-finale, mais insatisfait que la saison se soit termin\u00e9e une semaine trop t\u00f4t \u00e0 son go\u00fbt, Pierre Mignoni s\u2019est ensuite tourn\u00e9 vers l\u2019avenir.<\/p>\n<p>\u00ab\u00a0On a toujours envie d\u2019aller plus vite, parce qu\u2019on a gagn\u00e9 seulement un troph\u00e9e depuis trois ans. Mais, nous sommes partis de loin. Cette ann\u00e9e, c\u2019est une bonne performance, mais il ne faut pas s\u2019en satisfaire. Je ne suis pas n\u00e9gatif sur le bilan, mais on peut et on doit mieux faire. On va travailler dur pour continuer \u00e0 progresser et rattraper les \u00e9quipes qui sont devant nous. \u00c7a passera aussi par un recrutement. Mais n\u2019imaginez pas qu\u2019on va aller chercher des joueurs de la plan\u00e8te enti\u00e8re. C\u2019est termin\u00e9 \u00e7a, donc on va construire avec nos moyens, et avec la r\u00e9alit\u00e9 du march\u00e9 actuel. Puis il faut avoir un peu d\u2019humilit\u00e9. 2013-2015 c\u2019est termin\u00e9, donc le club doit se construire diff\u00e9remment. Le mod\u00e8le \u00e9conomique du RCT est en sursis aujourd\u2019hui, il faut donc travailler en profondeur, avec nos jeunes.\u00a0\u00bb<\/p>\n<p>Pas de temps \u00e0 perdre pour Pierre Mignoni qui, \u00e0 peine la saison 2024-2025 termin\u00e9e (et avant m\u00eame de partir quelques jours en vacances), s\u2019est assur\u00e9 que l\u2019exercice 2025-2026 soit (d\u00e9j\u00e0) plac\u00e9 sur les meilleurs rails possible.<\/p>\n<p>Pour lancer son bilan de fin de saison, Pierre Mignoni a d\u2019abord souhait\u00e9 pr\u00e9senter un r\u00e9capitulatif chiffr\u00e9 de l\u2019exercice du RCT en Top 14. Et de d\u00e9marrer par le positif: \u00ab\u00a0On prend sept bonus offensifs, tous \u00e0 domicile, c\u2019est bien mieux que l\u2019an pass\u00e9 [5], et \u00e7a veut dire qu\u2019on a \u00e9t\u00e9 plus offensifs. \u00c0 l\u2019ext\u00e9rieur c\u2019est moins bien, car on gagne trois matchs et on ne prend \u201cque\u00a0\u00bb cinq bonus d\u00e9fensifs\u2026 Et en m\u00eame temps, on est quatri\u00e8mes sur le classement des \u00e9quipes \u00e0 l\u2019ext\u00e9rieur.\u00a0\u00bb<\/p>\n<p>\u00ab\u00a0On ne termine pas troisi\u00e8mes pour rien\u00a0\u00bb<\/p>\n<p>Et d\u2019encha\u00eener sur les chiffres plus sp\u00e9cifiques aux performances de son \u00e9quipe au cours de la phase r\u00e9guli\u00e8re.<\/p>\n<p>\u00ab\u00a0On a la troisi\u00e8me meilleure attaque sur les essais marqu\u00e9s [88, contre 74 la saison pass\u00e9e], la quatri\u00e8me d\u00e9fense au niveau des essais [68] et la deuxi\u00e8me sur les points encaiss\u00e9s [595]. Tout \u00e7a prouve qu\u2019on ne termine pas troisi\u00e8mes pour rien. Une fois qu\u2019on a dit tout \u00e7a, on aimerait cependant progresser sur des axes pr\u00e9cis. Par exemple, sur le taux de plaquages r\u00e9ussis, on n\u2019est que neuvi\u00e8mes. J\u2019ai envie qu\u2019on soit plus solides sur l\u2019homme, plus efficaces.\u00a0\u00bb<\/p>\n<p>Et de poursuivre sur la conqu\u00eate: \u00ab\u00a0On est premiers au niveau de la m\u00eal\u00e9e, mais seulement septi\u00e8mes en touche. On doit s\u2019am\u00e9liorer.\u00a0Autre paradoxe: on est la troisi\u00e8me \u00e9quipe \u00e0 avoir marqu\u00e9 le plus d\u2019essais, mais sur les m\u00e8tres parcourus et les franchissements, on est treizi\u00e8mes et dixi\u00e8mes. \u00c7a signifie qu\u2019on tape \u00e9norm\u00e9ment dans le ballon, alors j\u2019aimerais qu\u2019on trouve un \u00e9quilibre. On r\u00e9fl\u00e9chit \u00e0 tout \u00e7a avec le staff.\u00a0\u00bb\u00a0<\/p>\n","protected":false},"excerpt":{"rendered":"L\u2019heure du traditionnel bilan de fin de saison a sonn\u00e9! Cinq jours apr\u00e8s la d\u00e9faite face \u00e0 Bordeaux&hellip;\n","protected":false},"author":2,"featured_media":206784,"comment_status":"","ping_status":"","sticky":false,"template":"","format":"standard","meta":{"footnotes":""},"categories":[1416],"tags":[1011,27,479,1468,60],"class_list":{"0":"post-206783","1":"post","2":"type-post","3":"status-publish","4":"format-standard","5":"has-post-thumbnail","7":"category-rugby","8":"tag-fr","9":"tag-france","10":"tag-rugby","11":"tag-rugby-football","12":"tag-sports"},"share_on_mastodon":{"url":"https:\/\/pubeurope.com\/@fr\/114751828367415134","error":""},"_links":{"self":[{"href":"https:\/\/www.europesays.com\/fr\/wp-json\/wp\/v2\/posts\/206783","targetHints":{"allow":["GET"]}}],"collection":[{"href":"https:\/\/www.europesays.com\/fr\/wp-json\/wp\/v2\/posts"}],"about":[{"href":"https:\/\/www.europesays.com\/fr\/wp-json\/wp\/v2\/types\/post"}],"author":[{"embeddable":true,"href":"https:\/\/www.europesays.com\/fr\/wp-json\/wp\/v2\/users\/2"}],"replies":[{"embeddable":true,"href":"https:\/\/www.europesays.com\/fr\/wp-json\/wp\/v2\/comments?post=206783"}],"version-history":[{"count":0,"href":"https:\/\/www.europesays.com\/fr\/wp-json\/wp\/v2\/posts\/206783\/revisions"}],"wp:featuredmedia":[{"embeddable":true,"href":"https:\/\/www.europesays.com\/fr\/wp-json\/wp\/v2\/media\/206784"}],"wp:attachment":[{"href":"https:\/\/www.europesays.com\/fr\/wp-json\/wp\/v2\/media?parent=206783"}],"wp:term":[{"taxonomy":"category","embeddable":true,"href":"https:\/\/www.europesays.com\/fr\/wp-json\/wp\/v2\/categories?post=206783"},{"taxonomy":"post_tag","embeddable":true,"href":"https:\/\/www.europesays.com\/fr\/wp-json\/wp\/v2\/tags?post=206783"}],"curies":[{"name":"wp","href":"https:\/\/api.w.org\/{rel}","templated":true}]}}