{"id":206787,"date":"2025-06-26T21:40:11","date_gmt":"2025-06-26T21:40:11","guid":{"rendered":"https:\/\/www.europesays.com\/fr\/206787\/"},"modified":"2025-06-26T21:40:11","modified_gmt":"2025-06-26T21:40:11","slug":"marc-marquez-espere-que-liberty-preservera-ladn-du-motogp","status":"publish","type":"post","link":"https:\/\/www.europesays.com\/fr\/206787\/","title":{"rendered":"Marc M\u00e1rquez esp\u00e8re que Liberty pr\u00e9servera l&rsquo;ADN du MotoGP"},"content":{"rendered":"<p>Plus d&rsquo;un an apr\u00e8s avoir \u00e9t\u00e9 annonc\u00e9e, l&rsquo;arriv\u00e9e de Liberty Media en MotoGP va se concr\u00e9tiser dans les prochains jours. La Commission europ\u00e9enne a donn\u00e9 son accord pour le rachat de Dorna Sports, promoteur du championnat, et le groupe am\u00e9ricain, d\u00e9j\u00e0 d\u00e9tenteur des droits de la Formule\u00a01, entend boucler la transaction d\u00e8s la semaine prochaine, le 3 juillet.<\/p>\n<p>Liberty Media a d\u00e9j\u00e0 \u00e9voqu\u00e9 sa volont\u00e9 de mettre en \u0153uvre les recettes qui ont donn\u00e9 un second souffle \u00e0 la F1, avec de nombreuses initiatives pour toucher un public plus jeune et plus large, de la s\u00e9rie documentaire Drive to Survive \u00e0 une offensive sur les r\u00e9seaux sociaux, en passant par le <a href=\"https:\/\/fr.motorsport.com\/f1\/news\/film-f1-brad-pitt-avis\/10734186\/\" target=\"_blank\" rel=\"noopener\">film F1<\/a> qui vient de sortir en salles.<\/p>\n<p><a href=\"https:\/\/fr.motorsport.com\/driver\/marc-marquez\/92646\/\" target=\"_blank\" rel=\"noopener\">Marc M\u00e1rquez<\/a> se f\u00e9licite de voir un tel acteur influer sur la destin\u00e9e du MotoGP mais estime qu&rsquo;il faudra pr\u00e9server ses sp\u00e9cificit\u00e9s, sans reprendre tous les codes de la F1. \u00ab\u00a0Je pense que c&rsquo;est super pour le championnat parce qu&rsquo;ils ont fait de tr\u00e8s bonnes choses dans d&rsquo;autres sports, comme la Formule 1\u00a0\u00bb, a soulign\u00e9 le leader du championnat. \u00ab\u00a0Il est vrai aussi que chaque sport a sa propre mani\u00e8re d&rsquo;\u00eatre, je crois.\u00a0\u00bb<\/p>\n<p>\u00ab\u00a0On ne peut pas reproduire l&rsquo;atmosph\u00e8re de la Formule 1 en MotoGP et on ne peut pas reproduire le MotoGP en Formule 1. Il faut comprendre quels sont les objectifs, ce dont les fans ont besoin dans ces sports, mais ils sont tr\u00e8s bons pour cela.\u00a0\u00bb<\/p>\n<p>S\u00e9duire un public plus large<\/p>\n<p><a href=\"https:\/\/fr.motorsport.com\/driver\/fabio-di-giannantonio\/289538\/\" target=\"_blank\" rel=\"noopener\">Fabio Di Giannantonio<\/a> se montre tr\u00e8s enthousiaste, en faisant confiance \u00e0 l&rsquo;expertise de Liberty Media pour toucher un nouveau public, tout en s&rsquo;appuyant sur l&rsquo;exp\u00e9rience des dirigeants actuels de Dorna Sports, la famille Ezpeleta, pour assurer la continuit\u00e9.<\/p>\n<p>\u00ab\u00a0On a vu ce qu&rsquo;ils ont fait avec la Formule 1\u00a0\u00bb, a soulign\u00e9 le pilote VR46. \u00ab\u00a0Le package \u00e9tait d\u00e9j\u00e0 tr\u00e8s bon et ils l&rsquo;ont men\u00e9 \u00e0 un tout autre niveau. Maintenant, les pilotes de Formule 1 sont des superstars et c&rsquo;est bien. Pour les pilotes, \u00e7a pourrait \u00eatre cool mais surtout, \u00e7a veut dire qu&rsquo;on touchera plus de foyers, plus de t\u00e9l\u00e9viseurs, donc plus de gens, de passionn\u00e9s qui nous suivront, il y aura plus de gens passionn\u00e9s par le sport, plus d&rsquo;int\u00e9r\u00eat.\u00a0\u00bb<\/p>\n<p>   <img decoding=\"async\" draggable=\"false\" src=\"https:\/\/www.europesays.com\/fr\/wp-content\/uploads\/2025\/06\/fabio-gianantonio-vr46-ducati.jpg\" alt=\"Fabio Gianantonio, VR46 Ducati\" width=\"1200\" height=\"800\" loading=\"lazy\"\/> <\/p>\n<p class=\"title\">Fabio Gianantonio<\/p>\n<p class=\"photographer\">Photo de: Gold and Goose Photography \/ LAT Images \/ via Getty Images<\/p>\n<p>\u00ab\u00a0Au final, pour nous il y aura peut-\u00eatre plus d&rsquo;\u00e9v\u00e9nements [promotionnels] mais ce sera cool si on a plus de jeunes ou de gens qui nous suivent et nous encouragent. On aime voir des stadiums pleins en piste, comme ici. Dans le dernier secteur, il y a cette magnifique tribune o\u00f9 on voit que c&rsquo;est compl\u00e8tement plein. C&rsquo;est incroyable. On le sent, on adore \u00e7a.\u00a0\u00bb<\/p>\n<p>\u00ab\u00a0Si on peut toucher plus de monde, cela pourra aussi aider certains pays dans lesquels on se rend. Je pense que ce sera bien. C&rsquo;est bien que la Dorna reste dans le projet parce qu&rsquo;ils pourront un peu guider Liberty pour ce qui sera meilleur pour notre championnat. En fait, je suis tr\u00e8s content de \u00e7a. \u00c7a veut dire que le championnat est bon et qu&rsquo;il y a un int\u00e9r\u00eat de la part des m\u00e9dias.\u00a0\u00bb<\/p>\n<p>La perspective de toucher un jeune public est \u00e9galement ce qui ravit le plus <a href=\"https:\/\/fr.motorsport.com\/driver\/maverick-vinales\/96553\/\" target=\"_blank\" rel=\"noopener\">Maverick Vi\u00f1ales<\/a>. \u00ab\u00a0Je pense que la meilleure chose qui puisse arriver, c&rsquo;est de cr\u00e9er une tr\u00e8s grande communaut\u00e9, pouvoir toucher de nouvelles personnes, de nouvelles g\u00e9n\u00e9rations en particulier\u00a0\u00bb, a d\u00e9clar\u00e9 l&rsquo;Espagnol. \u00ab\u00a0J&rsquo;aime voir des jeunes impliqu\u00e9s.\u00a0\u00bb<\/p>\n<p>\u00ab\u00a0Actuellement, je vois que c&rsquo;est un peu dur parce qu&rsquo;ils aiment les jeux vid\u00e9os mais ils doivent comprendre la valeur du MotoGP, ce qui est notre passion. Pouvoir leur montrer, toucher plus de monde et leur faire comprendre nos courses et notre vie, je pense que \u00e7a peut \u00eatre tr\u00e8s bien pour les pilotes et les spectateurs.\u00a0\u00bb<\/p>\n<p>Pour le moment, Liberty n&rsquo;est pas encore aux manettes et n&rsquo;a pas annonc\u00e9 de mesure pr\u00e9cise. \u00ab\u00a0Je ne sais pas \u00e0 quoi m&rsquo;attendre\u00a0\u00bb, a ainsi reconnu <a href=\"https:\/\/fr.motorsport.com\/driver\/alex-marquez\/96324\/\" target=\"_blank\" rel=\"noopener\">\u00c1lex M\u00e1rquez<\/a>, affichant n\u00e9anmoins son optimisme\u00a0: \u00ab\u00a0Parfois, le changement est pour le mieux donc c&rsquo;est ce qu&rsquo;on esp\u00e8re. J&rsquo;esp\u00e8re qu&rsquo;on aura un meilleur show, un meilleur produit pour ceux qui suivent les courses chez eux.\u00a0\u00bb<\/p>\n<p>\u00ab\u00a0Je ne sais pas ce qui va changer pour nous. Je n&rsquo;ai pas fait d&rsquo;\u00e9tudes en marketing donc je ne sais pas ce qui peut changer. Ils le savent mieux que nous et ils feront ce qu&rsquo;ils pensent \u00eatre mieux pour notre championnat.\u00a0\u00bb<\/p>\n<p style=\"text-align: right;\">Avec L\u00e9na Buffa<\/p>\n<p>Lire aussi :<\/p>\n<p>Dans cet article<\/p>\n<p>    Vincent Lalanne-Sicaud\n<\/p>\n<p>    MotoGP\n<\/p>\n<p>    Marc M\u00e1rquez\n<\/p>\n<p>    \u00c1lex M\u00e1rquez\n<\/p>\n<p>    Maverick Vi\u00f1ales\n<\/p>\n<p>    Fabio Di Giannantonio\n<\/p>\n<p>Soyez le premier inform\u00e9 et souscrivez aux alertes mails pour recevoir les infos en temps r\u00e9el<\/p>\n<p>    S&rsquo;abonner aux alertes de news<\/p>\n","protected":false},"excerpt":{"rendered":"Plus d&rsquo;un an apr\u00e8s avoir \u00e9t\u00e9 annonc\u00e9e, l&rsquo;arriv\u00e9e de Liberty Media en MotoGP va se concr\u00e9tiser dans les&hellip;\n","protected":false},"author":2,"featured_media":206788,"comment_status":"","ping_status":"","sticky":false,"template":"","format":"standard","meta":{"footnotes":""},"categories":[1413],"tags":[7277,1011,27,5038,5712,1457,1456,1458,60,7896],"class_list":{"0":"post-206787","1":"post","2":"type-post","3":"status-publish","4":"format-standard","5":"has-post-thumbnail","7":"category-moto","8":"tag-fabio-di-giannantonio","9":"tag-fr","10":"tag-france","11":"tag-marc-mu00e1rquez","12":"tag-maverick-viu00f1ales","13":"tag-moto","14":"tag-motocycle","15":"tag-motogp","16":"tag-sports","17":"tag-u00c1lex-mu00e1rquez"},"share_on_mastodon":{"url":"https:\/\/pubeurope.com\/@fr\/114751840200692454","error":""},"_links":{"self":[{"href":"https:\/\/www.europesays.com\/fr\/wp-json\/wp\/v2\/posts\/206787","targetHints":{"allow":["GET"]}}],"collection":[{"href":"https:\/\/www.europesays.com\/fr\/wp-json\/wp\/v2\/posts"}],"about":[{"href":"https:\/\/www.europesays.com\/fr\/wp-json\/wp\/v2\/types\/post"}],"author":[{"embeddable":true,"href":"https:\/\/www.europesays.com\/fr\/wp-json\/wp\/v2\/users\/2"}],"replies":[{"embeddable":true,"href":"https:\/\/www.europesays.com\/fr\/wp-json\/wp\/v2\/comments?post=206787"}],"version-history":[{"count":0,"href":"https:\/\/www.europesays.com\/fr\/wp-json\/wp\/v2\/posts\/206787\/revisions"}],"wp:featuredmedia":[{"embeddable":true,"href":"https:\/\/www.europesays.com\/fr\/wp-json\/wp\/v2\/media\/206788"}],"wp:attachment":[{"href":"https:\/\/www.europesays.com\/fr\/wp-json\/wp\/v2\/media?parent=206787"}],"wp:term":[{"taxonomy":"category","embeddable":true,"href":"https:\/\/www.europesays.com\/fr\/wp-json\/wp\/v2\/categories?post=206787"},{"taxonomy":"post_tag","embeddable":true,"href":"https:\/\/www.europesays.com\/fr\/wp-json\/wp\/v2\/tags?post=206787"}],"curies":[{"name":"wp","href":"https:\/\/api.w.org\/{rel}","templated":true}]}}