{"id":206797,"date":"2025-06-26T21:45:11","date_gmt":"2025-06-26T21:45:11","guid":{"rendered":"https:\/\/www.europesays.com\/fr\/206797\/"},"modified":"2025-06-26T21:45:11","modified_gmt":"2025-06-26T21:45:11","slug":"le-temps-des-foisons-de-vivian-suter-liberation","status":"publish","type":"post","link":"https:\/\/www.europesays.com\/fr\/206797\/","title":{"rendered":"le temps des foisons\u00a0de Vivian Suter \u2013 Lib\u00e9ration"},"content":{"rendered":"<p class=\"sc-ksZaOG ehjQrN text-element\">Du sol au plafond, ses toiles, sans ch\u00e2ssis, tapissent enti\u00e8rement la salle courbe, sous la verri\u00e8re ensoleill\u00e9e du Palais de Tokyo. Accroch\u00e9es \u00e0 touche-touche, elles se serrent et se chevauchent parfois, l\u2019une d\u00e9bordant sans g\u00eane sur l\u2019autre. Des dizaines d\u2019autres encore sont suspendues \u00e0 des portiques. Comme du linge mis \u00e0 s\u00e9cher, celles-l\u00e0 flottent \u00e0 l\u2019air libre, sans mur pour les aplanir ni les afficher en majest\u00e9. Des toiles en enfilade, \u00e0 la queue leu leu, \u00e0 moiti\u00e9 vue seulement car si les premi\u00e8res (et les derni\u00e8res) de la file ont une place de choix (elles sont pleinement visibles), les autres apparaissent \u00e0 peine, dans les interstices. Elles attendront d\u2019avoir tir\u00e9 un meilleur num\u00e9ro une autre fois. <\/p>\n<p class=\"sc-ksZaOG ehjQrN text-element\">Il y a encore moins bien loti. Des toiles n\u2019ont pas trouv\u00e9 place, ni sur les portiques, ni sur les murs, ni sur les esp\u00e8ces de trap\u00e8ze d\u2019o\u00f9 pendent certaines. Tout \u00e9tait pris. D\u00e8s lors, elles sont empil\u00e9es \u00e0 terre, les unes sur les autres, au milieu de l\u2019exposition. Le tas (d\u2019une trentaine de centim\u00e8tres de haut) qui repose sur un petit socle, fait tapis de sol, sculpture couch\u00e9e aussi bien que d\u00e9barras.<\/p>\n<p class=\"sc-ksZaOG ehjQrN text-element\">Au vrai, toutes les toiles sont log\u00e9es \u00e0 la m\u00eame enseigne. Elles font groupe et corps dans un exub\u00e9rant continuum. Nulle n\u2019a \u00e0 se plaindre de cet accrochage foisonnant o\u00f9 elles fol\u00e2trent, buissonnent, moutonnent, dans un effet de groupe, qui revient \u00e0 n\u2019en mettre aucune au premier plan, et est en soi un miracle d\u2019affranchissement. Vivian Suter se tient \u00e0 des ann\u00e9es-lumi\u00e8r<\/p>\n","protected":false},"excerpt":{"rendered":"Du sol au plafond, ses toiles, sans ch\u00e2ssis, tapissent enti\u00e8rement la salle courbe, sous la verri\u00e8re ensoleill\u00e9e du&hellip;\n","protected":false},"author":2,"featured_media":206798,"comment_status":"","ping_status":"","sticky":false,"template":"","format":"standard","meta":{"footnotes":""},"categories":[1358],"tags":[1348,1384,1385,1386,58,59,1011,27],"class_list":{"0":"post-206797","1":"post","2":"type-post","3":"status-publish","4":"format-standard","5":"has-post-thumbnail","7":"category-arts-et-design","8":"tag-arts","9":"tag-arts-and-design","10":"tag-arts-et-design","11":"tag-design","12":"tag-divertissement","13":"tag-entertainment","14":"tag-fr","15":"tag-france"},"share_on_mastodon":{"url":"https:\/\/pubeurope.com\/@fr\/114751859829657197","error":""},"_links":{"self":[{"href":"https:\/\/www.europesays.com\/fr\/wp-json\/wp\/v2\/posts\/206797","targetHints":{"allow":["GET"]}}],"collection":[{"href":"https:\/\/www.europesays.com\/fr\/wp-json\/wp\/v2\/posts"}],"about":[{"href":"https:\/\/www.europesays.com\/fr\/wp-json\/wp\/v2\/types\/post"}],"author":[{"embeddable":true,"href":"https:\/\/www.europesays.com\/fr\/wp-json\/wp\/v2\/users\/2"}],"replies":[{"embeddable":true,"href":"https:\/\/www.europesays.com\/fr\/wp-json\/wp\/v2\/comments?post=206797"}],"version-history":[{"count":0,"href":"https:\/\/www.europesays.com\/fr\/wp-json\/wp\/v2\/posts\/206797\/revisions"}],"wp:featuredmedia":[{"embeddable":true,"href":"https:\/\/www.europesays.com\/fr\/wp-json\/wp\/v2\/media\/206798"}],"wp:attachment":[{"href":"https:\/\/www.europesays.com\/fr\/wp-json\/wp\/v2\/media?parent=206797"}],"wp:term":[{"taxonomy":"category","embeddable":true,"href":"https:\/\/www.europesays.com\/fr\/wp-json\/wp\/v2\/categories?post=206797"},{"taxonomy":"post_tag","embeddable":true,"href":"https:\/\/www.europesays.com\/fr\/wp-json\/wp\/v2\/tags?post=206797"}],"curies":[{"name":"wp","href":"https:\/\/api.w.org\/{rel}","templated":true}]}}