{"id":206803,"date":"2025-06-26T21:48:12","date_gmt":"2025-06-26T21:48:12","guid":{"rendered":"https:\/\/www.europesays.com\/fr\/206803\/"},"modified":"2025-06-26T21:48:12","modified_gmt":"2025-06-26T21:48:12","slug":"cardi-b-voulait-visiter-versailles-son-copain-a-vu-grand-et-lui-a-loue-un-vrai-putain-de-chateau-en-france","status":"publish","type":"post","link":"https:\/\/www.europesays.com\/fr\/206803\/","title":{"rendered":"Cardi B voulait visiter Versailles, son copain a vu grand et lui a lou\u00e9 un \u00ab\u00a0vrai putain de ch\u00e2teau\u00a0\u00bb en France"},"content":{"rendered":"<p>        <img decoding=\"async\" loading=\"lazy\" src=\"https:\/\/www.europesays.com\/fr\/wp-content\/uploads\/2025\/06\/ea9a9cd_1700577831004-gettyimages-1677603851.jpg\"  width=\"728\" height=\"410\" alt=\"Cardi B voulait visiter Versailles, son copain a vu grand et lui a lou\u00e9 un \u00ab\u00a0vrai putain de ch\u00e2teau\u00a0\u00bb en France. (image d\u2019illustration)\"\/>  <\/p>\n<p>Axelle\/Bauer-Griffin \/ FilmMagic<\/p>\n<p>Cardi B voulait visiter Versailles, son copain a vu grand et lui a lou\u00e9 un \u00ab\u00a0vrai putain de ch\u00e2teau\u00a0\u00bb en France. (image d\u2019illustration)<\/p>\n<p class=\"asset asset-text\">PEOPLE &#8211; Louer un petit appart en Airbnb pour visiter le <a href=\"https:\/\/www.huffingtonpost.fr\/france\/article\/neige-a-paris-et-en-ile-de-france-chateau-de-versailles-disneyland-tour-eiffel-ou-montmartre-les-flocons-recouvrent-ces-lieux-iconiques_242572.html\" target=\"_blank\" rel=\"noopener nofollow\" title=\"Nouvelle fen\u00eatre\">ch\u00e2teau de Versailles<\/a>\u00a0? Tr\u00e8s peu pour elle. La chanteuse <a href=\"https:\/\/www.huffingtonpost.fr\/people\/article\/cardi-b-et-offset-font-plaisir-aux-lyonnais-avec-cette-veste-portee-par-leur-fils-wave-pour-noel_244090.html\" target=\"_blank\" rel=\"noopener nofollow\" title=\"Nouvelle fen\u00eatre\">Cardi B<\/a> b\u00e9n\u00e9ficie d\u2019un logement de luxe pour ses vacances en France. Dans une story publi\u00e9e mardi 24\u00a0juin sur son compte Instagram et relev\u00e9e par le m\u00e9dia am\u00e9ricain <a href=\"https:\/\/www.thecut.com\/article\/stefon-diggs-cardi-b-rent-out-french-castle.html\" target=\"_blank\" rel=\"noopener nofollow\" title=\"Nouvelle fen\u00eatre\">The Cut<\/a>, la rappeuse pr\u00e9sente le logement r\u00e9serv\u00e9 par son petit ami et qui n\u2019est autre qu\u2019un ch\u00e2teau au sud de Paris.<\/p>\n<p class=\"asset asset-text\">Stefon Diggs, footballeur am\u00e9ricain professionnel, a vu les choses en (tr\u00e8s) grand pour sa moiti\u00e9. \u00ab\u00a0\u00c0 chaque fois que je vais en Europe, je n\u2019ai jamais le temps d\u2019aller \u00e0 Versailles, a racont\u00e9 Cardi B dans sa story, il m\u2019a dit \u201cMeuf, tu veux un ch\u00e2teau\u00a0? Je vais te donner un ch\u00e2teau\u201d.\u00a0\u00bb La demeure lou\u00e9e par le couple n\u2019est pas aussi grande que celle de Louis XIV, mais le ch\u00e2teau de Frenneville, \u00e0 45\u00a0minutes de la capitale, reste un endroit plus qu\u2019agr\u00e9able.<\/p>\n<p class=\"asset asset-text\">Pr\u00e9sent\u00e9 comme un \u00ab\u00a0h\u00e9bergement opulent\u00a0\u00bb sur son site, il compte pas mois de \u00ab\u00a022\u00a0chambres sur mesure\u00a0\u00bb et \u00ab\u00a034\u00a0salles de bains somptueuses\u00a0\u00bb, le tout avec \u00ab\u00a0250\u00a0hectares de terrain\u00a0\u00bb et une \u00ab\u00a0piscine int\u00e9rieure chauff\u00e9e de 25\u00a0m\u00e8tres\u00a0\u00bb. Ce lieu exceptionnel est d\u2019ordinaire utilis\u00e9 pour de luxueuses r\u00e9ceptions comme des mariages et jusqu\u2019\u00e0 400\u00a0invit\u00e9s\u00a0: Cardi B et son compagnon ne devraient donc pas manquer de place.<\/p>\n<p class=\"asset asset-text\">La rappeuse semblait en tout cas s\u00e9duite par l\u2019endroit qu\u2019elle a fait d\u00e9couvrir \u00e0 ses abonn\u00e9s, <strong>comme vous pouvez le voir dans les vid\u00e9os ci-dessous<\/strong>. \u00ab\u00a0Regardez \u00e7a, c\u2019est un vrai putain de ch\u00e2teau\u00a0\u00bb, s\u2019est-elle enthousiasm\u00e9e en filmant l\u2019entr\u00e9e, les murailles et les douves, qu\u2019elle a imagin\u00e9 assez grandes pour accueillir des \u00ab\u00a0crocodiles\u00a0\u00bb.<\/p>\n<p> La lecture de ce contenu est susceptible d\u2019entra\u00eener un d\u00e9p\u00f4t de cookies de la part de l\u2019op\u00e9rateur tiers qui l\u2019h\u00e9berge. Compte-tenu des choix que vous avez exprim\u00e9s en mati\u00e8re de d\u00e9p\u00f4t de cookies, nous avons bloqu\u00e9 l\u2019affichage de ce contenu. Si vous souhaitez y acc\u00e9der, vous devez accepter la cat\u00e9gorie de cookies \u201cContenus tiers\u201d en cliquant sur le bouton ci-dessous. <\/p>\n<p> Lire la Vid\u00e9o        <\/p>\n<p class=\"asset asset-text\">Au cours de sa promenade \u00e0 travers les salles de r\u00e9ception splendides, Cardi B est all\u00e9e de bonnes surprises en bonnes surprises, de la table de banquet gigantesque aux fresques pr\u00e8s de la piscine. L\u2019endroit vous fait r\u00eaver\u00a0? Passez d\u2019abord un petit coup de fil \u00e0 votre banquier\u00a0: il faudra compter au moins 10\u00a0000\u00a0\u20ac par nuit selon les estimations faites par The Cut.<\/p>\n","protected":false},"excerpt":{"rendered":"Axelle\/Bauer-Griffin \/ FilmMagic Cardi B voulait visiter Versailles, son copain a vu grand et lui a lou\u00e9 un&hellip;\n","protected":false},"author":2,"featured_media":206804,"comment_status":"","ping_status":"","sticky":false,"template":"","format":"standard","meta":{"footnotes":""},"categories":[1355],"tags":[33768,58,59,1011,27,1361,873,973],"class_list":{"0":"post-206803","1":"post","2":"type-post","3":"status-publish","4":"format-standard","5":"has-post-thumbnail","7":"category-musique","8":"tag-cardi-b","9":"tag-divertissement","10":"tag-entertainment","11":"tag-fr","12":"tag-france","13":"tag-music","14":"tag-musique","15":"tag-people"},"share_on_mastodon":{"url":"https:\/\/pubeurope.com\/@fr\/114751871877296085","error":""},"_links":{"self":[{"href":"https:\/\/www.europesays.com\/fr\/wp-json\/wp\/v2\/posts\/206803","targetHints":{"allow":["GET"]}}],"collection":[{"href":"https:\/\/www.europesays.com\/fr\/wp-json\/wp\/v2\/posts"}],"about":[{"href":"https:\/\/www.europesays.com\/fr\/wp-json\/wp\/v2\/types\/post"}],"author":[{"embeddable":true,"href":"https:\/\/www.europesays.com\/fr\/wp-json\/wp\/v2\/users\/2"}],"replies":[{"embeddable":true,"href":"https:\/\/www.europesays.com\/fr\/wp-json\/wp\/v2\/comments?post=206803"}],"version-history":[{"count":0,"href":"https:\/\/www.europesays.com\/fr\/wp-json\/wp\/v2\/posts\/206803\/revisions"}],"wp:featuredmedia":[{"embeddable":true,"href":"https:\/\/www.europesays.com\/fr\/wp-json\/wp\/v2\/media\/206804"}],"wp:attachment":[{"href":"https:\/\/www.europesays.com\/fr\/wp-json\/wp\/v2\/media?parent=206803"}],"wp:term":[{"taxonomy":"category","embeddable":true,"href":"https:\/\/www.europesays.com\/fr\/wp-json\/wp\/v2\/categories?post=206803"},{"taxonomy":"post_tag","embeddable":true,"href":"https:\/\/www.europesays.com\/fr\/wp-json\/wp\/v2\/tags?post=206803"}],"curies":[{"name":"wp","href":"https:\/\/api.w.org\/{rel}","templated":true}]}}