{"id":206805,"date":"2025-06-26T21:49:12","date_gmt":"2025-06-26T21:49:12","guid":{"rendered":"https:\/\/www.europesays.com\/fr\/206805\/"},"modified":"2025-06-26T21:49:12","modified_gmt":"2025-06-26T21:49:12","slug":"13-jours-13-nuits-un-souffle-epique-sur-lheroisme-dun-flic-francais-face-au-chaos-afghan","status":"publish","type":"post","link":"https:\/\/www.europesays.com\/fr\/206805\/","title":{"rendered":"\u00ab\u00a013 jours, 13 nuits\u00a0\u00bb\u00a0: un souffle \u00e9pique sur l\u2019h\u00e9ro\u00efsme d\u2019un flic fran\u00e7ais face au chaos afghan"},"content":{"rendered":"<p class=\"paragraph text_align_left lp-f-body-02\">C\u2019\u00e9tait <a href=\"https:\/\/www.leparisien.fr\/politique\/afghanistan-comment-lambassade-de-france-a-kaboul-a-ete-evacuee-dans-la-nuit-18-08-2021-FNVQ5L7N3VFNZLSREIZPRUFDHU.php\" target=\"_blank\" rel=\"noreferrer nofollow noopener\">quelques lignes<\/a> dans le journal. Une histoire vite oubli\u00e9e dans le maelstr\u00f6m de l\u2019actualit\u00e9, noy\u00e9e aussi dans la trag\u00e9die du retour des talibans au pouvoir dans le Kaboul de l\u2019\u00e9t\u00e9 2021. <a href=\"https:\/\/www.leparisien.fr\/essonne-91\/evacuation-de-laeroport-de-kaboul-prise-de-pouvoir-des-talibans-lenfer-afghan-le-recit-haletant-du-policier-mohamed-bida-29-09-2022-XCR4OFUTEJHEXCAZPIGF4ZFURE.php\" target=\"_blank\" rel=\"noreferrer nofollow noopener\">Mohamed Bida<\/a> (Roschdy Zem), grand flic en toute fin de carri\u00e8re qui dirige la s\u00e9curit\u00e9 de l\u2019ambassade, ne s\u2019attendait pas \u00e0 \u00e7a pour ses derniers jours de service. Un flot de r\u00e9fugi\u00e9s qui s\u2019agglutinent aux portes. Dont une interpr\u00e8te franco-afghane, Eva (Lyna Khoudri), qui porte dans tous les sens du terme sa vieille m\u00e8re \u00e9puis\u00e9e. Ce 15\u00a0ao\u00fbt respire plus l\u2019Apocalypse que l\u2019Assomption.<\/p>\n","protected":false},"excerpt":{"rendered":"C\u2019\u00e9tait quelques lignes dans le journal. Une histoire vite oubli\u00e9e dans le maelstr\u00f6m de l\u2019actualit\u00e9, noy\u00e9e aussi dans&hellip;\n","protected":false},"author":2,"featured_media":206806,"comment_status":"","ping_status":"","sticky":false,"template":"","format":"standard","meta":{"footnotes":""},"categories":[1354],"tags":[650,872,58,59,1346,1011,27,1360],"class_list":{"0":"post-206805","1":"post","2":"type-post","3":"status-publish","4":"format-standard","5":"has-post-thumbnail","7":"category-films","8":"tag-cinema","9":"tag-culture-et-loisirs","10":"tag-divertissement","11":"tag-entertainment","12":"tag-films","13":"tag-fr","14":"tag-france","15":"tag-movies"},"share_on_mastodon":{"url":"https:\/\/pubeurope.com\/@fr\/114751875658261376","error":""},"_links":{"self":[{"href":"https:\/\/www.europesays.com\/fr\/wp-json\/wp\/v2\/posts\/206805","targetHints":{"allow":["GET"]}}],"collection":[{"href":"https:\/\/www.europesays.com\/fr\/wp-json\/wp\/v2\/posts"}],"about":[{"href":"https:\/\/www.europesays.com\/fr\/wp-json\/wp\/v2\/types\/post"}],"author":[{"embeddable":true,"href":"https:\/\/www.europesays.com\/fr\/wp-json\/wp\/v2\/users\/2"}],"replies":[{"embeddable":true,"href":"https:\/\/www.europesays.com\/fr\/wp-json\/wp\/v2\/comments?post=206805"}],"version-history":[{"count":0,"href":"https:\/\/www.europesays.com\/fr\/wp-json\/wp\/v2\/posts\/206805\/revisions"}],"wp:featuredmedia":[{"embeddable":true,"href":"https:\/\/www.europesays.com\/fr\/wp-json\/wp\/v2\/media\/206806"}],"wp:attachment":[{"href":"https:\/\/www.europesays.com\/fr\/wp-json\/wp\/v2\/media?parent=206805"}],"wp:term":[{"taxonomy":"category","embeddable":true,"href":"https:\/\/www.europesays.com\/fr\/wp-json\/wp\/v2\/categories?post=206805"},{"taxonomy":"post_tag","embeddable":true,"href":"https:\/\/www.europesays.com\/fr\/wp-json\/wp\/v2\/tags?post=206805"}],"curies":[{"name":"wp","href":"https:\/\/api.w.org\/{rel}","templated":true}]}}