{"id":206817,"date":"2025-06-26T21:55:10","date_gmt":"2025-06-26T21:55:10","guid":{"rendered":"https:\/\/www.europesays.com\/fr\/206817\/"},"modified":"2025-06-26T21:55:10","modified_gmt":"2025-06-26T21:55:10","slug":"un-influenceur-qui-critiquait-les-gangs-assassine-en-direct-sur-tiktok","status":"publish","type":"post","link":"https:\/\/www.europesays.com\/fr\/206817\/","title":{"rendered":"Un influenceur, qui critiquait les gangs, assassin\u00e9 en direct sur TikTok"},"content":{"rendered":"<p>Au <a href=\"https:\/\/www.20minutes.fr\/monde\/venezuela\/\" class=\"color-ultramarine c-link\" target=\"_blank\" rel=\"noopener\">Venezuela<\/a>, un jeune cr\u00e9ateur de contenus a \u00e9t\u00e9 abattu chez lui, alors m\u00eame qu\u2019il faisait un \u00ab\u00a0direct\u00a0\u00bb sur le r\u00e9seau social <a href=\"https:\/\/www.20minutes.fr\/high-tech\/tiktok\/\" class=\"color-ultramarine c-link\" target=\"_blank\" rel=\"noopener\">TikTok<\/a>.<\/p>\n<p>Il avait publiquement accus\u00e9 des groupes criminels et des responsables politiques. Sa m\u00e8re a \u00e9t\u00e9 bless\u00e9e.<\/p>\n<\/p>\n<p>Auteur de vid\u00e9os critiques<\/p>\n<p>Jesus Sarmiento \u00e9tait connu sur les r\u00e9seaux sociaux pour ses vid\u00e9os critiques de la politique de son pays notamment. Il a \u00e9t\u00e9 assassin\u00e9 dimanche 22\u00a0juin alors qu\u2019il diffusait un \u00ab\u00a0live\u00a0\u00bb depuis son domicile. Sur les images, rapidement interrompues, on peut entendre des tirs, des cris, puis les derniers mots du jeune homme de 25 ans, bless\u00e9 au sol, \u00ab\u00a0ils m\u2019ont tir\u00e9 dessus\u00a0\u00bb.<\/p>\n<p>D\u2019apr\u00e8s ses proches interrog\u00e9s <a href=\"https:\/\/www.eltiempo.com\/mundo\/venezuela\/el-influencer-venezolano-gabriel-sarmiento-que-fue-asesinado-mientras-hacia-un-en-vivo-en-tiktok-en-maracay-3465908\" rel=\"nofollow noopener\" target=\"_blank\" class=\"color-ultramarine c-link\">par El Tiempo<\/a>, les assaillants auraient fait irruption chez l\u2019influenceur et ouvert le feu \u00e0 plusieurs reprises. Sa m\u00e8re, pr\u00e9sente au moment des faits, aurait tent\u00e9 d\u2019intervenir et aurait \u00e9t\u00e9 touch\u00e9e \u00e0 l\u2019abdomen. Elle a \u00e9t\u00e9 hospitalis\u00e9e, et est d\u00e9sormais dans un \u00e9tat stable.<\/p>\n<p><a href=\"https:\/\/www.20minutes.fr\/monde\/venezuela\/\" class=\"c-link c-btn c-btn--primary\" target=\"_blank\" rel=\"noopener\">Notre dossier sur le V\u00e9n\u00e9zuela<\/a>Victime d\u2019extorsion<\/p>\n<p>Peu avant sa mort, Jesus Sarmiento avait publi\u00e9 une s\u00e9rie de vid\u00e9os accusant ouvertement des membres de gangs puissants &#8211; notamment le <a href=\"https:\/\/www.20minutes.fr\/monde\/etats-unis\/4135408-20250124-etats-unis-gang-tren-aragua-donald-trump-veut-demanteler\" class=\"color-ultramarine c-link\" target=\"_blank\" rel=\"noopener\">Tren de Aragua<\/a>, actif dans plusieurs r\u00e9gions du pays et dans le viseur de <a href=\"https:\/\/www.20minutes.fr\/dossier\/donald_trump\" class=\"color-ultramarine c-link\" target=\"_blank\" rel=\"noopener\">Donald Trump<\/a> &#8211; ainsi que des figures politiques de haut rang. Il affirmait avoir \u00e9t\u00e9 victime d\u2019extorsion et d\u00e9non\u00e7ait l\u2019inaction des autorit\u00e9s.<\/p>\n<p>Le parquet a annonc\u00e9 l\u2019ouverture d\u2019une enqu\u00eate. Le procureur g\u00e9n\u00e9ral a promis d\u2019identifier les coupables.<\/p>\n","protected":false},"excerpt":{"rendered":"Au Venezuela, un jeune cr\u00e9ateur de contenus a \u00e9t\u00e9 abattu chez lui, alors m\u00eame qu\u2019il faisait un \u00ab\u00a0direct\u00a0\u00bb&hellip;\n","protected":false},"author":2,"featured_media":206818,"comment_status":"","ping_status":"","sticky":false,"template":"","format":"standard","meta":{"footnotes":""},"categories":[5],"tags":[47,11,271,75,1011,27,14,74,12,2439,337,28],"class_list":{"0":"post-206817","1":"post","2":"type-post","3":"status-publish","4":"format-standard","5":"has-post-thumbnail","7":"category-international","8":"tag-actualite","9":"tag-actualites","10":"tag-crime","11":"tag-donald-trump","12":"tag-fr","13":"tag-france","14":"tag-international","15":"tag-monde","16":"tag-news","17":"tag-tiktok","18":"tag-venezuela","19":"tag-world"},"share_on_mastodon":{"url":"https:\/\/pubeurope.com\/@fr\/114751899119905828","error":""},"_links":{"self":[{"href":"https:\/\/www.europesays.com\/fr\/wp-json\/wp\/v2\/posts\/206817","targetHints":{"allow":["GET"]}}],"collection":[{"href":"https:\/\/www.europesays.com\/fr\/wp-json\/wp\/v2\/posts"}],"about":[{"href":"https:\/\/www.europesays.com\/fr\/wp-json\/wp\/v2\/types\/post"}],"author":[{"embeddable":true,"href":"https:\/\/www.europesays.com\/fr\/wp-json\/wp\/v2\/users\/2"}],"replies":[{"embeddable":true,"href":"https:\/\/www.europesays.com\/fr\/wp-json\/wp\/v2\/comments?post=206817"}],"version-history":[{"count":0,"href":"https:\/\/www.europesays.com\/fr\/wp-json\/wp\/v2\/posts\/206817\/revisions"}],"wp:featuredmedia":[{"embeddable":true,"href":"https:\/\/www.europesays.com\/fr\/wp-json\/wp\/v2\/media\/206818"}],"wp:attachment":[{"href":"https:\/\/www.europesays.com\/fr\/wp-json\/wp\/v2\/media?parent=206817"}],"wp:term":[{"taxonomy":"category","embeddable":true,"href":"https:\/\/www.europesays.com\/fr\/wp-json\/wp\/v2\/categories?post=206817"},{"taxonomy":"post_tag","embeddable":true,"href":"https:\/\/www.europesays.com\/fr\/wp-json\/wp\/v2\/tags?post=206817"}],"curies":[{"name":"wp","href":"https:\/\/api.w.org\/{rel}","templated":true}]}}