{"id":206823,"date":"2025-06-26T21:58:27","date_gmt":"2025-06-26T21:58:27","guid":{"rendered":"https:\/\/www.europesays.com\/fr\/206823\/"},"modified":"2025-06-26T21:58:27","modified_gmt":"2025-06-26T21:58:27","slug":"service-suspendu-pour-protester-contre-des-retards-de-subventions","status":"publish","type":"post","link":"https:\/\/www.europesays.com\/fr\/206823\/","title":{"rendered":"service suspendu pour protester contre des retards de subventions"},"content":{"rendered":"<p>Pour les Centres d\u2019information sur les droits des femmes et des familles (CIDFF), il y a urgence. \u00ab\u00a0Les cr\u00e9dits sur lesquels l\u2019\u00c9tat s\u2019est engag\u00e9 pour financer les associations \u0153uvrant dans le champ de l\u2019\u00e9galit\u00e9 entre les femmes et les hommes et de la lutte contre les violences n\u2019ont toujours pas \u00e9t\u00e9 vers\u00e9s\u00a0\u00bb, alerte le CIDFF de la Loire dans un communiqu\u00e9 de presse.<\/p>\n<p>C\u2019est notamment le cas pour la compensation financi\u00e8re de la \u201cPrime S\u00e9gur\u201d obtenue par le vote d\u2019un amendement au S\u00e9nat le 22\u00a0janvier.<\/p>\n<p>Cons\u00e9quences directes pour le r\u00e9seau\u00a0: \u00ab\u00a0Une trentaine de postes ont d\u00e9j\u00e0 \u00e9t\u00e9 supprim\u00e9s et un quart des associations d\u00e9partementales ont ferm\u00e9 des permanences juridiques. Dans la Loire, le CIDFF a d\u00fb suspendre certaines permanences en milieu rural o\u00f9 les besoins sont cons\u00e9quents et r\u00e9duire les plages horaires d\u2019accueil.\u00a0\u00bb<\/p>\n<p>  \u00ab\u00a0Symboliquement, nous suspendrons nos activit\u00e9s ce 27\u00a0juin\u00a0\u00bb<\/p>\n<p>Le CIDFF lig\u00e9rien s\u2019associe \u00e0 la mobilisation nationale pour demander le versement imm\u00e9diat des subventions 2025, sans quoi des dizaines de milliers de femmes risqueraient de <a href=\"https:\/\/www.leprogres.fr\/societe\/2023\/11\/17\/acces-au-droit-violences-comment-le-cidff-lutte-en-faveur-des-femmes\" target=\"_blank\" rel=\"noopener\">se retrouver sans accompagnement<\/a>.<\/p>\n<p>\u00ab\u00a0Symboliquement, nous suspendrons nos activit\u00e9s \u00e0 destination des publics ce vendredi 27\u00a0juin au matin\u00a0\u00bb, mentionne le communiqu\u00e9. \u00ab\u00a0Le conseil d\u2019administration et l\u2019ensemble de l\u2019\u00e9quipe du CIDFF 42 invitent le public \u00e0 un caf\u00e9 convivial pour \u00e9changer autour des cons\u00e9quences de ces retards de versements de subventions, ce vendredi \u00e0 la Maison de l\u2019emploi.\u00a0\u00bb<\/p>\n<p class=\"note\">Caf\u00e9 et \u00e9changes toute la matin\u00e9e d\u00e8s 9\u00a0heures \u00e0 la Maison de l\u2019emploi, 18 av. Augustin-Dupr\u00e9 \u00e0 Saint-\u00c9tienne, 04.77.01.33.55.<\/p>\n","protected":false},"excerpt":{"rendered":"Pour les Centres d\u2019information sur les droits des femmes et des familles (CIDFF), il y a urgence. \u00ab\u00a0Les&hellip;\n","protected":false},"author":2,"featured_media":206824,"comment_status":"","ping_status":"","sticky":false,"template":"","format":"standard","meta":{"footnotes":""},"categories":[9653],"tags":[1111,11,2430,7539,1777,674,6757,1011,27,3367,12,25,4001,7538,104],"class_list":{"0":"post-206823","1":"post","2":"type-post","3":"status-publish","4":"format-standard","5":"has-post-thumbnail","7":"category-saint-etienne","8":"tag-actu","9":"tag-actualites","10":"tag-auvergne-rhone-alpes","11":"tag-edition-loire-sud","12":"tag-eu","13":"tag-europe","14":"tag-feminisme","15":"tag-fr","16":"tag-france","17":"tag-loire","18":"tag-news","19":"tag-republique-francaise","20":"tag-saint-etienne","21":"tag-saint-etienne-ville","22":"tag-societe"},"share_on_mastodon":{"url":"https:\/\/pubeurope.com\/@fr\/114751910954026830","error":""},"_links":{"self":[{"href":"https:\/\/www.europesays.com\/fr\/wp-json\/wp\/v2\/posts\/206823","targetHints":{"allow":["GET"]}}],"collection":[{"href":"https:\/\/www.europesays.com\/fr\/wp-json\/wp\/v2\/posts"}],"about":[{"href":"https:\/\/www.europesays.com\/fr\/wp-json\/wp\/v2\/types\/post"}],"author":[{"embeddable":true,"href":"https:\/\/www.europesays.com\/fr\/wp-json\/wp\/v2\/users\/2"}],"replies":[{"embeddable":true,"href":"https:\/\/www.europesays.com\/fr\/wp-json\/wp\/v2\/comments?post=206823"}],"version-history":[{"count":0,"href":"https:\/\/www.europesays.com\/fr\/wp-json\/wp\/v2\/posts\/206823\/revisions"}],"wp:featuredmedia":[{"embeddable":true,"href":"https:\/\/www.europesays.com\/fr\/wp-json\/wp\/v2\/media\/206824"}],"wp:attachment":[{"href":"https:\/\/www.europesays.com\/fr\/wp-json\/wp\/v2\/media?parent=206823"}],"wp:term":[{"taxonomy":"category","embeddable":true,"href":"https:\/\/www.europesays.com\/fr\/wp-json\/wp\/v2\/categories?post=206823"},{"taxonomy":"post_tag","embeddable":true,"href":"https:\/\/www.europesays.com\/fr\/wp-json\/wp\/v2\/tags?post=206823"}],"curies":[{"name":"wp","href":"https:\/\/api.w.org\/{rel}","templated":true}]}}