{"id":206835,"date":"2025-06-26T22:05:21","date_gmt":"2025-06-26T22:05:21","guid":{"rendered":"https:\/\/www.europesays.com\/fr\/206835\/"},"modified":"2025-06-26T22:05:21","modified_gmt":"2025-06-26T22:05:21","slug":"a-montpellier-lartiste-jr-investit-lemblematique-carre-saint-anne-pour-sa-reouverture","status":"publish","type":"post","link":"https:\/\/www.europesays.com\/fr\/206835\/","title":{"rendered":"\u00c0 Montpellier, l&rsquo;artiste JR investit l&#8217;embl\u00e9matique Carr\u00e9 Saint-Anne pour sa r\u00e9ouverture"},"content":{"rendered":"<p>Des milliers de mains photocopi\u00e9es, suspendues en bouquets aux branches d&rsquo;un arbre, au c\u0153ur d&rsquo;une \u00e9glise d\u00e9sacralis\u00e9e: \u00e0 Montpellier, l&rsquo;artiste fran\u00e7ais JR c\u00e9l\u00e8bre, avec une \u0153uvre \u00ab\u00a0onirique et participative\u00a0\u00bb, la r\u00e9ouverture du Carr\u00e9 Saint-Anne, embl\u00e9matique centre d&rsquo;art contemporain.<\/p>\n<p>Ferm\u00e9e pendant sept ans pour des travaux de r\u00e9habilitation et de restauration, l&rsquo;ancienne \u00e9glise n\u00e9o-gothique, b\u00e2timent le plus \u00e9lev\u00e9 du c\u0153ur historique de Montpellier, accueille d\u00e8s vendredi \u00ab\u00a0JR Adventice\u00a0\u00bb, installation cr\u00e9\u00e9e pour l&rsquo;occasion par l&rsquo;un des artistes fran\u00e7ais vivant les plus c\u00e9l\u00e8bres.<\/p>\n<p>Connu pour ses r\u00e9alisations sur l&rsquo;espace public, JR a notamment expos\u00e9 des portraits g\u00e9ants de Palestiniens et d&rsquo;Isra\u00e9liens sur le mur de Gaza et s&rsquo;est aussi rendu c\u00e9l\u00e8bre pour ses collages photographiques g\u00e9ant d\u00e9ploy\u00e9s dans les favelas de Rio, \u00e0 Shanghai, \u00e0 New York ou au N\u00e9pal.<\/p>\n<p>Apr\u00e8s un large appel \u00e0 participation lanc\u00e9 en mars, des milliers de personnes ont photocopi\u00e9 leurs mains en noir et blanc, avant de les d\u00e9couper. Puis l&rsquo;\u00e9quipe de l&rsquo;artiste aux lunettes et au chapeau noirs les ont accroch\u00e9es au plafond de l&rsquo;\u00e9glise et aux branches d&rsquo;un arbre au large tronc plant\u00e9 au c\u0153ur de l&rsquo;ancien lieu de culte.<\/p>\n<p>\u00ab\u00a0Pendant toute l&rsquo;exposition, cela va continuer: il y aura des photocopieuses, les mains deviendront des feuilles, avec chacune leur particularit\u00e9, mais dans lesquelles on peut tous se repr\u00e9senter\u00a0\u00bb, a expliqu\u00e9 JR, en faisant d\u00e9couvrir sa nouvelle installation \u00e0 la presse.<\/p>\n<p>&#8211; \u00ab\u00a0Mauvaises herbes\u00a0\u00bb &#8211;<\/p>\n<p>\u00ab\u00a0C&rsquo;est un arbre onirique. Dans cinq mois, on n&rsquo;en verra plus les branches, il sera enti\u00e8rement recouvert des mains des visiteurs, qui viendront s&rsquo;ajouter \u00e0 celles d\u00e9j\u00e0 envoy\u00e9es par des enfants, des r\u00e9sidents de maison de retraite, des personnes handicap\u00e9es\u00a0\u00bb, a expliqu\u00e9 l&rsquo;artiste, n\u00e9 \u00e0 Paris il y a 42 ans, soulignant l&rsquo;importance pour lui de \u00ab\u00a0rendre le c\u00f4t\u00e9 participatif tr\u00e8s facile\u00a0\u00bb.<\/p>\n<p>Commissaire de l\u2019exposition et directeur du Mo.Co. (Montpellier contemporain), Numa Hambursin fait pour sa part le lien entre cet arbre monumental et une \u00ab\u00a0histoire myst\u00e9rieuse et m\u00e9connue de Montpellier\u00a0\u00bb, dont l&rsquo;artiste s&rsquo;est inspir\u00e9.<\/p>\n<p>\u00ab\u00a0Au Moyen-Age, lorsque les premiers moulins drapiers firent leur apparition sur les rives du Lez, on vit pousser par endroit une flore inconnue. La laine brute, import\u00e9e d&rsquo;Espagne, d&rsquo;Afrique du Nord ou encore de Constantinople, \u00e9tait lav\u00e9e dans les eaux du fleuve, laissant \u00e9chapper des graines lointaines, qui ont trouv\u00e9 un terrain favorable pour se d\u00e9velopper\u00a0\u00bb, explique-t-il.<\/p>\n<p>\u00ab\u00a0Aujourd&rsquo;hui encore, ces plantes participent du sentiment d&rsquo;\u00e9tranget\u00e9 que l&rsquo;on \u00e9prouve en parcourant certaines portion du Lez. C&rsquo;est aussi de l\u00e0 que vient le titre de l&rsquo;exposition: +JR Adventice+. Le terme, issu du latin, se r\u00e9f\u00e8re \u00e0 la fois \u00e0 +ce qui vient de l&rsquo;ext\u00e9rieur+ et aux +mauvaises herbes+. Pour JR, l&rsquo;herbe venue d&rsquo;ailleurs participe \u00e0 l&rsquo;\u00e9panouissement d&rsquo;une terre, d&rsquo;une ville ou d&rsquo;un pays\u00a0\u00bb, ajoute le commissaire de l&rsquo;exposition.<\/p>\n<p>Devenu un espace d&rsquo;exposition d&rsquo;art contemporain dans les ann\u00e9es 1990, le Carr\u00e9 Saint-Anne vient tout juste d&rsquo;ouvrir au public, apr\u00e8s une r\u00e9novation de plus de cinq millions d&rsquo;euros.<\/p>\n<p>\u00ab\u00a0JR Adventice\u00a0\u00bb, exposition gratuite, sera ouverte du mardi au dimanche jusqu&rsquo;au 7 d\u00e9cembre.<\/p>\n<p>siu\/ol\/abl<\/p>\n","protected":false},"excerpt":{"rendered":"Des milliers de mains photocopi\u00e9es, suspendues en bouquets aux branches d&rsquo;un arbre, au c\u0153ur d&rsquo;une \u00e9glise d\u00e9sacralis\u00e9e: \u00e0&hellip;\n","protected":false},"author":2,"featured_media":206836,"comment_status":"","ping_status":"","sticky":false,"template":"","format":"standard","meta":{"footnotes":""},"categories":[9599],"tags":[1111,11,34576,1777,674,34577,1011,27,5150,12420,2208,12,2680,25],"class_list":{"0":"post-206835","1":"post","2":"type-post","3":"status-publish","4":"format-standard","5":"has-post-thumbnail","7":"category-montpellier","8":"tag-actu","9":"tag-actualites","10":"tag-carre-saint-anne","11":"tag-eu","12":"tag-europe","13":"tag-favelas-de-rio","14":"tag-fr","15":"tag-france","16":"tag-jr","17":"tag-lartiste","18":"tag-montpellier","19":"tag-news","20":"tag-occitanie","21":"tag-republique-francaise"},"share_on_mastodon":{"url":"https:\/\/pubeurope.com\/@fr\/114751938393924478","error":""},"_links":{"self":[{"href":"https:\/\/www.europesays.com\/fr\/wp-json\/wp\/v2\/posts\/206835","targetHints":{"allow":["GET"]}}],"collection":[{"href":"https:\/\/www.europesays.com\/fr\/wp-json\/wp\/v2\/posts"}],"about":[{"href":"https:\/\/www.europesays.com\/fr\/wp-json\/wp\/v2\/types\/post"}],"author":[{"embeddable":true,"href":"https:\/\/www.europesays.com\/fr\/wp-json\/wp\/v2\/users\/2"}],"replies":[{"embeddable":true,"href":"https:\/\/www.europesays.com\/fr\/wp-json\/wp\/v2\/comments?post=206835"}],"version-history":[{"count":0,"href":"https:\/\/www.europesays.com\/fr\/wp-json\/wp\/v2\/posts\/206835\/revisions"}],"wp:featuredmedia":[{"embeddable":true,"href":"https:\/\/www.europesays.com\/fr\/wp-json\/wp\/v2\/media\/206836"}],"wp:attachment":[{"href":"https:\/\/www.europesays.com\/fr\/wp-json\/wp\/v2\/media?parent=206835"}],"wp:term":[{"taxonomy":"category","embeddable":true,"href":"https:\/\/www.europesays.com\/fr\/wp-json\/wp\/v2\/categories?post=206835"},{"taxonomy":"post_tag","embeddable":true,"href":"https:\/\/www.europesays.com\/fr\/wp-json\/wp\/v2\/tags?post=206835"}],"curies":[{"name":"wp","href":"https:\/\/api.w.org\/{rel}","templated":true}]}}