{"id":206837,"date":"2025-06-26T22:09:48","date_gmt":"2025-06-26T22:09:48","guid":{"rendered":"https:\/\/www.europesays.com\/fr\/206837\/"},"modified":"2025-06-26T22:09:48","modified_gmt":"2025-06-26T22:09:48","slug":"le-probleme-avec-le-discours-du-maire-eric-piolle","status":"publish","type":"post","link":"https:\/\/www.europesays.com\/fr\/206837\/","title":{"rendered":"\u00ab\u00a0Le probl\u00e8me avec le discours du maire Eric Piolle\u2026\u00a0\u00bb"},"content":{"rendered":"<p>Lundi soir au conseil municipal, <a href=\"https:\/\/www.ledauphine.com\/p\/eric-piolle\" target=\"_blank\" rel=\"nofollow noopener\">\u00c9ric Piolle<\/a> avait d\u00e9clar\u00e9 <a href=\"https:\/\/www.ledauphine.com\/politique\/2025\/06\/24\/isere-grenoble-rehovot-toujours-des-remous-sur-le-jumelage-suspendu-sine-die\" target=\"_blank\" rel=\"nofollow noopener\"> qu\u2019il n\u2019y avait \u00ab\u00a0ni lien institutionnel, ni travail citoyen\u00a0\u00bb entre Grenoble et la ville isra\u00e9lienne de Rehovot<\/a>. Des propos qui font toujours r\u00e9agir ici et l\u00e0.<\/p>\n<p>Cette fois-ci, c\u2019est au tour de plusieurs associations (Urgence Palestine Grenoble, Lib\u00e9rons Georges Abdallah 38, Nous toutes 38, Organisation autonome Is\u00e8re, Ligue de la jeunesse r\u00e9volutionnaire, UCL Grenoble et Extinction r\u00e9bellion Grenoble) de s\u2019exprimer\u00a0: \u00ab\u00a0Lors du conseil municipal du 23\u00a0juin 2025, Piolle a officialis\u00e9 la position qu\u2019il avait d\u00e9j\u00e0 tenue \u00e0 plusieurs reprises. Le jumelage entre Grenoble et Rehovot est \u00ab\u00a0suspendu sine die\u00a0\u00bb. Ce narratif nous est d\u00e9sormais familier. Le jumelage serait \u00ab\u00a0en sommeil\u00a0\u00bb depuis la mandature Destot. Lors du conseil municipal d\u2019hier, Piolle a ajout\u00e9 qu\u2019il n\u2019y avait d\u00e9sormais plus de lien institutionnel entre Grenoble et Rehovot\u2026 Qu\u2019en est-il r\u00e9ellement\u00a0?\u00a0\u00bb<\/p>\n<p>  \u00ab\u00a0Nous ne sommes pas dupes\u00a0\u00bb<\/p>\n<p>Les associations continuent\u00a0: \u00ab\u00a0Cette d\u00e9cision fait suite \u00e0 plusieurs ann\u00e9es de contestation et \u00e0 une campagne de mobilisation intense contre ce partenariat l\u00e9gitimant le r\u00e9gime colonial sioniste et sa politique g\u00e9nocidaire. Nous, collectifs mobilis\u00e9s sur cette question, pouvons l\u00e9gitimement consid\u00e9rer cette annonce comme une premi\u00e8re victoire. Sans notre d\u00e9termination, la question \u00e9minemment politique de ce jumelage n\u2019aurait m\u00eame pas \u00e9t\u00e9 pos\u00e9e. Cependant, nous ne sommes pas dupes. Le probl\u00e8me avec le discours du maire est qu\u2019il ne correspond pas \u00e0 la r\u00e9alit\u00e9. C\u2019est en effet Monsieur le maire lui-m\u00eame qui, le 12\u00a0octobre 2023, a annonc\u00e9 la relance du comit\u00e9 de Jumelage. C\u2019est toujours Monsieur le maire qui, dans sa lettre au Crif du 19\u00a0novembre 2024, s\u2019est vant\u00e9 \u00ab\u00a0de son choix assum\u00e9 de ne pas rompre ce jumelage\u00a0\u00bb. C\u2019est encore Monsieur le maire qui affirme qu\u2019il n\u2019y a plus de lien institutionnel entre Grenoble et Rehovot\u2026 Mais que p\u00e8se une simple d\u00e9claration sans vote ni d\u00e9lib\u00e9ration du conseil municipal\u00a0? [\u2026] Nous r\u00e9it\u00e9rons donc notre exigence\u00a0: le conseil municipal de la Ville de Grenoble doit voter la fin d\u00e9finitive du jumelage avec Rehovot\u00a0!\u00a0\u00bb<\/p>\n","protected":false},"excerpt":{"rendered":"Lundi soir au conseil municipal, \u00c9ric Piolle avait d\u00e9clar\u00e9 qu\u2019il n\u2019y avait \u00ab\u00a0ni lien institutionnel, ni travail citoyen\u00a0\u00bb&hellip;\n","protected":false},"author":2,"featured_media":206838,"comment_status":"","ping_status":"","sticky":false,"template":"","format":"standard","meta":{"footnotes":""},"categories":[9566],"tags":[1111,11,2430,1984,3206,112,1777,674,1011,27,2731,2732,108,12,316,25,104,1631],"class_list":{"0":"post-206837","1":"post","2":"type-post","3":"status-publish","4":"format-standard","5":"has-post-thumbnail","7":"category-grenoble","8":"tag-actu","9":"tag-actualites","10":"tag-auvergne-rhone-alpes","11":"tag-conseil-municipal","12":"tag-defense-guerre-conflit","13":"tag-edition-grenoble-agglomeration","14":"tag-eu","15":"tag-europe","16":"tag-fr","17":"tag-france","18":"tag-grenoble","19":"tag-grenoble-bassin","20":"tag-isere","21":"tag-news","22":"tag-politique","23":"tag-republique-francaise","24":"tag-societe","25":"tag-vie-associative"},"share_on_mastodon":{"url":"https:\/\/pubeurope.com\/@fr\/114751958046232393","error":""},"_links":{"self":[{"href":"https:\/\/www.europesays.com\/fr\/wp-json\/wp\/v2\/posts\/206837","targetHints":{"allow":["GET"]}}],"collection":[{"href":"https:\/\/www.europesays.com\/fr\/wp-json\/wp\/v2\/posts"}],"about":[{"href":"https:\/\/www.europesays.com\/fr\/wp-json\/wp\/v2\/types\/post"}],"author":[{"embeddable":true,"href":"https:\/\/www.europesays.com\/fr\/wp-json\/wp\/v2\/users\/2"}],"replies":[{"embeddable":true,"href":"https:\/\/www.europesays.com\/fr\/wp-json\/wp\/v2\/comments?post=206837"}],"version-history":[{"count":0,"href":"https:\/\/www.europesays.com\/fr\/wp-json\/wp\/v2\/posts\/206837\/revisions"}],"wp:featuredmedia":[{"embeddable":true,"href":"https:\/\/www.europesays.com\/fr\/wp-json\/wp\/v2\/media\/206838"}],"wp:attachment":[{"href":"https:\/\/www.europesays.com\/fr\/wp-json\/wp\/v2\/media?parent=206837"}],"wp:term":[{"taxonomy":"category","embeddable":true,"href":"https:\/\/www.europesays.com\/fr\/wp-json\/wp\/v2\/categories?post=206837"},{"taxonomy":"post_tag","embeddable":true,"href":"https:\/\/www.europesays.com\/fr\/wp-json\/wp\/v2\/tags?post=206837"}],"curies":[{"name":"wp","href":"https:\/\/api.w.org\/{rel}","templated":true}]}}