{"id":206844,"date":"2025-06-26T22:13:10","date_gmt":"2025-06-26T22:13:10","guid":{"rendered":"https:\/\/www.europesays.com\/fr\/206844\/"},"modified":"2025-06-26T22:13:10","modified_gmt":"2025-06-26T22:13:10","slug":"la-nouvelle-sectorisation-de-la-meinau-inquiete","status":"publish","type":"post","link":"https:\/\/www.europesays.com\/fr\/206844\/","title":{"rendered":"la nouvelle sectorisation de la Meinau inqui\u00e8te"},"content":{"rendered":"<p>\u00ab\u00a0On d\u00e9shabille Pierre pour habiller Paul. Une \u00e9cole ouvre, mais des classes ferment dans la n\u00f4tre\u00a0\u00bb, se d\u00e9sole une m\u00e8re devant l\u2019entr\u00e9e de l\u2019\u00e9cole maternelle Fischart. Ce jeudi 26\u00a0juin matin, une vingtaine de parents y ont manifest\u00e9 pour d\u00e9noncer la fermeture de trois classes (deux monolingues et une bilingue allemande suite \u00e0 l\u2019arr\u00eat d\u2019un d\u00e9doublement), le d\u00e9part de cinq enseignantes et d\u2019une Atsem. \u00ab\u00a0Nous passons de dix \u00e0 sept classes, avec des effectifs qui vont doubler \u00bb, alerte Aline, repr\u00e9sentante des parents d\u2019\u00e9l\u00e8ves.<\/p>\n<p>Ce contenu est bloqu\u00e9 car vous n&rsquo;avez pas accept\u00e9 les cookies et autres traceurs.<\/p>\n<p>En cliquant sur \u00ab J\u2019accepte \u00bb, les cookies et autres traceurs seront d\u00e9pos\u00e9s et vous pourrez visualiser les contenus  (<a href=\"\" class=\"consentModule_policy\" target=\"_blank\" title=\"Consulter la politique de protection des donn\u00e9es du fournisseur\">plus d&rsquo;informations<\/a>).<\/p>\n<p>En cliquant sur \u00ab J\u2019accepte tous les cookies \u00bb, vous autorisez des d\u00e9p\u00f4ts de cookies et autres traceurs pour le stockage de vos donn\u00e9es sur nos sites et applications \u00e0 des fins de personnalisation et de ciblage publicitaire.<\/p>\n<p class=\"consentModule_secondaryText\">Vous gardez la possibilit\u00e9 de retirer votre consentement \u00e0 tout moment en consultant notre <a href=\"https:\/\/www.dna.fr\/protection-des-donnees\" target=\"_blank\" title=\"Consulter notre politique de protection des donn\u00e9es\" rel=\"noopener\">politique de protection des donn\u00e9es<\/a>. <br \/>&#13;<br \/>\n            <a href=\"https:\/\/www.dna.fr\/education\/2025\/06\/26\/javascript:Didomi.notice.show()\" class=\"consentModule_cmp\" target=\"_blank\" rel=\"noopener\">G\u00e9rer mes choix<\/a>&#13;\n        <\/p>\n<p>&#13;<br \/>\n                        J&rsquo;accepte&#13;<br \/>\n            J&rsquo;accepte tous les cookies&#13;\n        <\/p>\n<p>  Trois classes ferm\u00e9es \u00e0 Fischart, une \u00e0 Neufeld\u2026<\/p>\n<p>Les parents inquiets n\u2019ont d\u00e9couvert ces changements que lors du dernier conseil scolaire, mi-juin. \u00ab\u00a0Nous sommes dans un \u00e9tablissement en REP +. Le d\u00e9doublement des classes permet d\u2019accompagner correctement tous les types d\u2019\u00e9l\u00e8ves, qu\u2019ils soient en difficult\u00e9, suivis pour des handicaps, avec une langue maternelle diff\u00e9rente du fran\u00e7ais\u2026 Cela fonctionne tr\u00e8s bien et il faudrait l\u2019arr\u00eater\u00a0?\u00a0\u00bb se d\u00e9sole Jennifer, m\u00e8re de deux enfants.<\/p>\n<p>Karima est \u00e9galement inqui\u00e8te. Sa fille va passer d\u2019une classe de 12 \u00e9l\u00e8ves \u00e0 24 ou plus\u00a0: \u00ab\u00a0Il y aura forc\u00e9ment un impact sur son apprentissage\u2026\u00a0\u00bb<\/p>\n<p>En plus de la fermeture des classes, le d\u00e9part de cinq ma\u00eetresses a \u00e9t\u00e9 annonc\u00e9. \u00ab\u00a0Certaines \u00e9taient en poste depuis plus de six ans, deux n\u2019ont toujours pas d\u2019affectation et la derni\u00e8re se retrouve affect\u00e9e \u00e0 trois \u00e9tablissements. Elle ne sera pr\u00e9sente qu\u2019un jour par semaine chez nous. Quelle stabilit\u00e9 pour elle et les enfants\u00a0?\u00a0\u00bb liste une enseignante qui d\u00e9plore aussi la situation.<\/p>\n<p>  Classes plus nombreuses et fratries s\u00e9par\u00e9es<\/p>\n<p>L\u2019\u00e9cole Fischart n\u2019est pas la seule \u00e0 conna\u00eetre des fermetures de classe dans le secteur. Les parents d\u2019\u00e9l\u00e8ves du Neufeld se mobilisent \u00e9galement contre la disparition d\u2019une classe bilingue. Si plusieurs dizaines d\u2019\u00e9l\u00e8ves vont \u00eatre orient\u00e9s vers le nouveau groupe scolaire Krimmeri, le nombre d\u2019enfants par classe pourrait tout de m\u00eame augmenter.<\/p>\n<p>Ce qui inqui\u00e8te aussi, c\u2019est la s\u00e9paration des fratries. \u00ab\u00a0Notre premier enfant a \u00e9t\u00e9 r\u00e9accept\u00e9 \u00e0 Neufeld sur d\u00e9rogation, car il fait une classe bilingue. Ce n\u2019est pas le cas de la deuxi\u00e8me, qui a \u00e9t\u00e9 affect\u00e9e \u00e0 Krimmeri\u00a0\u00bb, d\u00e9taille Ana\u00efs. Or, avoir une famille \u00e0 cheval sur deux \u00e9tablissements peut engendrer de r\u00e9elles complications au quotidien. \u00ab\u00a0Une autre m\u00e8re, en situation monoparentale, va devoir chercher ses enfants \u00e0 16\u00a0h\u00a030 \u00e0 deux endroits diff\u00e9rents. Comme c\u2019est impossible, va-t-elle \u00eatre oblig\u00e9e de payer le p\u00e9riscolaire pour l\u2019un d\u2019eux\u00a0?\u00a0\u00bb questionne-t-elle.<\/p>\n<p>  Un nouveau groupe scolaire, mais pas de cr\u00e9ation de postes<\/p>\n<p>Ces fermetures simultan\u00e9es dans diff\u00e9rentes \u00e9coles ne sont pas un hasard du calendrier. Elles d\u00e9coulent de la nouvelle sectorisation due \u00e0 <a href=\"https:\/\/www.dna.fr\/encadres\/2025\/01\/16\/le-nouveau-groupe-scolaire-krimmeri-meinau-accueillera-ses-premiers-eleves-a-la-rentree-2025\" target=\"_blank\" rel=\"noopener\">l\u2019ouverture du groupe scolaire Krimmeri<\/a>. \u00ab\u00a0On nous a expliqu\u00e9 que l\u2019ensemble Krimmeri allait \u00eatre ouvert mais qu\u2019il n\u2019y avait pas eu de cr\u00e9ation de postes. Des classes doivent donc fermer ailleurs pour peupler le nouveau groupe scolaire\u00a0\u00bb, d\u00e9plore Ana\u00efs.<\/p>\n<p>Interrog\u00e9 sur la situation, le service de l\u2019enfance et de l\u2019\u00e9ducation de la Ville explique que cette ouverture \u00ab\u00a0a pour vocation d\u2019absorber la nouvelle urbanisation qui appara\u00eet dans le quartier de la Meinau, mais aussi de d\u00e9charger les \u00e9coles dont le besoin se faisait ressentir par les \u00e9quipes \u00e9ducatives, en l\u2019occurrence\u00a0: Neufeld, Meinau, Fischart, Lezay Marn\u00e9sia.\u00a0\u00bb La Ville s\u2019est donc engag\u00e9e \u00e0 r\u00e9duire les effectifs dans les \u00e9coles, mais c\u2019est ensuite l\u2019\u00c9ducation nationale qui d\u00e9finit le nombre de postes d\u2019enseignant par \u00e9cole. Ce qui explique un paradoxe\u00a0: moins d\u2019enfants dans les \u00e9coles, mais davantage dans les classes.<\/p>\n","protected":false},"excerpt":{"rendered":"\u00ab\u00a0On d\u00e9shabille Pierre pour habiller Paul. Une \u00e9cole ouvre, mais des classes ferment dans la n\u00f4tre\u00a0\u00bb, se d\u00e9sole&hellip;\n","protected":false},"author":2,"featured_media":206845,"comment_status":"","ping_status":"","sticky":false,"template":"","format":"standard","meta":{"footnotes":""},"categories":[2820],"tags":[1111,11,2389,2649,2880,1057,30447,1777,674,107,1011,27,775,10425,12,25,640,2879],"class_list":{"0":"post-206844","1":"post","2":"type-post","3":"status-publish","4":"format-standard","5":"has-post-thumbnail","7":"category-strasbourg","8":"tag-actu","9":"tag-actualites","10":"tag-alsace","11":"tag-bas-rhin","12":"tag-edition-strasbourg","13":"tag-education","14":"tag-enseignement-elementaire","15":"tag-eu","16":"tag-europe","17":"tag-fil-info","18":"tag-fr","19":"tag-france","20":"tag-grand-est","21":"tag-maternelle-elementaire","22":"tag-news","23":"tag-republique-francaise","24":"tag-strasbourg","25":"tag-strasbourg-ville"},"share_on_mastodon":{"url":"https:\/\/pubeurope.com\/@fr\/114751969997515434","error":""},"_links":{"self":[{"href":"https:\/\/www.europesays.com\/fr\/wp-json\/wp\/v2\/posts\/206844","targetHints":{"allow":["GET"]}}],"collection":[{"href":"https:\/\/www.europesays.com\/fr\/wp-json\/wp\/v2\/posts"}],"about":[{"href":"https:\/\/www.europesays.com\/fr\/wp-json\/wp\/v2\/types\/post"}],"author":[{"embeddable":true,"href":"https:\/\/www.europesays.com\/fr\/wp-json\/wp\/v2\/users\/2"}],"replies":[{"embeddable":true,"href":"https:\/\/www.europesays.com\/fr\/wp-json\/wp\/v2\/comments?post=206844"}],"version-history":[{"count":0,"href":"https:\/\/www.europesays.com\/fr\/wp-json\/wp\/v2\/posts\/206844\/revisions"}],"wp:featuredmedia":[{"embeddable":true,"href":"https:\/\/www.europesays.com\/fr\/wp-json\/wp\/v2\/media\/206845"}],"wp:attachment":[{"href":"https:\/\/www.europesays.com\/fr\/wp-json\/wp\/v2\/media?parent=206844"}],"wp:term":[{"taxonomy":"category","embeddable":true,"href":"https:\/\/www.europesays.com\/fr\/wp-json\/wp\/v2\/categories?post=206844"},{"taxonomy":"post_tag","embeddable":true,"href":"https:\/\/www.europesays.com\/fr\/wp-json\/wp\/v2\/tags?post=206844"}],"curies":[{"name":"wp","href":"https:\/\/api.w.org\/{rel}","templated":true}]}}