{"id":206862,"date":"2025-06-26T22:23:10","date_gmt":"2025-06-26T22:23:10","guid":{"rendered":"https:\/\/www.europesays.com\/fr\/206862\/"},"modified":"2025-06-26T22:23:10","modified_gmt":"2025-06-26T22:23:10","slug":"toulouse-un-conducteur-de-trottinette-meurt-percute-par-un-train-a-un-passage-a-niveau","status":"publish","type":"post","link":"https:\/\/www.europesays.com\/fr\/206862\/","title":{"rendered":"Toulouse\u00a0: un conducteur de trottinette meurt percut\u00e9 par un train \u00e0 un passage \u00e0 niveau"},"content":{"rendered":"<p class=\"paragraph text_align_left lp-f-body-02\">\u00ab Il s\u2019est dit qu\u2019il avait le temps de passer et il a acc\u00e9l\u00e9r\u00e9 \u00bb. Un conducteur de trottinette \u00e2g\u00e9 de 35 ans est d\u00e9c\u00e9d\u00e9 jeudi apr\u00e8s avoir \u00e9t\u00e9 heurt\u00e9 par un train de voyageurs \u00e0 <a href=\"https:\/\/www.leparisien.fr\/haute-garonne-31\/\" target=\"_self\" rel=\"nofollow noopener\">Toulouse (Haute-Garonne)<\/a>, ont indiqu\u00e9 les pompiers.<\/p>\n<p class=\"paragraph text_align_left lp-f-body-02\">L\u2019homme a <a href=\"https:\/\/www.leparisien.fr\/val-d-oise-95\/un-pieton-mortellement-percute-par-un-train-au-passage-a-niveau-de-deuil-montmagny-03-01-2025-O3Y5LDWBCBDTZAA5FZYD6UNDAI.php\" target=\"_self\" rel=\"nofollow noopener\">\u00e9t\u00e9 heurt\u00e9 par un train \u00e0 hauteur d\u2019un passage \u00e0 niveau<\/a> au sud de la ville, selon les pompiers, qui ont \u00e9t\u00e9 mobilis\u00e9s \u00ab pour une intervention impliquant une trottinette et un TER \u00bb, en d\u00e9but d\u2019apr\u00e8s-midi.<\/p>\n<p class=\"paragraph text_align_left lp-f-body-02\">\u00ab La conductrice du train a vu le pilote de la trottinette franchir le passage \u00e0 niveau, qui \u00e9tait ferm\u00e9, en chicane. Il a regard\u00e9 le train arriver, s\u2019est dit qu\u2019il avait le temps de passer et il a acc\u00e9l\u00e9r\u00e9 \u00bb, a indiqu\u00e9 \u00e0 l\u2019AFP le porte-parole de la SNCF.<\/p>\n<p>Une enqu\u00eate est en cours<\/p>\n<p class=\"paragraph text_align_left lp-f-body-02\">Les 39 personnes qui se trouvaient \u00e0 bord du train ont eu pour consigne de sortir des rames pour se rendre au quai de gare le plus proche.<\/p>\n<blockquote class=\"twitter-tweet\">\n<p lang=\"fr\" dir=\"ltr\">\ud83d\udd3415h45 [Toulouse\u2194\ufe0fAuch\/Pau\/Latour]<\/p>\n<p>Une personne a \u00e9t\u00e9 heurt\u00e9e par un train entre Toulouse &amp; les Ar\u00e8nes.<br \/>\u274cLe trafic est interrompu le temps que les secours et nos \u00e9quipes interviennent<\/p>\n<p>\u23f1\ufe0fReprise estim\u00e9e \u00e0 18h<\/p>\n<p>\u2795d&rsquo;infos <a href=\"https:\/\/t.co\/S4Dzi7pjMm\" rel=\"nofollow\">pic.twitter.com\/S4Dzi7pjMm<\/a><\/p>\n<p>\u2014 liO Train SNCF Occitanie (@lio_train_sncf) <a href=\"https:\/\/twitter.com\/lio_train_sncf\/status\/1938234027862847848?ref_src=twsrc%5Etfw\" rel=\"nofollow noopener\" target=\"_blank\">June 26, 2025<\/a><\/p><\/blockquote>\n<p class=\"paragraph text_align_left lp-f-body-02\">Le trafic, qui a \u00e9t\u00e9 interrompu sur l\u2019axe entre Toulouse et Auch, reprend progressivement en fin de journ\u00e9e, <a href=\"https:\/\/x.com\/lio_train_sncf\/status\/1938273863642517552\" target=\"_self\" rel=\"nofollow\">a indiqu\u00e9 sur X liO Train SNCF Occitanie<\/a>. \u00ab Des perturbations restent \u00e0 pr\u00e9voir jusqu\u2019en fin de journ\u00e9e le temps que le trafic se r\u00e9gule \u00bb, pr\u00e9cise l\u2019entreprise.<\/p>\n<p class=\"paragraph text_align_left lp-f-body-02\">Une enqu\u00eate de police est en cours, selon les pompiers.<\/p>\n<p><script async src=\"https:\/\/platform.twitter.com\/widgets.js\" charset=\"utf-8\"><\/script><\/p>\n","protected":false},"excerpt":{"rendered":"\u00ab Il s\u2019est dit qu\u2019il avait le temps de passer et il a acc\u00e9l\u00e9r\u00e9 \u00bb. Un conducteur de&hellip;\n","protected":false},"author":2,"featured_media":206863,"comment_status":"","ping_status":"","sticky":false,"template":"","format":"standard","meta":{"footnotes":""},"categories":[2816],"tags":[1111,11,459,1777,674,118,1011,27,4623,12,2680,25,2312],"class_list":{"0":"post-206862","1":"post","2":"type-post","3":"status-publish","4":"format-standard","5":"has-post-thumbnail","7":"category-toulouse","8":"tag-actu","9":"tag-actualites","10":"tag-departements-horsidfo","11":"tag-eu","12":"tag-europe","13":"tag-faits-divers","14":"tag-fr","15":"tag-france","16":"tag-haute-garonne-31","17":"tag-news","18":"tag-occitanie","19":"tag-republique-francaise","20":"tag-toulouse"},"share_on_mastodon":{"url":"https:\/\/pubeurope.com\/@fr\/114752009193159946","error":""},"_links":{"self":[{"href":"https:\/\/www.europesays.com\/fr\/wp-json\/wp\/v2\/posts\/206862","targetHints":{"allow":["GET"]}}],"collection":[{"href":"https:\/\/www.europesays.com\/fr\/wp-json\/wp\/v2\/posts"}],"about":[{"href":"https:\/\/www.europesays.com\/fr\/wp-json\/wp\/v2\/types\/post"}],"author":[{"embeddable":true,"href":"https:\/\/www.europesays.com\/fr\/wp-json\/wp\/v2\/users\/2"}],"replies":[{"embeddable":true,"href":"https:\/\/www.europesays.com\/fr\/wp-json\/wp\/v2\/comments?post=206862"}],"version-history":[{"count":0,"href":"https:\/\/www.europesays.com\/fr\/wp-json\/wp\/v2\/posts\/206862\/revisions"}],"wp:featuredmedia":[{"embeddable":true,"href":"https:\/\/www.europesays.com\/fr\/wp-json\/wp\/v2\/media\/206863"}],"wp:attachment":[{"href":"https:\/\/www.europesays.com\/fr\/wp-json\/wp\/v2\/media?parent=206862"}],"wp:term":[{"taxonomy":"category","embeddable":true,"href":"https:\/\/www.europesays.com\/fr\/wp-json\/wp\/v2\/categories?post=206862"},{"taxonomy":"post_tag","embeddable":true,"href":"https:\/\/www.europesays.com\/fr\/wp-json\/wp\/v2\/tags?post=206862"}],"curies":[{"name":"wp","href":"https:\/\/api.w.org\/{rel}","templated":true}]}}