{"id":206868,"date":"2025-06-26T22:26:15","date_gmt":"2025-06-26T22:26:15","guid":{"rendered":"https:\/\/www.europesays.com\/fr\/206868\/"},"modified":"2025-06-26T22:26:15","modified_gmt":"2025-06-26T22:26:15","slug":"un-sondage-pour-serrer-les-rangs-a-droite","status":"publish","type":"post","link":"https:\/\/www.europesays.com\/fr\/206868\/","title":{"rendered":"un sondage pour serrer les rangs \u00e0 droite"},"content":{"rendered":"<p>Le mercure a grimp\u00e9 dans les \u00e9curies\u00a0\u00e9lectorales marseillaises. Apr\u00e8s <a href=\"https:\/\/www.laprovence.com\/article\/elections\/19786935775561\/municipales-a-marseille-ce-sondage-me-conforte-dans-l-idee-de-continuer-a-travailler-assure-frederic-collart\" target=\"_blank\" rel=\"nofollow noopener\">le sondage<\/a> command\u00e9 par le mouvement de <a href=\"https:\/\/www.laprovence.com\/article\/region\/28452145427922\/municipales-a-marseille-le-pr-collart-consulte-toujours-pour-2026\" target=\"_blank\" rel=\"nofollow noopener\">Fr\u00e9d\u00e9ric Collart<\/a> pour \u00e9valuer ses chances d\u2019outsider \u00e0 droite, l\u2019enqu\u00eate d\u2019opinion financ\u00e9e par les Amis de Martine Vassal, microparti de la pr\u00e9sidente de la M\u00e9tropole et du D\u00e9partement. Objectif : \u00e9teindre les vell\u00e9it\u00e9s du premier et \u00e9valuer sa capacit\u00e9 \u00e0 unir la droite dans un nouveau combat rugueux apr\u00e8s la d\u00e9faite de 2020. Plus de six cents Marseillais ont \u00e9t\u00e9 interrog\u00e9s (1) dans la semaine du 16 au 21 juin par l\u2019Ifop. Malgr\u00e9 les \u00e9cueils &#8211; un sondage demeure une photo de l\u2019opinion \u00e0 un instant T et celui-ci pr\u00e9sente un \u00e9chantillon limit\u00e9 -, quels sont les principaux enseignements \u00e0 en tirer ?<\/p>\n<p>Martine Vassal prend le leadership \u00e0 droite<\/p>\n<p><a href=\"https:\/\/www.laprovence.com\/article\/elections\/6575305731685114\/municipales-2026-renaud-muselier-designe-pilote-de-renaissance-pour-la-campagne-a-marseille\" target=\"_blank\" rel=\"nofollow noopener\">Renaud Muselier<\/a>, pr\u00e9sident de R\u00e9gion (Ren.) ayant d\u00e9clin\u00e9, Martine Vassal \u00e0 la t\u00eate de deux institutions qui p\u00e8sent 8 milliards d\u2019euros de budget, fait office de candidate l\u00e9gitime \u00e0 la mairie de Marseille en 2026. Face \u00e0 la perspective d\u2019une union de la droite &#8211; et elle ne fait pas l\u2019unanimit\u00e9 chez les macronistes &#8211; il fallait aussi l\u2019imposer par les chiffres. C\u2019est chose faite.<\/p>\n","protected":false},"excerpt":{"rendered":"Le mercure a grimp\u00e9 dans les \u00e9curies\u00a0\u00e9lectorales marseillaises. Apr\u00e8s le sondage command\u00e9 par le mouvement de Fr\u00e9d\u00e9ric Collart&hellip;\n","protected":false},"author":2,"featured_media":206869,"comment_status":"","ping_status":"","sticky":false,"template":"","format":"standard","meta":{"footnotes":""},"categories":[2814],"tags":[17,5734,1111,11,1777,674,1011,27,151,884,3554,12,471,882,16,25,34579,13947],"class_list":{"0":"post-206868","1":"post","2":"type-post","3":"status-publish","4":"format-standard","5":"has-post-thumbnail","7":"category-marseille","8":"tag-17","9":"tag-5734","10":"tag-actu","11":"tag-actualites","12":"tag-eu","13":"tag-europe","14":"tag-fr","15":"tag-france","16":"tag-les","17":"tag-marseille","18":"tag-municipales","19":"tag-news","20":"tag-pour","21":"tag-provence-alpes-cote-dazur","22":"tag-region","23":"tag-republique-francaise","24":"tag-serrer","25":"tag-sondage"},"share_on_mastodon":{"url":"https:\/\/pubeurope.com\/@fr\/114752021068660615","error":""},"_links":{"self":[{"href":"https:\/\/www.europesays.com\/fr\/wp-json\/wp\/v2\/posts\/206868","targetHints":{"allow":["GET"]}}],"collection":[{"href":"https:\/\/www.europesays.com\/fr\/wp-json\/wp\/v2\/posts"}],"about":[{"href":"https:\/\/www.europesays.com\/fr\/wp-json\/wp\/v2\/types\/post"}],"author":[{"embeddable":true,"href":"https:\/\/www.europesays.com\/fr\/wp-json\/wp\/v2\/users\/2"}],"replies":[{"embeddable":true,"href":"https:\/\/www.europesays.com\/fr\/wp-json\/wp\/v2\/comments?post=206868"}],"version-history":[{"count":0,"href":"https:\/\/www.europesays.com\/fr\/wp-json\/wp\/v2\/posts\/206868\/revisions"}],"wp:featuredmedia":[{"embeddable":true,"href":"https:\/\/www.europesays.com\/fr\/wp-json\/wp\/v2\/media\/206869"}],"wp:attachment":[{"href":"https:\/\/www.europesays.com\/fr\/wp-json\/wp\/v2\/media?parent=206868"}],"wp:term":[{"taxonomy":"category","embeddable":true,"href":"https:\/\/www.europesays.com\/fr\/wp-json\/wp\/v2\/categories?post=206868"},{"taxonomy":"post_tag","embeddable":true,"href":"https:\/\/www.europesays.com\/fr\/wp-json\/wp\/v2\/tags?post=206868"}],"curies":[{"name":"wp","href":"https:\/\/api.w.org\/{rel}","templated":true}]}}