{"id":20687,"date":"2025-04-12T21:59:09","date_gmt":"2025-04-12T21:59:09","guid":{"rendered":"https:\/\/www.europesays.com\/fr\/20687\/"},"modified":"2025-04-12T21:59:09","modified_gmt":"2025-04-12T21:59:09","slug":"faut-il-creer-des-arrondissements-a-toulouse-qui-devient-3e-ville-de-france-le-debat-est-relance","status":"publish","type":"post","link":"https:\/\/www.europesays.com\/fr\/20687\/","title":{"rendered":"Faut-il cr\u00e9er des arrondissements \u00e0 Toulouse, qui devient 3e ville de France ? Le d\u00e9bat est relanc\u00e9"},"content":{"rendered":"<p>            Par<br \/>\n        <strong><br \/>\n            <a href=\"https:\/\/actu.fr\/auteur\/guillaume-laurens\" title=\"Consulter tous les articles de Guillaume Laurens\" target=\"_blank\" rel=\"noopener\">Guillaume Laurens<\/a><br \/>\n        <\/strong><\/p>\n<p>        Publi\u00e9 le<\/p>\n<p>            12 avr. 2025 \u00e0 12h11        <\/p>\n<p>Alors que l\u2019Assembl\u00e9e nationale a ent\u00e9rin\u00e9 <strong>la r\u00e9vision de la loi Paris Lyon Marseille<\/strong> (dit Loi PLM) entra\u00eenant <a href=\"https:\/\/actu.fr\/politique\/elections-municipales\/municipales-2026-pourquoi-la-reforme-du-scrutin-dans-plusieurs-grandes-villes-inquiete-et-divise-largement_62475531.html\" target=\"_blank\" rel=\"noopener\">une r\u00e9forme du mode de scrutin lors des Municipales 2026<\/a> dans ces trois villes, des voix s\u2019\u00e9l\u00e8vent aussi pour r\u00e9clamer <strong>la cr\u00e9ation d\u2019arrondissements<\/strong> \u00e0 <a href=\"https:\/\/actu.fr\/toulouse\/\" target=\"_blank\" rel=\"noopener\"><strong>Toulouse<\/strong><\/a>, qui, avec ses 511\u2009684\u00a0habitants, <a href=\"https:\/\/actu.fr\/occitanie\/toulouse_31555\/population-toulouse-compte-desormais-511-684-habitants-et-va-devenir-3e-ville-de-france-tres-rapidement_62022339.html\" target=\"_blank\" rel=\"noopener\">devrait officiellement \u00eatre 3e ville de France<\/a> \u00e0 la fin de l\u2019ann\u00e9e\u2026 mais l\u2019est d\u00e9j\u00e0 officieusement (les chiffres de l\u2019Insee \u00e9tant publi\u00e9s avec deux ans de d\u00e9calage). D\u2019autres, en revanche, n\u2019y voit qu\u2019une source de \u00ab\u00a0complications\u00a0\u00bb. Ce qu\u2019il faut savoir sur ce dossier.<\/p>\n<p>\u00ab\u2009R\u00e9pondre \u00e0 une demande croissante de proximit\u00e9\u2009\u00bb<\/p>\n<p class=\" wall-content\">En premi\u00e8re ligne\u2009? Les socialistes. S\u2019ils regrettent que l\u2019on \u00ab\u2009modifie <strong>les r\u00e8gles du jeu\u2009\u00bb<\/strong> \u00e0 Paris, Lyon et Marseille \u00ab\u2009\u00e0 un an des \u00e9lections municipales\u2009\u00bb, <strong>Fran\u00e7ois Brian\u00e7on<\/strong> et <strong>Vincent Gibert,<\/strong> les conseillers municipaux (PS) de la Ville rose, estiment que ce d\u00e9bat \u00ab\u2009appelle des r\u00e9flexions sur la situation de Toulouse\u2009\u00bb, en train de doubler Lyon en population, alors que la capitale des Gaules est <a href=\"https:\/\/actu.fr\/auvergne-rhone-alpes\/lyon_69123\/la-question-pas-si-bete-comment-ont-ete-decoupes-les-9-arrondissements-de-lyon_48727664.html\" target=\"_blank\" rel=\"noopener\">d\u00e9coup\u00e9e en neuf arrondissements<\/a>.<\/p>\n<p class=\" wall-content\">\u00ab\u2009Toulouse, aujourd\u2019hui 3e ville de France, ne dispose pas d\u2019arrondissements alors que notre ville <strong>gagnerait \u00e0 s\u2019interroger sur leur mise en place<\/strong> pour r\u00e9pondre \u00e0 une demande croissante de proximit\u00e9 et \u00e0 une plus grande efficacit\u00e9 des politiques municipales dans tous les quartiers\u2009\u00bb, estiment les deux \u00e9lus socialistes<strong>.<\/strong><\/p>\n<blockquote class=\"ac-article-quote wall-content\">\n<p>La cr\u00e9ation d\u2019arrondissements n\u2019est pas n\u00e9cessairement synonyme d\u2019une \u00e9lection du maire au suffrage indirect. Nous sommes et restons favorables \u00e0 l&rsquo;\u00e9lection directe du maire par les \u00e9lectrices et les \u00e9lecteurs toulousains. Mais contrairement \u00e0 ce qu\u2019affirme le maire sortant, le d\u00e9bat sur une autre organisation territoriale n\u2019est ni superficiel, ni inexistant.<\/p>\n<p>    <strong>Fran\u00e7ois Brian\u00e7on et Vincent Gibert<\/strong><br \/>\n        Conseillers municipaux (PS) de Toulouse    <\/p><\/blockquote>\n<p>Les arrondissements\u2009? \u00ab\u2009Une opportunit\u00e9 \u00e0 saisir\u2009\u00bb pour le PS<\/p>\n<p class=\" wall-content\">\u00ab\u2009Dans une ville qui grandit, qui se transforme\u2009\u00bb, pour les socialistes, \u00ab\u2009la question des arrondissements toulousains n\u2019est pas un d\u00e9tail institutionnel\u2009\u00bb.<\/p>\n<blockquote class=\"ac-article-quote wall-content\">\n<p>C\u2019est une opportunit\u00e9 \u00e0 saisir pour donner davantage de pouvoir aux quartiers et aux citoyens. <\/p>\n<p>    <strong>Fran\u00e7ois Brian\u00e7on et Vincent Gibert<\/strong>\n            <\/p><\/blockquote>\n<p class=\" wall-content\">\u00ab\u2009Comment peut-on encore penser que 69 \u00e9lus puissent \u00eatre \u00e0 la disposition de plus de 500\u2009000\u00a0habitants\u2009?\u2009\u00bb s\u2019\u00e9tonne <a href=\"https:\/\/actu.fr\/occitanie\/toulouse_31555\/municipales-2026-a-toulouse-francois-briancon-en-passe-d-etre-investi-par-les-militants-du-parti-socialiste_62425896.html\" target=\"_blank\" rel=\"noopener\">Fran\u00e7ois Brian\u00e7on, par ailleurs chef de file du PS<\/a> pour les Municipales 2026 \u00e0 Toulouse.<\/p>\n<p>Une id\u00e9e souhait\u00e9e\u2026 par le RN aussi<\/p>\n<p class=\" wall-content\">Les socialistes ne sont en r\u00e9alit\u00e9 pas les premiers \u00e0 mettre ce sujet sur le tapis dans cette campagne des Municipales. Au moment <a href=\"https:\/\/actu.fr\/occitanie\/toulouse_31555\/municipales-2026-julien-leonardelli-rn-je-me-suis-naturellement-positionne-pour-toulouse_62377154.html\" target=\"_blank\" rel=\"noopener\">d\u2019\u00e9voquer sa potentielle candidature au Capitole<\/a>, l\u2019eurod\u00e9put\u00e9 <strong>Julien Leonardelli<\/strong>, d\u00e9l\u00e9gu\u00e9 d\u00e9partemental du <strong>Rassemblement national<\/strong>, l\u2019avait aussi \u00e9voqu\u00e9e\u2009: \u00ab\u2009Quand Toulouse va d\u00e9passer Lyon et devenir 3e ville de France va se reposer la question la cr\u00e9ation ou pas d\u2019arrondissements pour Toulouse\u2009\u00bb, soulevait-il le 14\u00a0mars dernier.<\/p>\n<blockquote class=\"ac-article-quote wall-content\">\n<p>Pour moi, c\u2019est un sujet, car les arrondissements, cela peut favoriser la vie de quartier. Les \u00e9lecteurs aspirent \u00e0 la proximit\u00e9. \u00c0 Toulouse, la municipalit\u00e9 a cr\u00e9\u00e9 des mairies de quartier, mais elles n\u2019ont aucun poids.<\/p>\n<p>    <strong>Julien Leonardelli<\/strong><br \/>\n        D\u00e9put\u00e9 europ\u00e9en, d\u00e9l\u00e9gu\u00e9 d\u00e9partemental du RN    <\/p><\/blockquote>\n<p class=\" wall-content\">\u00ab\u2009Tout vient au Capitole\u2009\u00bb, regrettait ainsi Julien Leonardelli, \u00ab\u2009et g\u00e9rer 500\u2009000\u00a0habitants depuis le Capitole, c\u2019est tr\u00e8s compliqu\u00e9\u2009\u00bb.<\/p>\n<p>\u00ab\u2009L\u2019anomalie \u00e0 corriger n\u2019\u00e9tait pas \u00e0 Toulouse\u2009\u00bb, estime Jean-Luc Moudenc<\/p>\n<p class=\" wall-content\">En 2023, <strong>Jean-Luc Moudenc<\/strong> s\u2019\u00e9tait d\u00e9j\u00e0 \u00e9tendu sur la question lors d\u2019un \u00e9change avec Actu Toulouse. \u00ab\u2009J\u2019ai toujours \u00e9t\u00e9 contre\u2009\u00bb les maires d\u2019arrondissement, balayait le maire (DVD) de Toulouse, qui l\u00e2chait<strong> \u00ab\u2009C\u2019est du pipeau\u2009!\u2009\u00bb<\/strong> Il estimait alors que ce syst\u00e8me \u00e9lectoral qui pr\u00e9vaut \u00e0 Lyon, Marseille ou Paris, n\u2019\u00e9tait pas souhaitable pour la Ville rose, car \u00ab\u2009cela prive une grande majorit\u00e9 de citoyens d\u2019\u00e9lire directement leur maire\u2009\u00bb. Bien que le mode de scrutin ait \u00e9t\u00e9 revu, son opinion n\u2019a <strong>pas chang\u00e9 d\u2019un iota<\/strong> depuis.<\/p>\n<p class=\" wall-content\">\u00ab\u2009Il ne faut pas raconter des histoires aux Toulousains, m\u00eame s\u2019ils ne savent pas comment \u00e7a marche dans ces trois autres villes\u2009\u00bb, met en garde Jean-Luc Moudenc, deux ans plus tard\u2009: \u00ab\u2009Les maires d\u2019arrondissement n\u2019ont <strong>pratiquement aucun pouvoir.<\/strong> L\u2019anomalie n\u2019\u00e9tait pas \u00e0 corriger \u00e0 Toulouse, mais dans les trois autres grandes villes\u2009\u00bb.<\/p>\n<blockquote class=\"ac-article-quote wall-content\">\n<p>N&rsquo;inversons pas les choses ! Le probl\u00e8me n&rsquo;\u00e9tait pas \u00e0 Toulouse, mais \u00e0 Lyon, Paris et Marseille, o\u00f9 les citoyens ne pouvaient pas tous \u00e9lire directement leur maire&#8230; Dans deux de ces trois villes, il est arriv\u00e9 que celui qui se retrouvait maire \u00e0 la fin \u00e9tait minoritaire en voix&#8230;<\/p>\n<p>    <strong>Jean-Luc Moudenc<\/strong><br \/>\n        Maire (DVD) de Toulouse    <\/p><\/blockquote>\n<p>\u00c0 Lyon\u2009: \u00ab\u2009Bon courage \u00e0 tous pour s\u2019y retrouver\u2009\u00bb<\/p>\n<p class=\" wall-content\">Le r\u00e9sultat pr\u00e9vu par le l\u00e9gislateur apr\u00e8s ce premier passage \u00e0 l\u2019Assembl\u00e9e nationale laisse le maire de Toulouse sans voix\u2009: \u00ab\u2009Lors des Municipales 2026, il y aura deux scrutins \u00e0 Paris ou Marseille, et <a href=\"https:\/\/actu.fr\/auvergne-rhone-alpes\/lyon_69123\/lyon-municipales-2026-la-loi-pour-changer-le-mode-de-scrutin-adoptee-par-l-assemblee_62490113.html\" target=\"_blank\" rel=\"noopener\">m\u00eame trois \u00e0 Lyon<\/a> (pour \u00e9lire les conseillers municipaux, les conseillers d\u2019arrondissement et les conseillers m\u00e9tropolitains, NDLR)\u2009\u00bb.<\/p>\n<blockquote class=\"ac-article-quote wall-content\">\n<p>Bonjour les complications ! Je souhaite bon courage \u00e0 tous pour s&rsquo;y retrouver et pour expliquer aux \u00e9lecteurs comment \u00e7a marche.\n<\/p>\n<p>    <strong>Jean-Luc Moudenc<\/strong><br \/>\n        Maire de Toulouse    <\/p><\/blockquote>\n<p>Comment \u00e7a se passe \u00e0 Paris, Lyon et Marseille ?<\/p>\n<p>Lyon, Marseille et Paris comptent respectivement 9, 16 et 20 arrondissements municipaux. Dans ces trois villes, le conseil municipal fonctionnait jusqu&rsquo;ici un peu comme \u00e0 Toulouse M\u00e9tropole, avec un syst\u00e8me au suffrage indirect qui rappelle quelque part celui des grands \u00e9lecteurs \u00e0 l\u2019am\u00e9ricaine\u2026 <br \/>La nouvelle loi r\u00e9cemment vot\u00e9e \u00e0 l&rsquo;Assembl\u00e9e (mais pas encore pass\u00e9e par le S\u00e9nat) instaure deux scrutins distincts pour les trois m\u00e9tropoles : l&rsquo;un pour \u00e9lire les conseillers d&rsquo;arrondissement ou de secteur, l&rsquo;autre pour \u00e9lire ceux du conseil municipal (sur une circonscription unique). \u00c0 Lyon se tiendront aussi les \u00e9lections m\u00e9tropolitaines.<\/p>\n<p>\u00ab\u2009\u00c0 Toulouse, c\u2019est lisible et facile pour les citoyens\u2009\u00bb<\/p>\n<p class=\" wall-content\">\u00ab\u00a0Aujourd\u2019hui, nous avons <strong>un syst\u00e8me simple, pourquoi le compliquer\u2009?\u00a0\u00bb<\/strong> s\u2019\u00e9tonne <strong>Jean-Luc Moudenc<\/strong>. \u00ab\u00a0\u00c0 Toulouse, comme dans toutes les villes de France, nous aurons un seul scrutin, ce qui est lisible et facile pour les citoyens\u00a0\u00bb. Comme il l\u2019avait d\u00e9j\u00e0 indiqu\u00e9, avec le syst\u00e8me \u00e9lectoral en vigueur, le maire de la Ville rose est aussi, \u00e0 ses yeux, <strong>plus l\u00e9gitime<\/strong>\u2009: \u00ab\u2009Toulouse est <strong>la plus grande circonscription \u00e9lectorale<\/strong> de France, la plus importante ville du pays o\u00f9 le maire se pr\u00e9sente lui-m\u00eame devant chacun des \u00e9lecteurs, et o\u00f9 il est \u00e9lu par tous les Toulousains\u2026\u00a0\u00bb.<\/p>\n<p>Les maires de quartier \u00ab\u2009manquent de l\u00e9gitimit\u00e9\u2009\u00bb pour le PS<\/p>\n<p class=\" wall-content\">Mais pour les socialistes, \u00ab\u2009l\u2019organisation actuelle\u2009\u00bb \u00e0 Toulouse, \u00ab\u2009autour de <strong>\u2018maires\u2019 de quartiers impos\u00e9s par le fait du prince<\/strong> aux habitants, est d\u00e9pass\u00e9e\u2009\u00bb.<\/p>\n<blockquote class=\"ac-article-quote wall-content\">\n<p>Ces \u00e9lus manquent de l\u00e9gitimit\u00e9, car ils ne sont pas directement choisis par les citoyens. <\/p>\n<p>    <strong>Fran\u00e7ois Brian\u00e7on et Vincent Gibert<\/strong>\n            <\/p><\/blockquote>\n<p class=\" wall-content\">\u00ab\u2009Faute d\u2019un mandat clairement d\u00e9fini\u2009\u00bb, poursuit le bin\u00f4me socialiste, \u00ab\u2009les projets port\u00e9s dans chaque quartier sont soumis \u00e0 la bonne volont\u00e9 de quelques-uns\u2009\u00bb.<\/p>\n<p>\u00ab\u2009Je pr\u00e9f\u00e8re conserver \u00e0 Toulouse notre syst\u00e8me de maires de quartier\u2009\u00bb<\/p>\n<p class=\" wall-content\">Dans la Ville rose, <a href=\"https:\/\/actu.fr\/occitanie\/toulouse_31555\/toulouse-decouvrez-la-liste-des-adjoints-de-jean-luc-moudenc-et-de-vos-maires-de-quartiers_34749929.html\" target=\"_blank\" rel=\"noopener\">20 \u00ab\u2009maires\u2009\u00bb de proximit\u00e9 sont en effet <strong>d\u00e9sign\u00e9s par le maire (le vrai)<\/strong> <\/a>et se voient confier une d\u00e9l\u00e9gation par le conseil municipal. Et pour Jean-Luc Moudenc, ils assument parfaitement leur mission. Leur r\u00f4le\u2009? Repr\u00e9senter la municipalit\u00e9 au plus pr\u00e8s des habitants, et faire remonter les pr\u00e9occupations du terrain au locataire du Capitole.<\/p>\n<p class=\" wall-content\">S\u2019ils \u00e9taient tous sur la liste \u00ab\u2009Aimer Toulouse\u2009\u00bb en 2020, ces maires de quartier n\u2019ont pas \u00e9t\u00e9 directement choisis par les habitants \u00e0 cet effet, contrairement aux maires d\u2019arrondissements\u2026 Mais pour Jean-Luc Moudenc, \u00ab\u2009nous avons des maires de quartier qui sont \u00e9lus par tous les Toulousains, ce qui leur offre <strong>une l\u00e9gitimit\u00e9 sup\u00e9rieure<\/strong> \u00e0 tous les maires d\u2019arrondissements\u2009\u00bb.<\/p>\n<p>\u00ab\u2009Pas un seul Toulousain ne m\u2019en parle\u2009\u00bb dit le maire<\/p>\n<p class=\" wall-content\">Le maire de Toulouse gage enfin que <strong>personne ne r\u00e9clame<\/strong> <strong>une telle r\u00e9forme<\/strong> sur le terrain\u2009: \u00ab\u2009C\u2019est une situation qui n\u2019int\u00e9resse <strong>que quelques \u00e9lus<\/strong> et quelques journalistes\u2009\u00bb.<\/p>\n<blockquote class=\"ac-article-quote wall-content\">\n<p>Je n&rsquo;ai pas rencontr\u00e9 un seul Toulousain sur les 525 000 qui me parle des arrondissements ! Pas un seul qui me dise qu&rsquo;il faudrait remplacer les maires de quartier par des maires d&rsquo;arrondissement&#8230; Le syst\u00e8me des maires de quartier, c&rsquo;est souple, connu des Toulousains, qui s&rsquo;y sont familiaris\u00e9s.<\/p>\n<p>    <strong>Jean-Luc Moudenc<\/strong>\n            <\/p><\/blockquote>\n<p class=\" wall-content\">\u00ab\u2009Au moment m\u00eame o\u00f9 les collectivit\u00e9s sont soumises \u00e0 <a href=\"https:\/\/actu.fr\/occitanie\/toulouse_31555\/toulouse-se-prepare-a-coup-de-rabot-hallucinant-pour-redresser-le-budget-de-l-etat-un-chiffre-diffuse_61747377.html\" target=\"_blank\" rel=\"noopener\"><strong>des contraintes budg\u00e9taires<\/strong> tr\u00e8s importantes\u2009\u00bb,<\/a> le premier magistrat met enfin en garde face \u00e0 \u00ab\u2009une complication et <strong>une couche administrative suppl\u00e9mentaire<\/strong> qui engendrerait in\u00e9luctablement des co\u00fbts dont on peut se passer\u2009\u00bb.<\/p>\n<p>Une motion au prochain conseil municipal<\/p>\n<p class=\" wall-content\">Mais pour Fran\u00e7ois Brian\u00e7on, le mode de scrutin qui pr\u00e9vaut \u00e0 Toulouse \u00ab\u2009est d\u00e9pass\u00e9 et il faut imaginer une nouvelle \u00e9tape\u2009\u00bb. Les \u00e9lus socialistes indiquent qu\u2019ils vont proposer au conseil municipal <strong>une motion<\/strong> \u00ab\u2009pour interpeller le l\u00e9gislateur sur ces enjeux, afin d\u2019aller vers <strong>une autre forme de gouvernance<\/strong> municipale\u2009\u00bb.<\/p>\n<p class=\" wall-content\">Suivez toute l\u2019actualit\u00e9 de vos villes et m\u00e9dias favoris en vous inscrivant \u00e0 <a href=\"https:\/\/moncompte.actu.fr\" title=\"D\u00e9couvez Mon Actu\" rel=\"nofollow noopener\" data-trk=\"{&quot;cta&quot;:{&quot;action&quot;:&quot;https:\\\/\\\/moncompte.actu.fr&quot;,&quot;category&quot;:&quot;mon compte&quot;,&quot;from&quot;:&quot;article footer&quot;,&quot;name&quot;:&quot;Mon actu&quot;,&quot;type&quot;:&quot;cta&quot;}}\" target=\"_blank\">Mon Actu<\/a>.<\/p>\n","protected":false},"excerpt":{"rendered":"Par Guillaume Laurens Publi\u00e9 le 12 avr. 2025 \u00e0 12h11 Alors que l\u2019Assembl\u00e9e nationale a ent\u00e9rin\u00e9 la r\u00e9vision&hellip;\n","protected":false},"author":2,"featured_media":20688,"comment_status":"","ping_status":"","sticky":false,"template":"","format":"standard","meta":{"footnotes":""},"categories":[2],"tags":[11,1011,27,2857,12,4484,2556,104],"class_list":{"0":"post-20687","1":"post","2":"type-post","3":"status-publish","4":"format-standard","5":"has-post-thumbnail","7":"category-actualites","8":"tag-actualites","9":"tag-fr","10":"tag-france","11":"tag-jean-luc-moudenc","12":"tag-news","13":"tag-parti-socialiste-ps","14":"tag-rassemblement-national-rn","15":"tag-societe"},"share_on_mastodon":{"url":"https:\/\/pubeurope.com\/@fr\/114327241520759124","error":""},"_links":{"self":[{"href":"https:\/\/www.europesays.com\/fr\/wp-json\/wp\/v2\/posts\/20687","targetHints":{"allow":["GET"]}}],"collection":[{"href":"https:\/\/www.europesays.com\/fr\/wp-json\/wp\/v2\/posts"}],"about":[{"href":"https:\/\/www.europesays.com\/fr\/wp-json\/wp\/v2\/types\/post"}],"author":[{"embeddable":true,"href":"https:\/\/www.europesays.com\/fr\/wp-json\/wp\/v2\/users\/2"}],"replies":[{"embeddable":true,"href":"https:\/\/www.europesays.com\/fr\/wp-json\/wp\/v2\/comments?post=20687"}],"version-history":[{"count":0,"href":"https:\/\/www.europesays.com\/fr\/wp-json\/wp\/v2\/posts\/20687\/revisions"}],"wp:featuredmedia":[{"embeddable":true,"href":"https:\/\/www.europesays.com\/fr\/wp-json\/wp\/v2\/media\/20688"}],"wp:attachment":[{"href":"https:\/\/www.europesays.com\/fr\/wp-json\/wp\/v2\/media?parent=20687"}],"wp:term":[{"taxonomy":"category","embeddable":true,"href":"https:\/\/www.europesays.com\/fr\/wp-json\/wp\/v2\/categories?post=20687"},{"taxonomy":"post_tag","embeddable":true,"href":"https:\/\/www.europesays.com\/fr\/wp-json\/wp\/v2\/tags?post=20687"}],"curies":[{"name":"wp","href":"https:\/\/api.w.org\/{rel}","templated":true}]}}