{"id":206870,"date":"2025-06-26T22:27:13","date_gmt":"2025-06-26T22:27:13","guid":{"rendered":"https:\/\/www.europesays.com\/fr\/206870\/"},"modified":"2025-06-26T22:27:13","modified_gmt":"2025-06-26T22:27:13","slug":"les-deux-patrons-de-lantistup-de-marseille-mis-en-examen-liberation","status":"publish","type":"post","link":"https:\/\/www.europesays.com\/fr\/206870\/","title":{"rendered":"les deux patrons de l\u2019antistup de Marseille mis en examen \u2013 Lib\u00e9ration"},"content":{"rendered":"<p class=\"sc-ksZaOG ehjQrN text-element\">Plusieurs charges sont retenues contre eux. \u00abComplicit\u00e9 de faux en \u00e9criture publique par une personne d\u00e9positaire de l\u2019autorit\u00e9 publique\u00bb, \u00abviolation du secret d\u2019une enqu\u00eate portant sur la criminalit\u00e9 organis\u00e9e\u00bb et \u00abcomplicit\u00e9 d\u2019atteinte \u00e0 l\u2019intimit\u00e9 par captation d\u2019images et de paroles\u00bb. La cheffe de l\u2019office antistup\u00e9fiants (Ofast) de Marseille et son adjoint ont \u00e9t\u00e9 mis en examen, a fait savoir ce jeudi 26\u00a0juin le parquet de Paris.<\/p>\n<p class=\"sc-ksZaOG ehjQrN text-element\"><a href=\"https:\/\/www.liberation.fr\/societe\/police-justice\/400-kilos-de-cocaine-disparus-les-patrons-de-loffice-antistups-de-marseille-en-garde-a-vue-20250623_YWP3PROVZFBHDBJBOG7HTGODXM\/\" target=\"_blank\" rel=\"noopener\" title=\"https:\/\/www.liberation.fr\/societe\/police-justice\/400-kilos-de-cocaine-disparus-les-patrons-de-loffice-antistups-de-marseille-en-garde-a-vue-20250623_YWP3PROVZFBHDBJBOG7HTGODXM\/\">L\u2019affaire date de\u00a02023<\/a>. Elle commence par un tuyau re\u00e7u par l\u2019Ofast concernant l\u2019arriv\u00e9e prochaine au port de Marseille d\u2019une cargaison de coca\u00efne en provenance de Colombie, cach\u00e9e au milieu de bananes import\u00e9es. Les policiers montent alors une livraison surveill\u00e9e, baptis\u00e9e \u00abop\u00e9ration Trident\u00bb. Le but\u00a0: laisser entrer la drogue plut\u00f4t que de la saisir afin de pouvoir d\u00e9manteler le r\u00e9seau qui la r\u00e9ceptionne. En l\u2019occurrence, Mohamed Djeha, alias \u00abMimo\u00bb, chef pr\u00e9sum\u00e9 du r\u00e9seau de drogues de la Castellane. Sauf qu\u2019une fois les conteneurs arriv\u00e9s \u00e0 destination, le fiasco commence. Les pr\u00e8s de 400 kilos de coca\u00efne de la cargaison s\u2019envolent, sans qu\u2019aucun r\u00e9seau ne soit identifi\u00e9 derri\u00e8re.<\/p>\n<p class=\"sc-ksZaOG ehjQrN text-element\">Depuis, la justice remonte la hi\u00e9rarchie des responsabilit\u00e9s. En avril, deux policiers de l\u2019Ofast de Marseille avaient d\u00e9j\u00e0 <a href=\"\" target=\"_blank\" rel=\"\" title=\"\">\u00e9t\u00e9 mis en examen<\/a>, puis plac\u00e9s <a href=\"https:\/\/www.liberation.fr\/societe\/police-justice\/deux-policiers-de-loffice-antistupefiants-de-marseille-incarceres-20250405_MZYQ2JWSTNG2NO4PYEL7I45C3Q\/\" target=\"_blank\" rel=\"noopener\" title=\"https:\/\/www.liberation.fr\/societe\/police-justice\/deux-policiers-de-loffice-antistupefiants-de-marseille-incarceres-20250405_MZYQ2JWSTNG2NO4PYEL7I45C3Q\/\">en d\u00e9tention provisoire,<\/a> eux pour trafic de stup\u00e9fiants en bande organis\u00e9e, blanchiment ou encore association de malfaiteurs. Puis en juin, un autre avait aussi \u00e9t\u00e9 mis en examen. L\u2019enqu\u00eate dirig\u00e9e par la Juridiction nationale de lutte contre la criminalit\u00e9 organis\u00e9e (Junalco) a r\u00e9v\u00e9l\u00e9, selon le minist\u00e8re public, de possibles \u00ab\u00e9changes entre des policiers et d\u2019autres personnes, portant sur la cession d\u2019au moins 360\u00a0kg de coca\u00efne, en dehors de tout contr\u00f4le hi\u00e9rarchique, et sur la dissimulation des quantit\u00e9s r\u00e9elles arriv\u00e9es sur le territoire\u00bb.<\/p>\n<p class=\"sc-ksZaOG ehjQrN text-element\">Ce jeudi, les juges d\u2019instruction de la Junalco ont donc mis en examen deux commissaires. \u00abIls ont \u00e9t\u00e9 plac\u00e9s sous contr\u00f4le judiciaire avec interdiction d\u2019exercer des fonctions et missions de police judiciaire, de se rendre dans tous les locaux de police des Bouches-du-Rh\u00f4ne, interdiction d\u2019entrer en relation avec d\u2019autres personnes apparaissant dans le dossier\u00bb, pr\u00e9cise le minist\u00e8re public.<\/p>\n<p class=\"sc-ksZaOG ehjQrN text-element\">Louis Cailliez, avocat de la cheffe de l\u2019Ofast, souligne que sa cliente \u00abn\u2019est ni mise en examen pour corruption, ni [\u2026] pour trafic de coca\u00efne, ni [\u2026] pour importation de stup\u00e9fiants en bande organis\u00e9e\u00bb. Selon lui, \u00abelle conteste vigoureusement toute infraction p\u00e9nale de sa part et d\u00e9fendra son honneur et sa probit\u00e9 en d\u00e9pit des tentatives d\u2019instrumentalisation de ce dossier\u00bb.<\/p>\n<p class=\"sc-ksZaOG ehjQrN text-element\">Pour Me Cailliez, la garde \u00e0 vue cette semaine de la cheffe de l\u2019Ofast \u00aba permis de lever les doutes sur l\u2019absence de connaissance (et donc de validation) hi\u00e9rarchique du d\u00e9roulement r\u00e9el du dossier Trident\u00bb, nom de l\u2019op\u00e9ration de livraison de coca\u00efne surveill\u00e9e dans le viseur de la justice. \u00abTel est \u00e9galement le cas de certaines pratiques de ses effectifs, combattues et d\u00e9nonc\u00e9es par elle, et pour lesquelles elle a pourtant \u00e9t\u00e9 mise en examen\u00bb, a-t-il insist\u00e9.<\/p>\n<p class=\"sc-ksZaOG ehjQrN text-element\">De m\u00eame, Ma\u00eetre Vanessa Bousardo, avocate de l\u2019adjoint, se r\u00e9jouit \u00abde la l\u00e9gitime mise hors de cause du commissaire X du c\u0153ur de ce dossier concernant des faits de trafic de stup\u00e9fiants\u00bb. Elle souligne que son client \u00abest l\u2019auteur du signalement \u00e0 l\u2019origine de cette proc\u00e9dure\u00bb et assure vouloir contester la proc\u00e9dure. \u00abUne requ\u00eate en nullit\u00e9 sera d\u00e9pos\u00e9e prochainement \u00e0 l\u2019encontre de sa mise en examen et des irr\u00e9gularit\u00e9s relev\u00e9es\u00bb, pr\u00e9cise-t-elle. \u00abUne telle mise en cause adresse d\u2019ailleurs un tr\u00e8s mauvais signal aux lanceurs d\u2019alerte\u00bb, a-t-elle aussi estim\u00e9.<\/p>\n","protected":false},"excerpt":{"rendered":"Plusieurs charges sont retenues contre eux. \u00abComplicit\u00e9 de faux en \u00e9criture publique par une personne d\u00e9positaire de l\u2019autorit\u00e9&hellip;\n","protected":false},"author":2,"featured_media":206871,"comment_status":"","ping_status":"","sticky":false,"template":"","format":"standard","meta":{"footnotes":""},"categories":[2814],"tags":[1111,11,3993,1777,674,1011,27,884,12,882,25],"class_list":{"0":"post-206870","1":"post","2":"type-post","3":"status-publish","4":"format-standard","5":"has-post-thumbnail","7":"category-marseille","8":"tag-actu","9":"tag-actualites","10":"tag-cocaine","11":"tag-eu","12":"tag-europe","13":"tag-fr","14":"tag-france","15":"tag-marseille","16":"tag-news","17":"tag-provence-alpes-cote-dazur","18":"tag-republique-francaise"},"share_on_mastodon":{"url":"https:\/\/pubeurope.com\/@fr\/114752025014190906","error":""},"_links":{"self":[{"href":"https:\/\/www.europesays.com\/fr\/wp-json\/wp\/v2\/posts\/206870","targetHints":{"allow":["GET"]}}],"collection":[{"href":"https:\/\/www.europesays.com\/fr\/wp-json\/wp\/v2\/posts"}],"about":[{"href":"https:\/\/www.europesays.com\/fr\/wp-json\/wp\/v2\/types\/post"}],"author":[{"embeddable":true,"href":"https:\/\/www.europesays.com\/fr\/wp-json\/wp\/v2\/users\/2"}],"replies":[{"embeddable":true,"href":"https:\/\/www.europesays.com\/fr\/wp-json\/wp\/v2\/comments?post=206870"}],"version-history":[{"count":0,"href":"https:\/\/www.europesays.com\/fr\/wp-json\/wp\/v2\/posts\/206870\/revisions"}],"wp:featuredmedia":[{"embeddable":true,"href":"https:\/\/www.europesays.com\/fr\/wp-json\/wp\/v2\/media\/206871"}],"wp:attachment":[{"href":"https:\/\/www.europesays.com\/fr\/wp-json\/wp\/v2\/media?parent=206870"}],"wp:term":[{"taxonomy":"category","embeddable":true,"href":"https:\/\/www.europesays.com\/fr\/wp-json\/wp\/v2\/categories?post=206870"},{"taxonomy":"post_tag","embeddable":true,"href":"https:\/\/www.europesays.com\/fr\/wp-json\/wp\/v2\/tags?post=206870"}],"curies":[{"name":"wp","href":"https:\/\/api.w.org\/{rel}","templated":true}]}}