{"id":206885,"date":"2025-06-26T22:36:15","date_gmt":"2025-06-26T22:36:15","guid":{"rendered":"https:\/\/www.europesays.com\/fr\/206885\/"},"modified":"2025-06-26T22:36:15","modified_gmt":"2025-06-26T22:36:15","slug":"la-slovaquie-bloque-de-nouvelles-sanctions-contre-la-russie","status":"publish","type":"post","link":"https:\/\/www.europesays.com\/fr\/206885\/","title":{"rendered":"La Slovaquie bloque de nouvelles sanctions contre la Russie"},"content":{"rendered":"<p><a href=\"https:\/\/www.lalibre.be\/international\/europe\/guerre-ukraine-russie\/2025\/06\/11\/guerre-en-ukraine-la-slovaquie-pourrait-bloquer-les-sanctions-europeennes-contre-la-russie-O2AN276WSJF43KQAFLGJLOVVRE\/\" target=\"_blank\" rel=\"noopener noreferrer nofollow\" class=\"ap-StoryInterstitialLink ap-StoryElement ap-StoryElement--mb\">Guerre en Ukraine: la Slovaquie pourrait bloquer les sanctions europ\u00e9ennes contre la Russie<\/a><\/p>\n<p class=\"ap-StoryElement ap-StoryElement--mb ap-StoryText\">\u00ab\u00a0Cette question doit \u00eatre r\u00e9solue en priorit\u00e9. Ce n&rsquo;est qu&rsquo;ensuite que nous pourrons parler de nouvelles sanctions\u00a0\u00bb, a d\u00e9clar\u00e9 Robert Fico dans un message vid\u00e9o, diffus\u00e9 apr\u00e8s un entretien avec la pr\u00e9sidente de la Commission, Ursula von der Leyen, en marge du sommet. L&rsquo;Allemande s&rsquo;est montr\u00e9e, d&rsquo;apr\u00e8s lui, \u00ab\u00a0tr\u00e8s constructive et pragmatique\u00a0\u00bb, mais il n&rsquo;y a pas encore de solution. Une d\u00e9l\u00e9gation de la Commission est attendue la semaine prochaine \u00e0 Bratislava.<\/p>\n<p class=\"ap-StoryElement ap-StoryElement--mb ap-StoryText\">Le Premier ministre slovaque sait qu&rsquo;il ne peut pas bloquer la proposition, qui requiert une majorit\u00e9 qualifi\u00e9e. Il lie cependant ce dossier \u00e0 celui du nouveau paquet de sanctions contre la Russie, qui lui n\u00e9cessite l&rsquo;unanimit\u00e9. C&rsquo;est pourquoi la Slovaquie demandera un report du vote vendredi, lors d&rsquo;une r\u00e9union des ambassadeurs des Vingt-sept, dit-il.<\/p>\n<p class=\"ap-StoryElement ap-StoryElement--mb ap-StoryText\">Le 18e paquet de sanctions vise principalement le secteur \u00e9nerg\u00e9tique et les banques russes. La Hongrie s&rsquo;y oppose aussi. Mais contrairement au Premier ministre hongrois Viktor Orban, Robert Fico a bien soutenu, lors du sommet, les conclusions r\u00e9affirmant le soutien politique, financier et militaire \u00e0 l&rsquo;Ukraine, ainsi que l&rsquo;ouverture des premiers chapitres des n\u00e9gociations d&rsquo;adh\u00e9sion du pays \u00e0 l&rsquo;UE.<\/p>\n<p><a href=\"https:\/\/www.lalibre.be\/international\/europe\/2025\/06\/26\/ladoption-par-les-vingt-sept-du-18e-paquet-de-sanctions-contre-la-russie-bute-sur-les-reticences-de-la-slovaquie-et-la-hongrie-5V7Z2R3YTZE7BMPYV247FBP7KY\/\" target=\"_blank\" rel=\"noopener noreferrer nofollow\" class=\"ap-StoryInterstitialLink ap-StoryElement ap-StoryElement--mb\">Le Hongrois Viktor Orban se dissocie une fois encore du soutien europ\u00e9en \u00e0 l&rsquo;Ukraine<\/a><\/p>\n","protected":false},"excerpt":{"rendered":"Guerre en Ukraine: la Slovaquie pourrait bloquer les sanctions europ\u00e9ennes contre la Russie \u00ab\u00a0Cette question doit \u00eatre r\u00e9solue&hellip;\n","protected":false},"author":2,"featured_media":206886,"comment_status":"","ping_status":"","sticky":false,"template":"","format":"standard","meta":{"footnotes":""},"categories":[1591],"tags":[11,9999,893,1887,12,1885,1886,132,1778],"class_list":{"0":"post-206885","1":"post","2":"type-post","3":"status-publish","4":"format-standard","5":"has-post-thumbnail","7":"category-russie","8":"tag-actualites","9":"tag-belgium","10":"tag-energie","11":"tag-federation-de-russie","12":"tag-news","13":"tag-russia","14":"tag-russian-federation","15":"tag-russie","16":"tag-ue"},"share_on_mastodon":{"url":"https:\/\/pubeurope.com\/@fr\/114752060373326306","error":""},"_links":{"self":[{"href":"https:\/\/www.europesays.com\/fr\/wp-json\/wp\/v2\/posts\/206885","targetHints":{"allow":["GET"]}}],"collection":[{"href":"https:\/\/www.europesays.com\/fr\/wp-json\/wp\/v2\/posts"}],"about":[{"href":"https:\/\/www.europesays.com\/fr\/wp-json\/wp\/v2\/types\/post"}],"author":[{"embeddable":true,"href":"https:\/\/www.europesays.com\/fr\/wp-json\/wp\/v2\/users\/2"}],"replies":[{"embeddable":true,"href":"https:\/\/www.europesays.com\/fr\/wp-json\/wp\/v2\/comments?post=206885"}],"version-history":[{"count":0,"href":"https:\/\/www.europesays.com\/fr\/wp-json\/wp\/v2\/posts\/206885\/revisions"}],"wp:featuredmedia":[{"embeddable":true,"href":"https:\/\/www.europesays.com\/fr\/wp-json\/wp\/v2\/media\/206886"}],"wp:attachment":[{"href":"https:\/\/www.europesays.com\/fr\/wp-json\/wp\/v2\/media?parent=206885"}],"wp:term":[{"taxonomy":"category","embeddable":true,"href":"https:\/\/www.europesays.com\/fr\/wp-json\/wp\/v2\/categories?post=206885"},{"taxonomy":"post_tag","embeddable":true,"href":"https:\/\/www.europesays.com\/fr\/wp-json\/wp\/v2\/tags?post=206885"}],"curies":[{"name":"wp","href":"https:\/\/api.w.org\/{rel}","templated":true}]}}