{"id":206893,"date":"2025-06-26T22:40:11","date_gmt":"2025-06-26T22:40:11","guid":{"rendered":"https:\/\/www.europesays.com\/fr\/206893\/"},"modified":"2025-06-26T22:40:11","modified_gmt":"2025-06-26T22:40:11","slug":"immigration-illegale-lallemagne-coupe-les-vivres-aux-ong-en-mediterranee","status":"publish","type":"post","link":"https:\/\/www.europesays.com\/fr\/206893\/","title":{"rendered":"Immigration ill\u00e9gale : l&rsquo;Allemagne coupe les vivres aux ONG en M\u00e9diterran\u00e9e"},"content":{"rendered":"<p>Mercredi 25 juin, le ministre f\u00e9d\u00e9ral des Affaires \u00e9trang\u00e8res Johann Wadephul, appartenant \u00e0 l&rsquo;Union chr\u00e9tienne-d\u00e9mocrate d&rsquo;Allemagne, met un terme aux aides destin\u00e9es aux missions de sauvetage en M\u00e9diterran\u00e9e. \u00ab Le gouvernement f\u00e9d\u00e9ral ne pr\u00e9voit pas de soutenir davantage des organisations non gouvernementales de sauvetage civil en mer \u00bb, a d\u00e9clar\u00e9 un porte-parole du minist\u00e8re f\u00e9d\u00e9ral des Affaires \u00e9trang\u00e8res \u00e0 l&rsquo;agence de presse AFP. Au vu des chiffres des financements vers\u00e9s \u00e0 ces diff\u00e9rentes ONG de sauveteurs en mer comme SOS Humanity, SOS M\u00e9diterran\u00e9e ou encore Sea-Eye, le ministre a r\u00e9agi. En effet, apr\u00e8s 900.000 euros vers\u00e9s, de janvier \u00e0 mars 2025, plus un centime ne sera d\u00e9bours\u00e9. Mais l&rsquo;enjeu n&rsquo;est pas seulement financier&#8230;<\/p>\n<p>Le nouveau chancelier f\u00e9d\u00e9ral Friedrich Merz, \u00e9lu le 6 mai, a prononc\u00e9 sa <a href=\"https:\/\/www.bundesregierung.de\/breg-fr\/service\/d\u00e9claration-chancelier-merz-2347714\" target=\"_blank\" rel=\"noopener nofollow\">premi\u00e8re d\u00e9claration<\/a> de politique g\u00e9n\u00e9rale au Bundestag, le 14 mai 2025. \u00ab La politique migratoire doit \u00eatre claire, juste et ax\u00e9e sur le bien de l&rsquo;Allemagne. \u00bb Les mesures ont \u00e9t\u00e9 prises sans tarder.<\/p>\n<p>Protestations des ONG<\/p>\n<p>Les r\u00e9actions qui ont suivi cette annonce sont diverses. D&rsquo;un c\u00f4t\u00e9, les ONG protestent. Gorden Isler, pr\u00e9sident de Sea-Eye, s&rsquo;exprime par exemple sur X. Il parle d&rsquo;un \u00ab signal politique fatal \u00bb et demande au ministre f\u00e9d\u00e9ral des Affaires \u00e9trang\u00e8res : \u00ab J&rsquo;aimerais savoir maintenant pourquoi moins de personnes devraient \u00eatre sauv\u00e9es de la noyade \u00e0 l&rsquo;avenir ? \u00bb Certains politiques allemands d\u00e9plorent \u00e9galement la situation. Selon le <a href=\"https:\/\/www.spiegel.de\/politik\/deutschland\/seenotretter-im-mittelmeer-bundesregierung-streicht-foerderung-a-6a86956c-7998-41a7-b572-23e1706e7b16\" target=\"_blank\" rel=\"noopener nofollow\">Spiegel<\/a>, Jamila Sch\u00e4fer, membre des Verts, a d\u00e9clar\u00e9 que \u00ab\u00a0le sauvetage en mer n&rsquo;est pas un luxe mais un devoir humanitaire \u00bb. Vu la somme d\u00e9bours\u00e9e par le gouvernement f\u00e9d\u00e9ral allemand, il est tout de m\u00eame question d&rsquo;un certain luxe ! Et sur la question du \u00ab devoir humanitaire \u00bb, le journal <a href=\"https:\/\/jungefreiheit.de\/politik\/deutschland\/2025\/bundesregierung-streicht-linksextremen-seenotrettern-das-geld\/\" target=\"_blank\" rel=\"noopener nofollow\">Junge Freiheit<\/a> apporte des pr\u00e9cisions. D&rsquo;apr\u00e8s leur source, ces \u00ab \u00ab\u00a0sauveteurs en mer\u00a0\u00bb d&rsquo;extr\u00eame gauche \u00bb ne seraient pas aussi h\u00e9ro\u00efques qu&rsquo;ils n&rsquo;en ont l&rsquo;air. \u00ab En 2020, un tribunal italien avait condamn\u00e9 \u00e0 vingt ans de prison trois clandestins de Guin\u00e9e et d&rsquo;\u00c9gypte qui sont entr\u00e9s dans le pays \u00e0 bord du navire allemand Sea-Watch 3. Les juges l&rsquo;ont reconnu coupable de trafic d&rsquo;\u00eatres humains, de torture, de violence sexuelle et de meurtre. \u00bb<\/p>\n<p>Sur les 21 ONG actives dans la zone de sauvetage en M\u00e9diterran\u00e9e centrale, 10 sont allemandes. Sans le soutien de la Conf\u00e9d\u00e9ration, l&rsquo;impact pourra \u00eatre d&rsquo;une grande ampleur \u00e0 l&rsquo;\u00e9chelle mondiale.<\/p>\n<p>                    <a href=\"#\" rel=\"nofollow\" onclick=\"window.print(); pfTrackEvent('Immigration ill\u00e9gale : l\u2019Allemagne coupe les vivres aux ONG en M\u00e9diterran\u00e9e'); return false;\" title=\"Printer Friendly, PDF &amp; Email\"><br \/>\n                    <img decoding=\"async\" src=\"https:\/\/www.europesays.com\/fr\/wp-content\/uploads\/2025\/04\/printfriendly-icon-sm.png\" alt=\"Print Friendly, PDF &amp; Email\" class=\"pf-button-img\" style=\"width: 17px;height: 17px;\"\/>Imprimer, enregistrer en PDF cet article<br \/>\n                    <\/a><\/p>\n","protected":false},"excerpt":{"rendered":"Mercredi 25 juin, le ministre f\u00e9d\u00e9ral des Affaires \u00e9trang\u00e8res Johann Wadephul, appartenant \u00e0 l&rsquo;Union chr\u00e9tienne-d\u00e9mocrate d&rsquo;Allemagne, met un&hellip;\n","protected":false},"author":2,"featured_media":18595,"comment_status":"","ping_status":"","sticky":false,"template":"","format":"standard","meta":{"footnotes":""},"categories":[1587],"tags":[11,672,1804,1805,1803,1777,674,1801,12,1802],"class_list":{"0":"post-206893","1":"post","2":"type-post","3":"status-publish","4":"format-standard","5":"has-post-thumbnail","7":"category-allemagne","8":"tag-actualites","9":"tag-allemagne","10":"tag-bundesrepublik-deutschland","11":"tag-de","12":"tag-deutschland","13":"tag-eu","14":"tag-europe","15":"tag-germany","16":"tag-news","17":"tag-republique-federale-dallemagne"},"share_on_mastodon":{"url":"https:\/\/pubeurope.com\/@fr\/114752076119090045","error":""},"_links":{"self":[{"href":"https:\/\/www.europesays.com\/fr\/wp-json\/wp\/v2\/posts\/206893","targetHints":{"allow":["GET"]}}],"collection":[{"href":"https:\/\/www.europesays.com\/fr\/wp-json\/wp\/v2\/posts"}],"about":[{"href":"https:\/\/www.europesays.com\/fr\/wp-json\/wp\/v2\/types\/post"}],"author":[{"embeddable":true,"href":"https:\/\/www.europesays.com\/fr\/wp-json\/wp\/v2\/users\/2"}],"replies":[{"embeddable":true,"href":"https:\/\/www.europesays.com\/fr\/wp-json\/wp\/v2\/comments?post=206893"}],"version-history":[{"count":0,"href":"https:\/\/www.europesays.com\/fr\/wp-json\/wp\/v2\/posts\/206893\/revisions"}],"wp:featuredmedia":[{"embeddable":true,"href":"https:\/\/www.europesays.com\/fr\/wp-json\/wp\/v2\/media\/18595"}],"wp:attachment":[{"href":"https:\/\/www.europesays.com\/fr\/wp-json\/wp\/v2\/media?parent=206893"}],"wp:term":[{"taxonomy":"category","embeddable":true,"href":"https:\/\/www.europesays.com\/fr\/wp-json\/wp\/v2\/categories?post=206893"},{"taxonomy":"post_tag","embeddable":true,"href":"https:\/\/www.europesays.com\/fr\/wp-json\/wp\/v2\/tags?post=206893"}],"curies":[{"name":"wp","href":"https:\/\/api.w.org\/{rel}","templated":true}]}}