{"id":206894,"date":"2025-06-26T22:41:14","date_gmt":"2025-06-26T22:41:14","guid":{"rendered":"https:\/\/www.europesays.com\/fr\/206894\/"},"modified":"2025-06-26T22:41:14","modified_gmt":"2025-06-26T22:41:14","slug":"climat-emmanuel-macron-pret-a-donner-un-coup-de-frein-aux-objectifs-climatiques-europeens","status":"publish","type":"post","link":"https:\/\/www.europesays.com\/fr\/206894\/","title":{"rendered":"Climat : Emmanuel Macron pr\u00eat \u00e0 donner un coup de frein aux objectifs climatiques europ\u00e9ens"},"content":{"rendered":"<p>\u00ab\u00a0Il n\u2019y a pas de plan B car il n\u2019y a pas de plan\u00e8te B\u00a0\u00bb, lan\u00e7ait le 1er\u00a0juin 2017 Emmanuel Macron \u00e0 Donald Trump apr\u00e8s le retrait des Etats-Unis de l\u2019accord de Paris sur le climat, adopt\u00e9 par 195 pays deux ans plus t\u00f4t, pour maintenir l\u2019augmentation de la temp\u00e9rature de la plan\u00e8te en dessous des 2 degr\u00e9s. Il r\u00e9it\u00e8re ses propos le 25\u00a0avril 2018 devant le Congr\u00e8s am\u00e9ricain, v\u00e9ritable pied de nez \u00e0 Donald Trump.<\/p>\n<p>Mais quelques ann\u00e9es plus tard, Emmanuel Macron semble avoir euph\u00e9mis\u00e9 son discours. Ce jeudi, \u00e0 l\u2019occasion d\u2019un sommet europ\u00e9en \u00e0 Bruxelles r\u00e9unissant les 27 dirigeants nationaux de l\u2019Union, le pr\u00e9sident fran\u00e7ais a pr\u00e9vu de donner un coup de frein aux objectifs de r\u00e9duction des \u00e9missions de gaz \u00e0 effets de serre en mettant sur la table le sujet. Alors qu\u2019il n\u2019\u00e9tait pas pr\u00e9vu \u00e0 l\u2019ordre du jour, c\u2019est Emmanuel Macron lui-m\u00eame qui a souhait\u00e9 en discuter avant que la Commission ne fasse sa proposition de r\u00e9duction pour 2040.<\/p>\n<p>Pour \u00e9viter de subir une attaque en justice, l\u2019UE doit soumettre des objectifs interm\u00e9diaires de r\u00e9duction des \u00e9missions de gaz \u00e0 effets de serre afin d\u2019atteindre la neutralit\u00e9 carbone, pr\u00e9vu par le Pacte vert europ\u00e9en, \u00e0 l\u2019horizon 2050. D\u2019ici \u00e0 2030, l\u2019Union doit faire baisser ses \u00e9missions de 55\u00a0% et doit normalement se doter, \u00e0 partir du 2\u00a0juillet prochain, d\u2019un objectif pour 2040 qui sera vraisemblablement de 90\u00a0% de r\u00e9duction des \u00e9missions.<\/p>\n<p>\u00ab\u00a0Pr\u00e9server notre comp\u00e9titivit\u00e9 et notre objectif de neutralit\u00e9 carbone en 2050\u00a0\u00bb<\/p>\n<p>\u00ab\u00a0Cela doit permettre de discuter des conditions qui permettront de pr\u00e9server notre comp\u00e9titivit\u00e9 et notre objectif de neutralit\u00e9 carbone en 2050\u00a0\u00bb, a justifi\u00e9 l\u2019Elys\u00e9e, soulignant le d\u00e9crochage \u00e9conomique de l\u2019Union par rapport aux Etats-Unis et \u00e0 la Chine. Selon un proche d\u2019Emmanuel Macron, contact\u00e9 par Le Monde, \u00ab\u00a0on garde l\u2019objectif [de 2050] mais on est pragmatique sur les trajectoires\u00a0\u00bb.<\/p>\n<p>Pourtant, au cours de son premier mandat, Emmanuel Macron s\u2019\u00e9tait, \u00e0 de nombreuses reprises, montr\u00e9 volontaire sur la question de la transition climatique notamment en cr\u00e9ant en 2022 un secr\u00e9tariat g\u00e9n\u00e9ral \u00e0 la Planification \u00e9cologique (SPGE). En 2019, le pr\u00e9sident fran\u00e7ais annon\u00e7ait m\u00eame la constitution d\u2019une \u00ab\u00a0Convention citoyenne pour le climat\u00a0\u00bb. Mais cette posture a semble-t-elle faibli depuis. En mai\u00a02023, il a appel\u00e9 de ses v\u0153ux \u00e0 une \u00ab\u00a0pause r\u00e9glementaire europ\u00e9enne\u00a0\u00bb sur les normes environnementales. Il justifiait d\u00e9j\u00e0 \u00e0 l\u2019\u00e9poque le besoin de faire une \u00ab\u00a0pause r\u00e9glementaire massive pour revenir sur des r\u00e9glementations, y compris r\u00e9centes, qui entravent notre capacit\u00e9 \u00e0 innover\u00a0\u00bb.<\/p>\n<p>Interrog\u00e9 par Public S\u00e9nat, le responsable du centre \u00e9nergie de l\u2019Institut Jacques Delors, Phuc-Vinh Nguyen, inscrit cette \u00ab\u00a0forme de pression\u00a0\u00bb dans la \u00ab\u00a0lign\u00e9e de ses r\u00e9centes prises de position\u00a0\u00bb. \u00ab\u00a0Nous nous sommes bien rendu compte que la transition \u00e9cologique n\u2019\u00e9tait plus sa priorit\u00e9\u00a0\u00bb, souligne le chercheur. \u00ab\u00a0D\u00e9sormais ce n\u2019est plus une simple vision, mais il faut voir concr\u00e8tement ce qu\u2019il propose\u00a0\u00bb.<\/p>\n<p>\u00ab\u00a0Le nucl\u00e9aire a toujours fait partie des demandes historiques du pr\u00e9sident\u00a0\u00bb<\/p>\n<p>Mais ce revirement fran\u00e7ais peut aussi s\u2019expliquer par la question du nucl\u00e9aire. Alors que le nouvel objectif 2040 doit \u00eatre accompagn\u00e9 d\u2019un texte cens\u00e9 fixer le cap des Etats membres sur les \u00e9nergies, la France r\u00e9clame que le nucl\u00e9aire soit trait\u00e9 sur le m\u00eame pied d\u2019\u00e9galit\u00e9 que les autres \u00e9nergies renouvelables, comme l\u2019\u00e9olien ou le solaire. La Commission qui a toujours refus\u00e9 d\u2019acc\u00e9der \u00e0 cette demande, a fait hier un pas en direction de l\u2019Hexagone, en pr\u00e9sentant un nouveau r\u00e9gime d\u2019aides d\u2019Etat qui, en plus de b\u00e9n\u00e9ficier aux technologies vertes, b\u00e9n\u00e9ficiera au nucl\u00e9aire.<\/p>\n<p>\u00ab\u00a0Le nucl\u00e9aire a toujours fait partie des demandes historiques du pr\u00e9sident\u00a0\u00bb, pr\u00e9cise Phuc-Vinh Nguyen. \u00ab\u00a0Si la Commission c\u00e8de sur la question du nucl\u00e9aire, Emmanuel Macron continuera-t-il dans sa pause r\u00e9glementaire\u00a0?\u00a0\u00bb Le pr\u00e9sident fran\u00e7ais a fait du nucl\u00e9aire l\u2019un des principaux objectifs de son second mandat. En 2022, il annon\u00e7ait la construction de six r\u00e9acteurs de grande puissance, dits \u00ab\u00a0EPR 2\u00a0\u00bb. \u00ab\u00a0Cette politique nucl\u00e9aire, qu\u2019il affirme de plus en plus fortement, peut expliquer sa position\u00a0\u00bb, juge Yamina Saheb, autrice du dernier rapport du Giec et sp\u00e9cialiste de la sobri\u00e9t\u00e9 et de l\u2019\u00e9nergie.<\/p>\n<p>L\u2019Union europ\u00e9enne divis\u00e9e<\/p>\n<p>Au vu du poids de la France au sein de l\u2019Union europ\u00e9enne, plusieurs experts jugent qu\u2019il y a fort \u00e0 parier que la position fran\u00e7aise risque de faire r\u00e9viser \u00e0 la baisse les objectifs de diminution des \u00e9missions de 2035. \u00ab\u00a0La France est en t\u00eate\u00a0\u00bb, a d\u00e9clar\u00e9 un responsable europ\u00e9en interrog\u00e9 par l\u2019Observatoire de l\u2019Europe.<\/p>\n<p>Et cette position arrive au mauvais moment dans un contexte d\u2019attaques continues contre le Pacte vert europ\u00e9en. En premi\u00e8re ligne\u00a0: la Hongrie de Viktor Orb\u00e1n ou l\u2019Italie de Giorgia Meloni qui militent toujours plus pour un abaissement des normes environnementales. Les derni\u00e8res \u00e9lections europ\u00e9ennes ont \u00e9galement renforc\u00e9 le camp du moins-disant environnemental avec une droitisation du Parlement europ\u00e9en. D\u00e9sormais, les pays partisans du Pacte vert comme l\u2019Espagne, le Danemark ou encore la Su\u00e8de disposent d\u2019une voix moindre pour tenter de maintenir les objectifs de neutralit\u00e9 carbone.<\/p>\n<p>\u00ab\u00a0Ce sera un tr\u00e8s mauvais signal pour le monde\u00a0\u00bb<\/p>\n<p>\u00ab\u00a0La seule chose qu\u2019Emmanuel Macron r\u00e9ussira en soulevant le sujet [l\u2019objectif 2040], c\u2019est de rendre l\u2019UE encore plus divis\u00e9e\u00a0\u00bb, avertie le m\u00eame responsable europ\u00e9en contact\u00e9 par l\u2019Observatoire de l\u2019Europe. Un second ajoute\u00a0: \u00ab\u00a0Ce sera un tr\u00e8s mauvais signal pour le monde\u00a0\u00bb.<\/p>\n<p>A la veille de la COP 30, qui doit se tenir \u00e0 partir du 10\u00a0novembre prochain au Br\u00e9sil, le revirement fran\u00e7ais envoie un mauvais signal \u00e0 la lutte contre la crise climatique. Le 19\u00a0juin dernier, une \u00e9tude r\u00e9alis\u00e9e par un consortium d\u2019instituts de recherches a r\u00e9v\u00e9l\u00e9 que la limitation du r\u00e9chauffement climatique \u00e0 1,5 degr\u00e9 n\u2019est d\u00e9sormais \u00ab\u00a0plus atteignable\u00a0\u00bb.<\/p>\n","protected":false},"excerpt":{"rendered":"\u00ab\u00a0Il n\u2019y a pas de plan B car il n\u2019y a pas de plan\u00e8te B\u00a0\u00bb, lan\u00e7ait le 1er\u00a0juin&hellip;\n","protected":false},"author":2,"featured_media":206895,"comment_status":"","ping_status":"","sticky":false,"template":"","format":"standard","meta":{"footnotes":""},"categories":[1586],"tags":[11,1129,1073,1777,674,1011,27,12,25,16155,364],"class_list":{"0":"post-206894","1":"post","2":"type-post","3":"status-publish","4":"format-standard","5":"has-post-thumbnail","7":"category-europe","8":"tag-actualites","9":"tag-climat","10":"tag-emmanuel-macron","11":"tag-eu","12":"tag-europe","13":"tag-fr","14":"tag-france","15":"tag-news","16":"tag-republique-francaise","17":"tag-transition-ecologique","18":"tag-union-europeenne"},"share_on_mastodon":{"url":"https:\/\/pubeurope.com\/@fr\/114752079994337519","error":""},"_links":{"self":[{"href":"https:\/\/www.europesays.com\/fr\/wp-json\/wp\/v2\/posts\/206894","targetHints":{"allow":["GET"]}}],"collection":[{"href":"https:\/\/www.europesays.com\/fr\/wp-json\/wp\/v2\/posts"}],"about":[{"href":"https:\/\/www.europesays.com\/fr\/wp-json\/wp\/v2\/types\/post"}],"author":[{"embeddable":true,"href":"https:\/\/www.europesays.com\/fr\/wp-json\/wp\/v2\/users\/2"}],"replies":[{"embeddable":true,"href":"https:\/\/www.europesays.com\/fr\/wp-json\/wp\/v2\/comments?post=206894"}],"version-history":[{"count":0,"href":"https:\/\/www.europesays.com\/fr\/wp-json\/wp\/v2\/posts\/206894\/revisions"}],"wp:featuredmedia":[{"embeddable":true,"href":"https:\/\/www.europesays.com\/fr\/wp-json\/wp\/v2\/media\/206895"}],"wp:attachment":[{"href":"https:\/\/www.europesays.com\/fr\/wp-json\/wp\/v2\/media?parent=206894"}],"wp:term":[{"taxonomy":"category","embeddable":true,"href":"https:\/\/www.europesays.com\/fr\/wp-json\/wp\/v2\/categories?post=206894"},{"taxonomy":"post_tag","embeddable":true,"href":"https:\/\/www.europesays.com\/fr\/wp-json\/wp\/v2\/tags?post=206894"}],"curies":[{"name":"wp","href":"https:\/\/api.w.org\/{rel}","templated":true}]}}