{"id":206896,"date":"2025-06-26T22:42:14","date_gmt":"2025-06-26T22:42:14","guid":{"rendered":"https:\/\/www.europesays.com\/fr\/206896\/"},"modified":"2025-06-26T22:42:14","modified_gmt":"2025-06-26T22:42:14","slug":"bientot-une-modification-de-la-directive-ue-sur-les-voyages-a-forfait","status":"publish","type":"post","link":"https:\/\/www.europesays.com\/fr\/206896\/","title":{"rendered":"Bient\u00f4t une modification de la directive UE sur les voyages \u00e0 forfait?"},"content":{"rendered":"<p>Si l\u2019Association allemande du tourisme (<a href=\"https:\/\/www.drv.de\/\" target=\"_blank\" rel=\"noopener\">DRV<\/a>) entend accro\u00eetre la pression dans le litige concernant la modification de la directive europ\u00e9enne sur les voyages \u00e0 forfait; nous n\u2019avons re\u00e7u aucun message de la part d<a href=\"https:\/\/edv.travel\/\" target=\"_blank\" rel=\"noopener\">\u2019EDV<\/a>. Ce nouveau projet repr\u00e9senterait une nouvelle charge importante pour les agences de voyages et les voyagistes. Un vote est pr\u00e9vu le 7 juillet prochain.<\/p>\n<p>Les nouvelles r\u00e9glementations seraient loin d\u2019\u00eatre satisfaisantes pour les professionnels<\/p>\n<p>DRV, dans une lettre adress\u00e9e \u00e0 ses membres, affirme que l\u2019\u00e9tat actuel des n\u00e9gociations au Parlement est\u00a0 loin d\u2019\u00eatre satisfaisant . L\u2019association consid\u00e8re les nouvelles r\u00e9glementations pr\u00e9vues comme <b>des obstacles bureaucratiques<\/b> et co\u00fbteux qui affecteraient particuli\u00e8rement les petites et moyennes agences de voyages.<\/p>\n<p>Les services de voyage li\u00e9s sont particuli\u00e8rement critiqu\u00e9s<\/p>\n<p>Le syndicat allemand des agences de voyages pr\u00e9vient que les projets de l\u2019UE pourraient conduire \u00e0 la <strong>suppression du produit d\u2019assurance<\/strong> \u00e0 l\u2019avenir, avec des cons\u00e9quences notables pour les ventes et les clients.<\/p>\n<p>La gestion des conseils aux voyageurs est \u00e9galement au centre des pr\u00e9occupations<\/p>\n<p>Il y aurait une extension pr\u00e9vue de l\u2019article 12. \u00c0 l\u2019avenir, les conseils aux voyageurs seront pris en compte non seulement depuis la zone de destination, mais aussi depuis le lieu de d\u00e9part \u2013 ce qui, selon la DRV, est difficilement r\u00e9alisable dans la pratique.<\/p>\n<p>L\u2019article 24 est \u00e9galement rejet\u00e9. Il pr\u00e9voit un syst\u00e8me obligatoire de gestion des plaintes avec un d\u00e9lai de 30 jours. Le syndicat consid\u00e8re que cette mesure est disproportionn\u00e9e.<\/p>\n<p>Sanctions bas\u00e9es sur le chiffre d\u2019affaires<\/p>\n<p>La DRV critique \u00e9galement les sanctions envisag\u00e9es. Les violations de la directive pourraient \u00e0 l\u2019avenir \u00eatre punies jusqu\u2019\u00e0 4 % du chiffre d\u2019affaires annuel. L\u2019association appelle plut\u00f4t au maintien des r\u00e9glementations nationales et au recours aux m\u00e9canismes existants.<\/p>\n<p>Il serait temps qu\u2019EDV informe ses adh\u00e9rents! Mais peut-\u00eatre que l\u2019information a \u00e9t\u00e9 communiqu\u00e9e \u2026 cependant nous n\u2019avons rien re\u00e7u de notre c\u00f4t\u00e9. <\/p>\n","protected":false},"excerpt":{"rendered":"Si l\u2019Association allemande du tourisme (DRV) entend accro\u00eetre la pression dans le litige concernant la modification de la&hellip;\n","protected":false},"author":2,"featured_media":206897,"comment_status":"","ping_status":"","sticky":false,"template":"","format":"standard","meta":{"footnotes":""},"categories":[1586],"tags":[11,34580,34581,34582,2697,1777,674,1779,1011,27,12,8552,25,34583,1778,364],"class_list":{"0":"post-206896","1":"post","2":"type-post","3":"status-publish","4":"format-standard","5":"has-post-thumbnail","7":"category-europe","8":"tag-actualites","9":"tag-conseils-aux-voyageurs","10":"tag-directive-sur-les-voyages-a-forfait","11":"tag-drv","12":"tag-edv","13":"tag-eu","14":"tag-europe","15":"tag-european-union","16":"tag-fr","17":"tag-france","18":"tag-news","19":"tag-parlement-europeen","20":"tag-republique-francaise","21":"tag-sanction-agence-de-voyages","22":"tag-ue","23":"tag-union-europeenne"},"share_on_mastodon":{"url":"https:\/\/pubeurope.com\/@fr\/114752084053115478","error":""},"_links":{"self":[{"href":"https:\/\/www.europesays.com\/fr\/wp-json\/wp\/v2\/posts\/206896","targetHints":{"allow":["GET"]}}],"collection":[{"href":"https:\/\/www.europesays.com\/fr\/wp-json\/wp\/v2\/posts"}],"about":[{"href":"https:\/\/www.europesays.com\/fr\/wp-json\/wp\/v2\/types\/post"}],"author":[{"embeddable":true,"href":"https:\/\/www.europesays.com\/fr\/wp-json\/wp\/v2\/users\/2"}],"replies":[{"embeddable":true,"href":"https:\/\/www.europesays.com\/fr\/wp-json\/wp\/v2\/comments?post=206896"}],"version-history":[{"count":0,"href":"https:\/\/www.europesays.com\/fr\/wp-json\/wp\/v2\/posts\/206896\/revisions"}],"wp:featuredmedia":[{"embeddable":true,"href":"https:\/\/www.europesays.com\/fr\/wp-json\/wp\/v2\/media\/206897"}],"wp:attachment":[{"href":"https:\/\/www.europesays.com\/fr\/wp-json\/wp\/v2\/media?parent=206896"}],"wp:term":[{"taxonomy":"category","embeddable":true,"href":"https:\/\/www.europesays.com\/fr\/wp-json\/wp\/v2\/categories?post=206896"},{"taxonomy":"post_tag","embeddable":true,"href":"https:\/\/www.europesays.com\/fr\/wp-json\/wp\/v2\/tags?post=206896"}],"curies":[{"name":"wp","href":"https:\/\/api.w.org\/{rel}","templated":true}]}}