{"id":206898,"date":"2025-06-26T22:43:14","date_gmt":"2025-06-26T22:43:14","guid":{"rendered":"https:\/\/www.europesays.com\/fr\/206898\/"},"modified":"2025-06-26T22:43:14","modified_gmt":"2025-06-26T22:43:14","slug":"a-gaza-dans-lenfer-des-centres-de-distribution-alimentaires-liberation","status":"publish","type":"post","link":"https:\/\/www.europesays.com\/fr\/206898\/","title":{"rendered":"\u00e0 Gaza, dans l\u2019enfer des centres de distribution alimentaires \u2013 Lib\u00e9ration"},"content":{"rendered":"<p class=\"sc-ksZaOG ehjQrN text-element\">D\u00e8s qu\u2019il entend parler des sites de distribution alimentaire dans la bande de Gaza, Ahmed Abu Ghali devient \u00abanxieux\u00bb. \u00abJe ne supporte plus ces endroits, je les d\u00e9teste\u00bb, dit le jeune homme de 27 ans. Mardi 17 juin, en compagnie de son fr\u00e8re Mohammed, Ahmed a quitt\u00e9 \u00e0 pied la ville de Rafah. Quatre heures de marche pour rallier Khan Youn\u00e8s, un peu plus au nord, o\u00f9 l\u2019ONG World Central Kitchen avait annonc\u00e9 une distribution de vivres. Le Palestinien esp\u00e9rait r\u00e9cup\u00e9rer quelques sacs de farine pour nourrir sa famille. Mais le rassemblement a vir\u00e9 au massacre : <a href=\"https:\/\/www.liberation.fr\/checknews\/a-gaza-au-moins-59-palestiniens-attendant-de-laide-alimentaire-tues-par-larmee-israelienne-20250618_GR2PYPJERNEIXFI7MVFRWXUF5I\/#:~:text=Regroup%C3%A9s%20pour%20recevoir%20de%20la,Khan%20Youn%C3%A8s%2C%20mardi%2017%20juin.&amp;text=C&#039;est%20un%20nouvel%20%C3%A9pisode,de%20la%20guerre%20%C3%A0%20Gaza.\" target=\"_blank\" rel=\"noopener\" title=\"https:\/\/www.liberation.fr\/checknews\/a-gaza-au-moins-59-palestiniens-attendant-de-laide-alimentaire-tues-par-larmee-israelienne-20250618_GR2PYPJERNEIXFI7MVFRWXUF5I\/#:~:text=Regroup%C3%A9s%20pour%20recevoir%20de%20la,Khan%20Youn%C3%A8s%2C%20mardi%2017%20juin.&amp;text=C&#039;est%20un%20nouvel%20%C3%A9pisode,de%20la%20guerre%20%C3%A0%20Gaza.\">au moins 59 personnes ont \u00e9t\u00e9 tu\u00e9es<\/a>, victimes de tirs de tanks et de frappes a\u00e9riennes isra\u00e9liennes, selon la D\u00e9fense civile de Gaza. Le fr\u00e8re d\u2019Ahmed a perdu sa jambe ce jour-l\u00e0, emport\u00e9e par un obus.<\/p>\n","protected":false},"excerpt":{"rendered":"D\u00e8s qu\u2019il entend parler des sites de distribution alimentaire dans la bande de Gaza, Ahmed Abu Ghali devient&hellip;\n","protected":false},"author":2,"featured_media":206899,"comment_status":"","ping_status":"","sticky":false,"template":"","format":"standard","meta":{"footnotes":""},"categories":[2],"tags":[11,1011,27,3517,3522,664,3523,12,3518,25],"class_list":{"0":"post-206898","1":"post","2":"type-post","3":"status-publish","4":"format-standard","5":"has-post-thumbnail","7":"category-actualites","8":"tag-actualites","9":"tag-fr","10":"tag-france","11":"tag-gaza-l-escalade","12":"tag-guerre-hamas-israel","13":"tag-israel","14":"tag-israel-palestine-conflit","15":"tag-news","16":"tag-palestine","17":"tag-republique-francaise"},"share_on_mastodon":{"url":"https:\/\/pubeurope.com\/@fr\/114752087973983578","error":""},"_links":{"self":[{"href":"https:\/\/www.europesays.com\/fr\/wp-json\/wp\/v2\/posts\/206898","targetHints":{"allow":["GET"]}}],"collection":[{"href":"https:\/\/www.europesays.com\/fr\/wp-json\/wp\/v2\/posts"}],"about":[{"href":"https:\/\/www.europesays.com\/fr\/wp-json\/wp\/v2\/types\/post"}],"author":[{"embeddable":true,"href":"https:\/\/www.europesays.com\/fr\/wp-json\/wp\/v2\/users\/2"}],"replies":[{"embeddable":true,"href":"https:\/\/www.europesays.com\/fr\/wp-json\/wp\/v2\/comments?post=206898"}],"version-history":[{"count":0,"href":"https:\/\/www.europesays.com\/fr\/wp-json\/wp\/v2\/posts\/206898\/revisions"}],"wp:featuredmedia":[{"embeddable":true,"href":"https:\/\/www.europesays.com\/fr\/wp-json\/wp\/v2\/media\/206899"}],"wp:attachment":[{"href":"https:\/\/www.europesays.com\/fr\/wp-json\/wp\/v2\/media?parent=206898"}],"wp:term":[{"taxonomy":"category","embeddable":true,"href":"https:\/\/www.europesays.com\/fr\/wp-json\/wp\/v2\/categories?post=206898"},{"taxonomy":"post_tag","embeddable":true,"href":"https:\/\/www.europesays.com\/fr\/wp-json\/wp\/v2\/tags?post=206898"}],"curies":[{"name":"wp","href":"https:\/\/api.w.org\/{rel}","templated":true}]}}