{"id":206900,"date":"2025-06-26T22:44:12","date_gmt":"2025-06-26T22:44:12","guid":{"rendered":"https:\/\/www.europesays.com\/fr\/206900\/"},"modified":"2025-06-26T22:44:12","modified_gmt":"2025-06-26T22:44:12","slug":"secret-story-coup-de-theatre-pas-un-mais-deux-elimines-ce-soir","status":"publish","type":"post","link":"https:\/\/www.europesays.com\/fr\/206900\/","title":{"rendered":"\u00ab\u00a0Secret Story\u00a0\u00bb : coup de th\u00e9\u00e2tre, pas un mais deux \u00e9limin\u00e9s ce soir !"},"content":{"rendered":"<p>\u00c9norme annonce de la part de <a href=\"https:\/\/www.public.fr\/tag\/christophe-beaugrand\" target=\"_blank\" rel=\"noopener\">Christophe Beaugrand<\/a> dans la quotidienne de ce jeudi 26 juin 2025. Quelques heures avant le prime de <strong><a href=\"https:\/\/www.public.fr\/tag\/secret-story\" target=\"_blank\" rel=\"noopener\">\u00ab\u00a0Secret Story\u00a0\u00bb<\/a><\/strong>, l\u2019animateur a fait une annonce de taille concernant le prime de ce soir.<\/p>\n<p>Mardi, comme la semaine derni\u00e8re, Mayer, <a href=\"https:\/\/www.public.fr\/secret-story-2025-ethan-menace-les-internautes-furieux-contre-anita\" target=\"_blank\" rel=\"noopener\">Ethan<\/a>, A\u00efmed, C\u00e9lia, Constance, ou encore Romy, se sont rendus dans le sas afin de nommer deux candidats. Lors du dernier prime, Dr\u00e9a avait malheureusement \u00e9t\u00e9 choisie par ses camarades pour se faire nommer d\u2019office. De fait, la jeune chanteuse, star de la K-Pop, s\u2019attendait \u00e0 retrouver deux autres candidats \u00e0 ses c\u00f4t\u00e9s.<\/p>\n<p>Les quatre candidats nomm\u00e9s de la semaine<\/p>\n<p>N\u00e9anmoins, pas deux mais trois candidats ont finalement appris qu&rsquo;ils allaient devoir sauver leur peau. En plus de la jeune femme, Damien, Mayer, ainsi qu\u2019Ethan, ont \u00e9t\u00e9 choisis par les autres candidats de <strong>\u00ab\u00a0Secret Story\u00a0\u00bb<\/strong>. De quoi \u00e9tonner certains des r\u00e9sidents par rapport aux strat\u00e9gies mises en place.\u00a0<\/p>\n<p>En r\u00e9alit\u00e9, Damien n\u2019aurait pas d\u00fb faire partie de la liste. N\u00e9anmoins, quelques minutes avant les nominations, Adrien a eu la chance de se rendre \u00e0 la sup\u00e9rette et acheter un avantage \u00ab\u00a0switch\u00a0\u00bb, lui permettant d\u2019\u00e9changer un candidat nomm\u00e9 avec un autre.<\/p>\n<p>\u00c9norme coup de chance pour lui, en apprenant qu\u2019il faisait partie des nomm\u00e9s au d\u00e9part, le crush de Pimprenelle a donc souhait\u00e9 utiliser son avantage et \u00e9changer sa place avec Damien. Reste donc \u00e0 savoir qui du beau gosse, qui tente de faire croire \u00e0 tout le monde qu\u2019il est en couple avec Constance, Mayer, Ethan, ou encore Dr\u00e9a, va rester dans <strong>\u00ab\u00a0Secret Story\u00a0\u00bb<\/strong> ce jeudi soir.<\/p>\n<p>Christophe Beaugrand l\u00e2che une bombe, un \u00e9limin\u00e9 d\u00e8s le d\u00e9but de soir\u00e9e dans \u00ab\u00a0Secret Story\u00a0\u00bb<\/p>\n<p>Les t\u00e9l\u00e9spectateurs de TFX vont rapidement avoir un premier \u00e9l\u00e9ment de r\u00e9ponse. En effet, \u00e0 la fin de la quotidienne de ce jeudi 26 juin 2025, <a href=\"https:\/\/vsd.fr\/tag\/christophe-beaugrand\/\" target=\"_blank\" rel=\"noopener\">Christophe Beaugrand<\/a> a fait une annonce de taille, surprenant tout le monde.<\/p>\n<p>En direct du plateau, deux fauteuils se trouvant derri\u00e8re lui, l\u2019animateur de <strong>\u00ab\u00a0Secret Story\u00a0\u00bb<\/strong> a indiqu\u00e9 aux t\u00e9l\u00e9spectateurs qu\u2019un candidat, parmi Mayer, Dr\u00e9a, Ethan, ou encore Damien, allait <strong>le rejoindre d\u00e8s le d\u00e9but de la soir\u00e9e du prime.\u00a0<\/strong><\/p>\n<p>Plus tard, <strong>un second candidat allait \u00e9galement se faire \u00e9liminer <\/strong>et rejoindre le premier, ou la premi\u00e8re, \u00e0 avoir quitter l\u2019aventure. \u00ab\u00a0Attention, \u00e9coutez-moi bien, il ne vous reste plus que dix minutes pour voter, car c&rsquo;est une annonce exceptionnelle d\u00e8s le d\u00e9but du prime, <strong>l&rsquo;habitant qui aura re\u00e7u le moins de votes<\/strong> quittera la maison et ensuite nous relancerons des votes et <strong>un deuxi\u00e8me nomm\u00e9 nous quittera<\/strong> en fin d\u2019\u00e9mission\u00a0\u00bb, a en effet r\u00e9v\u00e9l\u00e9 le pr\u00e9sentateur, qui a promis d\u2019autres nombreuses surprises.\u00a0<\/p>\n<p>      Mentionn\u00e9s dans cet article<\/p>\n<p>\u00c0 lire aussi<\/p>\n","protected":false},"excerpt":{"rendered":"\u00c9norme annonce de la part de Christophe Beaugrand dans la quotidienne de ce jeudi 26 juin 2025. Quelques&hellip;\n","protected":false},"author":2,"featured_media":206901,"comment_status":"","ping_status":"","sticky":false,"template":"","format":"standard","meta":{"footnotes":""},"categories":[2],"tags":[11,5410,1011,27,12,25,29901],"class_list":{"0":"post-206900","1":"post","2":"type-post","3":"status-publish","4":"format-standard","5":"has-post-thumbnail","7":"category-actualites","8":"tag-actualites","9":"tag-christophe-beaugrand","10":"tag-fr","11":"tag-france","12":"tag-news","13":"tag-republique-francaise","14":"tag-secret-story"},"share_on_mastodon":{"url":"https:\/\/pubeurope.com\/@fr\/114752092141761752","error":""},"_links":{"self":[{"href":"https:\/\/www.europesays.com\/fr\/wp-json\/wp\/v2\/posts\/206900","targetHints":{"allow":["GET"]}}],"collection":[{"href":"https:\/\/www.europesays.com\/fr\/wp-json\/wp\/v2\/posts"}],"about":[{"href":"https:\/\/www.europesays.com\/fr\/wp-json\/wp\/v2\/types\/post"}],"author":[{"embeddable":true,"href":"https:\/\/www.europesays.com\/fr\/wp-json\/wp\/v2\/users\/2"}],"replies":[{"embeddable":true,"href":"https:\/\/www.europesays.com\/fr\/wp-json\/wp\/v2\/comments?post=206900"}],"version-history":[{"count":0,"href":"https:\/\/www.europesays.com\/fr\/wp-json\/wp\/v2\/posts\/206900\/revisions"}],"wp:featuredmedia":[{"embeddable":true,"href":"https:\/\/www.europesays.com\/fr\/wp-json\/wp\/v2\/media\/206901"}],"wp:attachment":[{"href":"https:\/\/www.europesays.com\/fr\/wp-json\/wp\/v2\/media?parent=206900"}],"wp:term":[{"taxonomy":"category","embeddable":true,"href":"https:\/\/www.europesays.com\/fr\/wp-json\/wp\/v2\/categories?post=206900"},{"taxonomy":"post_tag","embeddable":true,"href":"https:\/\/www.europesays.com\/fr\/wp-json\/wp\/v2\/tags?post=206900"}],"curies":[{"name":"wp","href":"https:\/\/api.w.org\/{rel}","templated":true}]}}