{"id":206904,"date":"2025-06-26T22:47:30","date_gmt":"2025-06-26T22:47:30","guid":{"rendered":"https:\/\/www.europesays.com\/fr\/206904\/"},"modified":"2025-06-26T22:47:30","modified_gmt":"2025-06-26T22:47:30","slug":"lalterna-stade-poitevin-recrute-lukas-maase","status":"publish","type":"post","link":"https:\/\/www.europesays.com\/fr\/206904\/","title":{"rendered":"l\u2019Alterna Stade Poitevin recrute Lukas Maase"},"content":{"rendered":"<p>L\u2019Alterna Stade Poitevin poursuit son recrutement. Apr\u00e8s <a target=\"_self\" href=\"https:\/\/www.lanouvellerepublique.fr\/niort\/msl-anatole-chaboissant-sera-presque-comme-a-la-maison-a-l-alterna-stade-poitevin-1748621510\" rel=\"noopener\">Anatole Chaboissant<\/a>, <a target=\"_self\" href=\"https:\/\/www.lanouvellerepublique.fr\/poitiers\/msl-pourquoi-dusan-nikolic-revient-a-l-alterna-stade-poitevin-1749192539\" rel=\"noopener\">Dusan Nikolic<\/a> et <a target=\"_self\" href=\"https:\/\/www.lanouvellerepublique.fr\/poitiers\/msl-tom-picard-est-poitevin-1749830438\" rel=\"noopener\">Tom Picard<\/a>, le club stadiste a officialis\u00e9, ce vendredi 20\u00a0juin, l\u2019arriv\u00e9e de Lukas Maase.<\/p>\n<p>Le central allemand de 2,14\u00a0m conna\u00eet bien le championnat de France puisqu\u2019apr\u00e8s \u00eatre pass\u00e9 par D\u00fcren (2018-2020), Friedrichshafen (2020-2022) et L\u00fcneburg (2022-2023) dans son pays natal, il a port\u00e9 le maillot du Paris Volley (2023-2024) et de Chaumont (2024-2025) ces deux derni\u00e8res saisons.<\/p>\n<p>En Haute-Marne, le joueur de 27\u00a0ans, plus grand joueur de MSL, a pris part \u00e0 27 rencontres, dont celles de la demi-finale face \u00e0 l\u2019Alterna SPVB, et inscrit 251 points (193 attaques gagnantes \u00e0 60\u00a0% d\u2019efficacit\u00e9 \u00e0 l\u2019attaque, 46 contres gagnants, 12 aces).<\/p>\n<p>Il dispute actuellement la Ligue des nations avec sa s\u00e9lection nationale. Lukas Maase a notamment crois\u00e9 la route de son futur entra\u00eeneur Dan Lewis, le 11\u00a0juin, lors d\u2019un match face au Canada au cours duquel il a inscrit 10 points (8 attaques gagnantes, 2 blocks). Il fait mieux lors de la rencontre suivante face \u00e0 l\u2019Italie en atteignant la barre des 15 unit\u00e9s (15 attaques gagnantes).<\/p>\n<p>Le central allemand s\u2019est engag\u00e9 pour une saison avec l\u2019Alterna SPVB.<\/p>\n<p><strong>les mouvements<\/strong><\/p>\n<p><strong>Restent\u00a0:<\/strong> Massimino (libero), Pujol (r\u00e9c.-att.), Magnin (central), Gill (passeur), Cannessant (libero).<\/p>\n<p><strong>Arrivent\u00a0:<\/strong> Chaboissant (passeur), Nikolic (pointu), Picard (r\u00e9c.-att.), Maase (central).<\/p>\n<p><strong>Partent\u00a0:<\/strong> Thoral (Narbonne), Mujanovic (Tours), Walsh (Chaumont), Byam, Vucicevic, Hanzic, Cowell (Changos de Naranjito, Porto-Rico), Michelucci (Foinikas Syros, Gr\u00e8ce), Roatta.<\/p>\n<p>\u00a0<\/p>\n","protected":false},"excerpt":{"rendered":"L\u2019Alterna Stade Poitevin poursuit son recrutement. Apr\u00e8s Anatole Chaboissant, Dusan Nikolic et Tom Picard, le club stadiste a&hellip;\n","protected":false},"author":2,"featured_media":206905,"comment_status":"","ping_status":"","sticky":false,"template":"","format":"standard","meta":{"footnotes":""},"categories":[1417],"tags":[1392,1654,1011,27,1655,1653,60,1584,1470,1469],"class_list":{"0":"post-206904","1":"post","2":"type-post","3":"status-publish","4":"format-standard","5":"has-post-thumbnail","7":"category-volley","8":"tag-a-la-une-local","9":"tag-alterna-stade-poitevin-volley-ball","10":"tag-fr","11":"tag-france","12":"tag-ligue-a","13":"tag-poitiers","14":"tag-sports","15":"tag-vienne","16":"tag-volley","17":"tag-volleyball"},"share_on_mastodon":{"url":"https:\/\/pubeurope.com\/@fr\/114752103601095973","error":""},"_links":{"self":[{"href":"https:\/\/www.europesays.com\/fr\/wp-json\/wp\/v2\/posts\/206904","targetHints":{"allow":["GET"]}}],"collection":[{"href":"https:\/\/www.europesays.com\/fr\/wp-json\/wp\/v2\/posts"}],"about":[{"href":"https:\/\/www.europesays.com\/fr\/wp-json\/wp\/v2\/types\/post"}],"author":[{"embeddable":true,"href":"https:\/\/www.europesays.com\/fr\/wp-json\/wp\/v2\/users\/2"}],"replies":[{"embeddable":true,"href":"https:\/\/www.europesays.com\/fr\/wp-json\/wp\/v2\/comments?post=206904"}],"version-history":[{"count":0,"href":"https:\/\/www.europesays.com\/fr\/wp-json\/wp\/v2\/posts\/206904\/revisions"}],"wp:featuredmedia":[{"embeddable":true,"href":"https:\/\/www.europesays.com\/fr\/wp-json\/wp\/v2\/media\/206905"}],"wp:attachment":[{"href":"https:\/\/www.europesays.com\/fr\/wp-json\/wp\/v2\/media?parent=206904"}],"wp:term":[{"taxonomy":"category","embeddable":true,"href":"https:\/\/www.europesays.com\/fr\/wp-json\/wp\/v2\/categories?post=206904"},{"taxonomy":"post_tag","embeddable":true,"href":"https:\/\/www.europesays.com\/fr\/wp-json\/wp\/v2\/tags?post=206904"}],"curies":[{"name":"wp","href":"https:\/\/api.w.org\/{rel}","templated":true}]}}