{"id":206906,"date":"2025-06-26T22:48:11","date_gmt":"2025-06-26T22:48:11","guid":{"rendered":"https:\/\/www.europesays.com\/fr\/206906\/"},"modified":"2025-06-26T22:48:11","modified_gmt":"2025-06-26T22:48:11","slug":"paul-graou-la-doublure-qui-tente-de-sortir-de-lombre-dantoine-dupont","status":"publish","type":"post","link":"https:\/\/www.europesays.com\/fr\/206906\/","title":{"rendered":"Paul Graou, la doublure qui tente de sortir de l\u2019ombre d\u2019Antoine Dupont"},"content":{"rendered":"<p>Rempla\u00e7ant de la star depuis trois saisons, le demi de m\u00eal\u00e9e toulousain d\u00e9butera, samedi, face \u00e0 l\u2019UBB, sa premi\u00e8re finale dans la peau d\u2019un titulaire. Un d\u00e9fi majuscule.<\/p>\n<p class=\"fig-paragraph\">Le jour est arriv\u00e9. Son jour. Trois ans que\u00a0<a href=\"http:\/\/www.lefigaro.fr\/sports\/rugby\/top-14\/top-14-paul-graou-la-doublure-de-dupont-prete-a-guider-le-stade-toulousain-vers-les-etoiles-20250328\" data-fig-type=\"NewsFlash\" data-gtm-custom-categorie=\"navigation\" data-gtm-custom-action=\"crossclick\" data-gtm-custom-label=\"Contextuel\" data-gtm-event=\"customEventSPE\" data-fig-domain=\"LEFIGARO\" target=\"_blank\" rel=\"noopener\">Paul Graou<\/a>\u00a0a rejoint le<a href=\"http:\/\/www.lefigaro.fr\/sports\/rugby\/top-14\/rugby-stade-toulousain-les-raisons-d-une-saison-en-enfer-20250622\" data-fig-type=\"Article\" data-gtm-custom-categorie=\"navigation\" data-gtm-custom-action=\"crossclick\" data-gtm-custom-label=\"Contextuel\" data-gtm-event=\"customEventSPE\" data-fig-domain=\"LEFIGARO\" target=\"_blank\" rel=\"noopener\">\u00a0Stade Toulousain<\/a>. Qu\u2019il a fait le grand saut s\u00e9parant la Pro\u00a0D2 (Montauban puis Agen) des sommets europ\u00e9ens. Le Gersois, n\u00e9 \u00e0 Auch il y a bient\u00f4t vingt-huit\u00a0ans, a d\u00e9barqu\u00e9 durant l\u2019\u00e9t\u00e9 2022 en \u00e9tant conscient de son statut. Doublure d\u2019<a href=\"https:\/\/www.lefigaro.fr\/tag\/antoine-dupont\" target=\"_blank\" rel=\"noopener\" data-gtm-custom-categorie=\"navigation\" data-gtm-custom-action=\"crossclick\" data-gtm-custom-label=\"Contextuel\" data-gtm-event=\"customEventSPE\">Antoine Dupont<\/a>, le meilleur joueur du monde. Il faut avoir les \u00e9paules solides pour endosser ce r\u00f4le. Assurer quand le boss est absent, mais accepter de se retirer d\u00e8s qu\u2019il revient. D\u00e9buter les doublons et s\u2019effacer pour les matchs de phase finale. Savoir que la comparaison sera permanente. Et jamais \u00e0 son avantage.<\/p>\n<p class=\"fig-paragraph\">Sur son palmar\u00e8s, trois lignes. Champion d\u2019Europe 2024, champion de France 2023 et 2024. Mais, de ces trois finales, il a disput\u00e9 respectivement neuf, z\u00e9ro et sept\u00a0minutes. Ce samedi, au Stade de France, le changement sera total. Abyssal. Il d\u00e9butera avec le num\u00e9ro\u00a09 dans le dos. Titulaire dans une \u00e9quipe qui ne perd plus ses finales depuis 2019. Six disput\u00e9es, six remport\u00e9es\u2026<\/p>\n<p class=\"fig-premium-paywall__infos\">\n        Cet article est r\u00e9serv\u00e9 aux abonn\u00e9s.        Il vous reste 85% \u00e0 d\u00e9couvrir.\n    <\/p>\n<p>                <img  data- alt=\"Le Figaro\" class=\"fig-img--complete fig-img\"\/><\/p>\n<p class=\"fig-premium-paywall__title\">Vente Flash : derniers jours<\/p>\n<p class=\"fig-premium-paywall__subtitle\">3,99\u20ac par mois pendant 12 mois. Sans engagement.<\/p>\n<p class=\"fig-premium-paywall__connect\">\n                D\u00e9j\u00e0 abonn\u00e9\u00a0?                <a class=\"fig-premium-paywall__connect-link\" href=\"https:\/\/connect.lefigaro.fr\/login?client=horizon_web&amp;type=main&amp;redirect_uri=https%3A%2F%2Fwww.lefigaro.fr%2Fsports%2Frugby%2Ftop-14%2Ffinale-top-14-paul-graou-la-doublure-qui-tente-de-sortir-de-l-ombre-d-antoine-dupont-20250626\" data-js-gtm=\"{&quot;customCategorie&quot;: &quot;conversion&quot;, &quot;customAction&quot;: &quot;before_Landing_Connexion_paywall_auto&quot;, &quot;customLabel&quot;: &quot;bGVmaWdhcm8uZnJfXzFmMDUyNzRiLThlZjctNjU0Mi1iN2JiLWNmNWUyYmE5ZWM1ZF9fQXJ0aWNsZQ==_Finale Top 14\u00a0: Paul Graou, la doublure qui tente de sortir de l\u2019ombre d\u2019Antoine Dupont_378&quot;, &quot;customIDSPE&quot;: &quot;bGVmaWdhcm8uZnJfXzFmMDUyNzRiLThlZjctNjU0Mi1iN2JiLWNmNWUyYmE5ZWM1ZF9fQXJ0aWNsZQ==&quot;, &quot;event&quot;: &quot;customEventSPE&quot;}\" target=\"_blank\" rel=\"noopener\"><br \/>\n                    Connectez-vous<br \/>\n                <\/a>\n            <\/p>\n","protected":false},"excerpt":{"rendered":"Rempla\u00e7ant de la star depuis trois saisons, le demi de m\u00eal\u00e9e toulousain d\u00e9butera, samedi, face \u00e0 l\u2019UBB, sa&hellip;\n","protected":false},"author":2,"featured_media":206907,"comment_status":"","ping_status":"","sticky":false,"template":"","format":"standard","meta":{"footnotes":""},"categories":[1416],"tags":[525,4590,1981,2313,814,1011,27,955,4589,2311,1980,479,1468,2259,60,476,478,2310,2312],"class_list":{"0":"post-206906","1":"post","2":"type-post","3":"status-publish","4":"format-standard","5":"has-post-thumbnail","7":"category-rugby","8":"tag-calendrier","9":"tag-championnat-france","10":"tag-classement","11":"tag-clermont","12":"tag-direct","13":"tag-fr","14":"tag-france","15":"tag-match","16":"tag-phase-finale","17":"tag-racing","18":"tag-resultats","19":"tag-rugby","20":"tag-rugby-football","21":"tag-score","22":"tag-sports","23":"tag-stade-toulousain","24":"tag-top-14","25":"tag-toulon","26":"tag-toulouse"},"share_on_mastodon":{"url":"https:\/\/pubeurope.com\/@fr\/114752107907822758","error":""},"_links":{"self":[{"href":"https:\/\/www.europesays.com\/fr\/wp-json\/wp\/v2\/posts\/206906","targetHints":{"allow":["GET"]}}],"collection":[{"href":"https:\/\/www.europesays.com\/fr\/wp-json\/wp\/v2\/posts"}],"about":[{"href":"https:\/\/www.europesays.com\/fr\/wp-json\/wp\/v2\/types\/post"}],"author":[{"embeddable":true,"href":"https:\/\/www.europesays.com\/fr\/wp-json\/wp\/v2\/users\/2"}],"replies":[{"embeddable":true,"href":"https:\/\/www.europesays.com\/fr\/wp-json\/wp\/v2\/comments?post=206906"}],"version-history":[{"count":0,"href":"https:\/\/www.europesays.com\/fr\/wp-json\/wp\/v2\/posts\/206906\/revisions"}],"wp:featuredmedia":[{"embeddable":true,"href":"https:\/\/www.europesays.com\/fr\/wp-json\/wp\/v2\/media\/206907"}],"wp:attachment":[{"href":"https:\/\/www.europesays.com\/fr\/wp-json\/wp\/v2\/media?parent=206906"}],"wp:term":[{"taxonomy":"category","embeddable":true,"href":"https:\/\/www.europesays.com\/fr\/wp-json\/wp\/v2\/categories?post=206906"},{"taxonomy":"post_tag","embeddable":true,"href":"https:\/\/www.europesays.com\/fr\/wp-json\/wp\/v2\/tags?post=206906"}],"curies":[{"name":"wp","href":"https:\/\/api.w.org\/{rel}","templated":true}]}}