{"id":20691,"date":"2025-04-12T22:02:17","date_gmt":"2025-04-12T22:02:17","guid":{"rendered":"https:\/\/www.europesays.com\/fr\/20691\/"},"modified":"2025-04-12T22:02:17","modified_gmt":"2025-04-12T22:02:17","slug":"previsions-du-samedi-12-avril-2025-2","status":"publish","type":"post","link":"https:\/\/www.europesays.com\/fr\/20691\/","title":{"rendered":"pr\u00e9visions du samedi 12 avril 2025"},"content":{"rendered":"<p>Strasbourg va \u00eatre baign\u00e9e de soleil durant cette journ\u00e9e. Il fera environ 14\u00b0C. Le matin, le thermom\u00e8tre affichera 14\u00b0C en moyenne. Un modeste vent de nord-est sera ressenti par les habitants. L&rsquo;apr\u00e8s-midi, c&rsquo;est une hausse de plusieurs degr\u00e9s que vont enregistrer les temp\u00e9ratures. Les valeurs seront comprises entre 18 et 21\u00b0C. Le soir, le vent va progressivement \u00e9loigner la grisaille. Il va faire 16\u00b0C en moyenne. On pr\u00e9voit une nuit claire entre samedi et dimanche.<\/p>\n<p>La grisaille ne se disperse toujours pas, il va y avoir encore des nuages demain. Intemp\u00e9ries \u00e0 Strasbourg : on pr\u00e9voit des pluies \u00e9parses. On pr\u00e9voit des temp\u00e9ratures avoisinant 14\u00b0C. Un vent de sud-ouest rafra\u00eechira l\u00e9g\u00e8rement l&rsquo;atmosph\u00e8re. Le soleil peinera \u00e0 percer au milieu des nuages qui perdureront dans la matin\u00e9e. Demain apr\u00e8s-midi, encore des nuages dans le ciel qui emp\u00eachent le soleil de faire son apparition. Les valeurs s&rsquo;\u00e9chelonneront de 13 \u00e0 16\u00b0C. Des \u00e9claircies feront leur apparition dans la soir\u00e9e.<\/p>\n<p>Une am\u00e9lioration est pr\u00e9vue les jours qui suivent. Il fera 14\u00b0C en moyenne pour des journ\u00e9es avec un temps ensoleill\u00e9.<\/p>\n<p>Aujourd&rsquo;hui c&rsquo;est la journ\u00e9e de la chasse aux \u0153ufs. Excellent week-end rallong\u00e9 !<\/p>\n","protected":false},"excerpt":{"rendered":"Strasbourg va \u00eatre baign\u00e9e de soleil durant cette journ\u00e9e. Il fera environ 14\u00b0C. Le matin, le thermom\u00e8tre affichera&hellip;\n","protected":false},"author":2,"featured_media":20692,"comment_status":"","ping_status":"","sticky":false,"template":"","format":"standard","meta":{"footnotes":""},"categories":[2820],"tags":[1111,11,2389,2649,1777,674,1011,27,775,12,2119,25,640],"class_list":{"0":"post-20691","1":"post","2":"type-post","3":"status-publish","4":"format-standard","5":"has-post-thumbnail","7":"category-strasbourg","8":"tag-actu","9":"tag-actualites","10":"tag-alsace","11":"tag-bas-rhin","12":"tag-eu","13":"tag-europe","14":"tag-fr","15":"tag-france","16":"tag-grand-est","17":"tag-news","18":"tag-previsions-meteo","19":"tag-republique-francaise","20":"tag-strasbourg"},"share_on_mastodon":{"url":"https:\/\/pubeurope.com\/@fr\/114327253537311474","error":""},"_links":{"self":[{"href":"https:\/\/www.europesays.com\/fr\/wp-json\/wp\/v2\/posts\/20691","targetHints":{"allow":["GET"]}}],"collection":[{"href":"https:\/\/www.europesays.com\/fr\/wp-json\/wp\/v2\/posts"}],"about":[{"href":"https:\/\/www.europesays.com\/fr\/wp-json\/wp\/v2\/types\/post"}],"author":[{"embeddable":true,"href":"https:\/\/www.europesays.com\/fr\/wp-json\/wp\/v2\/users\/2"}],"replies":[{"embeddable":true,"href":"https:\/\/www.europesays.com\/fr\/wp-json\/wp\/v2\/comments?post=20691"}],"version-history":[{"count":0,"href":"https:\/\/www.europesays.com\/fr\/wp-json\/wp\/v2\/posts\/20691\/revisions"}],"wp:featuredmedia":[{"embeddable":true,"href":"https:\/\/www.europesays.com\/fr\/wp-json\/wp\/v2\/media\/20692"}],"wp:attachment":[{"href":"https:\/\/www.europesays.com\/fr\/wp-json\/wp\/v2\/media?parent=20691"}],"wp:term":[{"taxonomy":"category","embeddable":true,"href":"https:\/\/www.europesays.com\/fr\/wp-json\/wp\/v2\/categories?post=20691"},{"taxonomy":"post_tag","embeddable":true,"href":"https:\/\/www.europesays.com\/fr\/wp-json\/wp\/v2\/tags?post=20691"}],"curies":[{"name":"wp","href":"https:\/\/api.w.org\/{rel}","templated":true}]}}