{"id":206910,"date":"2025-06-26T22:51:11","date_gmt":"2025-06-26T22:51:11","guid":{"rendered":"https:\/\/www.europesays.com\/fr\/206910\/"},"modified":"2025-06-26T22:51:11","modified_gmt":"2025-06-26T22:51:11","slug":"zarco-juge-possible-detre-proche-du-top-5-a-assen","status":"publish","type":"post","link":"https:\/\/www.europesays.com\/fr\/206910\/","title":{"rendered":"Zarco juge \u00ab\u00a0possible\u00a0\u00bb d&rsquo;\u00eatre proche du top 5 \u00e0 Assen"},"content":{"rendered":"<p>Apr\u00e8s sa victoire au Mans et sa deuxi\u00e8me place \u00e0 Silverstone, <a href=\"https:\/\/fr.motorsport.com\/driver\/johann-zarco\/96107\/\" target=\"_blank\" rel=\"noopener\">Johann Zarco<\/a> est rentr\u00e9 dans le rang lors des deux courses suivantes. Le GP d&rsquo;Arag\u00f3n s&rsquo;est conclu sans aucun point, avec un sprint difficile suivi d&rsquo;une chute le lendemain, et il est encore tomb\u00e9 deux fois lors des courses du Mugello, alors que ses performances \u00e9taient de nouveau en retrait. C&rsquo;est pourtant avec un certain optimisme qu&rsquo;il est arriv\u00e9 \u00e0 Assen.<\/p>\n<p>Entre une Honda avec laquelle il est de plus en plus \u00e0 l&rsquo;aise et un trac\u00e9 qui pourrait permettra \u00e0 cette machine de briller, Zarco affiche son ambition. \u00ab\u00a0J&rsquo;aime l&rsquo;avant de la moto\u00a0\u00bb, a soulign\u00e9 le pilote LCR. \u00ab\u00a0Je l&rsquo;utilise plus et mieux que l&rsquo;an dernier. C&rsquo;est pour \u00e7a que je pense pouvoir hausser mon niveau ici \u00e0 Assen. [&#8230;] Je pense que ce sera tr\u00e8s bien si on est proches du top 5, mais je crois que c&rsquo;est possible.\u00a0\u00bb<\/p>\n<p>Zarco aimerait \u00ab\u00a0profiter de cette piste\u00a0\u00bb historique qu&rsquo;il appr\u00e9ciait peu par le pass\u00e9, en s&rsquo;appuyant sur des progr\u00e8s dans son pilotage et dans les r\u00e9glages de la Honda\u00a0: \u00ab\u00a0C&rsquo;est un trac\u00e9 particulier que je n&rsquo;aimais pas assez avant. Maintenant, je veux appr\u00e9cier chaque piste et c&rsquo;est une piste historique sur laquelle j&rsquo;aimerais \u00eatre performant, pour faire partie de ces grands noms \u00e0 Assen.\u00a0\u00bb<\/p>\n<p>\u00ab\u00a0Maintenant, je vois que dans la fa\u00e7on dont j&rsquo;aime r\u00e9gler la moto, je n&rsquo;\u00e9tais pas capable de piloter une moto comme \u00e7a il y a deux ans, m\u00eame l&rsquo;an dernier\u00a0\u00bb, a-t-il pr\u00e9cis\u00e9. \u00ab\u00a0Cela signifie que je change des choses dans mon pilotage pour am\u00e9liorer mon niveau. Je pense que cela peut mieux fonctionner sur des circuits o\u00f9 j&rsquo;avais du mal.\u00a0\u00bb<\/p>\n<p>   <img decoding=\"async\" draggable=\"false\" src=\"https:\/\/www.europesays.com\/fr\/wp-content\/uploads\/2025\/06\/1750978271_182_johann-zarco-team-lcr-honda.jpg\" alt=\"Johann Zarco, Team LCR Honda\" width=\"1200\" height=\"800\" loading=\"lazy\"\/> <\/p>\n<p class=\"title\">Johann Zarco<\/p>\n<p class=\"photographer\">Photo de: Gold and Goose Photography \/ LAT Images \/ via Getty Images<\/p>\n<p>Cet optimisme est \u00e9galement le fruit d&rsquo;une r\u00e9union positive au sein de l&rsquo;\u00e9quipe LCR en arrivant sur le circuit, qui a permis de tirer des conclusions encourageantes des difficult\u00e9s rencontr\u00e9es au Mugello. Plus que ses chutes ou ses performances en retrait, Zarco pr\u00e9f\u00e8re maintenant retenir les enseignements du week-end, ainsi que les progr\u00e8s effectu\u00e9s.<\/p>\n<p>\u00ab\u00a0On a eu une bonne discussion avec l&rsquo;\u00e9quipe aujourd&rsquo;hui, parce que l&rsquo;analyse du Mugello a \u00e9t\u00e9 assez positive. Du vendredi au dimanche, on a eu une bonne \u00e9volution, un meilleur contr\u00f4le de la moto et m\u00eame si c&rsquo;est la piste o\u00f9 l&rsquo;on a eu le plus de mal, l&rsquo;\u00e9volution que l&rsquo;on a eue pendant le week-end a \u00e9t\u00e9 positive. C&rsquo;est dommage d&rsquo;\u00eatre tomb\u00e9 mais \u00e7a fait partie de notre job.\u00a0\u00bb<\/p>\n<p>\u00ab\u00a0Ici, on continue \u00e0 pousser dans le cadre de cette \u00e9volution, au niveau des r\u00e9glages, au niveau de ma fa\u00e7on de piloter la moto, et on esp\u00e8re que \u00e7a fonctionnera plut\u00f4t bien. On comprend toujours mieux les choses au niveau de l&rsquo;\u00e9lectronique, le frein moteur, l&rsquo;antipatinage&#8230; On joue avec diff\u00e9rentes choses, tr\u00e8s techniques pour le responsable des donn\u00e9es, mais je pense qu&rsquo;on est plus pr\u00eats que sur d&rsquo;autres pistes. C&rsquo;est pour \u00e7a que la discussion d&rsquo;aujourd&rsquo;hui a \u00e9t\u00e9 sympa.\u00a0\u00bb<\/p>\n<blockquote>\n<p>Le Mugello a \u00e9t\u00e9 dur mais si on compare \u00e0 l&rsquo;an dernier, on a presque r\u00e9duit l&rsquo;\u00e9cart de moiti\u00e9.<\/p>\n<\/blockquote>\n<p>Zarco se permet donc d&rsquo;afficher une certaine s\u00e9r\u00e9nit\u00e9 pour le GP des Pays-Bas\u00a0: \u00ab\u00a0J&rsquo;esp\u00e8re que j&rsquo;aurai un bon week-end. Techniquement, il semble que \u00e7a peut \u00eatre mieux pour nous s&rsquo;il fait moins chaud. Le fait d&rsquo;avoir une piste plate peut aussi \u00eatre bon parce qu&rsquo;on a r\u00e9alis\u00e9 qu&rsquo;en Arag\u00f3n et au Mugello, les mont\u00e9es et les descentes dans certaines zones nous posaient plus de probl\u00e8mes qu&rsquo;aux autres. \u00c7a aide peut-\u00eatre aussi \u00e0 comprendre l&rsquo;\u00e9quilibre de la moto, o\u00f9 nous sommes bons et o\u00f9 nous ne le sommes pas. Je pense que c&rsquo;\u00e9tait une analyse positive. Maintenant, on esp\u00e8re que cela sera payant en piste.\u00a0\u00bb<\/p>\n<p>Comment expliquer ces difficult\u00e9s de la Honda sur les pistes vallon\u00e9es ? \u00ab\u00a0Cela peut \u00eatre li\u00e9 \u00e0 l&rsquo;\u00e9lectronique mais l&rsquo;image semble \u00eatre plus claire\u00a0\u00bb, a simplement pr\u00e9cis\u00e9 Zarco, satisfait de voir une \u00e9volution dans ce domaine\u00a0: \u00ab\u00a0C&rsquo;est positif pour nous parce qu&rsquo;on est encore dans un travail de d\u00e9veloppement. Je le redis, le Mugello a \u00e9t\u00e9 dur mais si on compare \u00e0 l&rsquo;an dernier, on a presque r\u00e9duit l&rsquo;\u00e9cart de moiti\u00e9. On ne peut pas voir \u00e7a n\u00e9gativement.\u00a0\u00bb<\/p>\n<p>Lire aussi :<\/p>\n<p>Dans cet article<\/p>\n<p>    Vincent Lalanne-Sicaud\n<\/p>\n<p>    MotoGP\n<\/p>\n<p>    Johann Zarco\n<\/p>\n<p>    Team LCR\n<\/p>\n<p>Soyez le premier inform\u00e9 et souscrivez aux alertes mails pour recevoir les infos en temps r\u00e9el<\/p>\n<p>    S&rsquo;abonner aux alertes de news<\/p>\n","protected":false},"excerpt":{"rendered":"Apr\u00e8s sa victoire au Mans et sa deuxi\u00e8me place \u00e0 Silverstone, Johann Zarco est rentr\u00e9 dans le rang&hellip;\n","protected":false},"author":2,"featured_media":206911,"comment_status":"","ping_status":"","sticky":false,"template":"","format":"standard","meta":{"footnotes":""},"categories":[1413],"tags":[33819,1011,27,33818,1741,1457,1456,1458,60,3771],"class_list":{"0":"post-206910","1":"post","2":"type-post","3":"status-publish","4":"format-standard","5":"has-post-thumbnail","7":"category-moto","8":"tag-assen","9":"tag-fr","10":"tag-france","11":"tag-gp-des-pays-bas","12":"tag-johann-zarco","13":"tag-moto","14":"tag-motocycle","15":"tag-motogp","16":"tag-sports","17":"tag-team-lcr"},"share_on_mastodon":{"url":"https:\/\/pubeurope.com\/@fr\/114752119403923784","error":""},"_links":{"self":[{"href":"https:\/\/www.europesays.com\/fr\/wp-json\/wp\/v2\/posts\/206910","targetHints":{"allow":["GET"]}}],"collection":[{"href":"https:\/\/www.europesays.com\/fr\/wp-json\/wp\/v2\/posts"}],"about":[{"href":"https:\/\/www.europesays.com\/fr\/wp-json\/wp\/v2\/types\/post"}],"author":[{"embeddable":true,"href":"https:\/\/www.europesays.com\/fr\/wp-json\/wp\/v2\/users\/2"}],"replies":[{"embeddable":true,"href":"https:\/\/www.europesays.com\/fr\/wp-json\/wp\/v2\/comments?post=206910"}],"version-history":[{"count":0,"href":"https:\/\/www.europesays.com\/fr\/wp-json\/wp\/v2\/posts\/206910\/revisions"}],"wp:featuredmedia":[{"embeddable":true,"href":"https:\/\/www.europesays.com\/fr\/wp-json\/wp\/v2\/media\/206911"}],"wp:attachment":[{"href":"https:\/\/www.europesays.com\/fr\/wp-json\/wp\/v2\/media?parent=206910"}],"wp:term":[{"taxonomy":"category","embeddable":true,"href":"https:\/\/www.europesays.com\/fr\/wp-json\/wp\/v2\/categories?post=206910"},{"taxonomy":"post_tag","embeddable":true,"href":"https:\/\/www.europesays.com\/fr\/wp-json\/wp\/v2\/tags?post=206910"}],"curies":[{"name":"wp","href":"https:\/\/api.w.org\/{rel}","templated":true}]}}