{"id":206916,"date":"2025-06-26T22:55:10","date_gmt":"2025-06-26T22:55:10","guid":{"rendered":"https:\/\/www.europesays.com\/fr\/206916\/"},"modified":"2025-06-26T22:55:10","modified_gmt":"2025-06-26T22:55:10","slug":"comment-jai-essaye-dinfiltrer-le-mariage-de-jeff-bezos-jour-1","status":"publish","type":"post","link":"https:\/\/www.europesays.com\/fr\/206916\/","title":{"rendered":"Comment j\u2019ai essay\u00e9 d\u2019infiltrer le mariage de Jeff Bezos, jour 1"},"content":{"rendered":"<p>Entre paparazzis aux aguets, manifestants en col\u00e8re et stars dispers\u00e9es, Madame Figaro s\u2019est immerg\u00e9 dans la S\u00e9r\u00e9nissime transform\u00e9e par endroits en forteresse pour le remariage du fondateur d\u2019Amazon. R\u00e9cit d\u2019une premi\u00e8re journ\u00e9e de traque o\u00f9 les colis Amazon c\u00f4toient les yachts de luxe.<\/p>\n<p class=\"fig-paragraph\">6h45, terminal 2F de l\u2019a\u00e9roport Paris-Charles de Gaulle. L\u2019orage gronde, mais mon vol pour Venise d\u00e9colle \u00e0 l\u2019heure. Direction la Cit\u00e9 des Doges o\u00f9 le Gotha plan\u00e9taire converge pour LE mariage de l\u2019ann\u00e9e. Trois jours de festivit\u00e9s orchestr\u00e9es par le quatri\u00e8me homme le plus riche du monde\u00a0:\u00a0<a href=\"https:\/\/madame.lefigaro.fr\/tag\/jeff-bezos\" target=\"_blank\" rel=\"noopener\" data-gtm-custom-categorie=\"navigation\" data-gtm-custom-action=\"crossclick\" data-gtm-custom-label=\"Contextuel\" data-gtm-event=\"customEventSPE\">Jeff Bezos<\/a>\u00a0s\u2019appr\u00eate \u00e0 \u00e9pouser\u00a0<a href=\"https:\/\/madame.lefigaro.fr\/societe\/des-plateaux-tele-aux-cockpits-dhelicopteres-portrait-de-lauren-sanchez-080620-181267\" target=\"_blank\" data-fig-type=\"Article\" rel=\"noopener\" data-gtm-custom-categorie=\"navigation\" data-gtm-custom-action=\"crossclick\" data-gtm-custom-label=\"Contextuel\" data-gtm-event=\"customEventSPE\" data-fig-domain=\"MADAME\">Lauren S\u00e1nchez<\/a>, ex-pr\u00e9sentatrice t\u00e9l\u00e9 devenue pilote d\u2019h\u00e9licopt\u00e8re.<\/p>\n<p>\u00abJeff est l\u00e0-bas, nous on est l\u00e0 dans le bateau\u00bb<\/p>\n<p class=\"fig-paragraph\">8h30\u00a0: arriv\u00e9e sur le tarmac v\u00e9nitien et familiarisation avec les tarifs locaux\u00a0: \u00abTransfert de l\u2019a\u00e9roport au Palazzo Cristo\u00a0: 180\u20ac. Compter 250\u20ac en bateau de luxe en bois.\u00bb Le \u00abwater bus\u00bb, 32 euros aller-retour, fera tr\u00e8s bien l\u2019affaire. Je tente ma chance aupr\u00e8s du capitaine, Ray-Ban viss\u00e9es sur le nez\u00a0: \u00abAvez-vous vu des invit\u00e9s du mariage\u00a0?\u00bb. R\u00e9ponse d\u00e9sint\u00e9ress\u00e9e\u00a0: \u00abJeff est l\u00e0-bas, nous, on est l\u00e0 dans le bateau.\u00bb Ricanements du personnel. J\u2019insiste. \u00abNous ne savons rien, c\u2019est tout ce que je peux dire.\u00bb<\/p>\n<p class=\"fig-body-link&#10;    \">\n            \u00c0 lire aussi<br \/>\n        <a class=\"fig-body-link__link\" href=\"http:\/\/madame.lefigaro.fr\/societe\/actu\/jeff-bezos-et-lauren-sanchez-a-quoi-va-ressembler-le-mariage-le-plus-attendu-de-2025-20250625\" data-fig-type=\"Article\" data-gtm-custom-categorie=\"navigation\" data-gtm-custom-action=\"crossclick\" data-gtm-custom-label=\"Contextuel\" data-gtm-event=\"customEventSPE\" data-fig-domain=\"MADAME\" target=\"_blank\" rel=\"noopener\">Jeff Bezos et Lauren S\u00e1nchez\u00a0: \u00e0 quoi va ressembler le mariage le plus attendu de 2025\u00a0?<\/a>\n<\/p>\n<p>Leonardo DiCaprio et la brouette v\u00e9nitienne<\/p>\n<p class=\"fig-paragraph\">Une heure de navigation plus tard, toujours aucun signe du mariage du si\u00e8cle. Pas de s\u00e9curit\u00e9 renforc\u00e9e aux abords de l\u2019Arsenal. Juste deux yachts endormis. Un touriste australien, qui visite pour la premi\u00e8re fois Venise avec sa famille, manque de s\u2019\u00e9trangler quand je lui dis que Leonardo DiCaprio fait partie des invit\u00e9s. Il se tourne vers sa fille, f\u00e9brile\u00a0: \u00abC\u2019est son acteur pr\u00e9f\u00e9r\u00e9\u00a0!\u00bb Sa femme encha\u00eene, plus inqui\u00e8te\u00a0: \u00abEsp\u00e9rons qu\u2019on pourra quand m\u00eame visiter la ville&#8230;\u00bb<\/p>\n<p class=\"fig-paragraph\">Face \u00e0 l\u2019Aman Venice, palace du XVIe si\u00e8cle o\u00f9 logent les futurs mari\u00e9s, la fameuse jet\u00e9e du mariage se dresse, camoufl\u00e9e sous une tente \u00e0 rayures blanches et beiges. Sur le ponton d\u2019en face, une poign\u00e9e de photographes fait le pied de grue. \u00abPermesso\u00a0!\u00bb Un sexag\u00e9naire fend le groupe, poussant sa brouette charg\u00e9e de gravats et d\u2019outils. Les travaux de la ville n\u2019attendent pas, m\u00eame pour Jeff Bezos.<\/p>\n<p class=\"fig-body-link&#10;    \">\n            \u00c0 lire aussi<br \/>\n        <a class=\"fig-body-link__link\" href=\"http:\/\/madame.lefigaro.fr\/evasion\/l-hotel-aman-ce-somptueux-palais-venitien-ou-jeff-bezos-et-lauren-sanchez-trouveront-refuge-pendant-leur-mariage-20250626\" target=\"_blank\" data-fig-type=\"Article\" rel=\"noopener\" data-gtm-custom-categorie=\"navigation\" data-gtm-custom-action=\"crossclick\" data-gtm-custom-label=\"Contextuel\" data-gtm-event=\"customEventSPE\" data-fig-domain=\"MADAME\">L\u2019h\u00f4tel Aman, ce somptueux palais v\u00e9nitien o\u00f9 Jeff Bezos et Lauren S\u00e1nchez trouveront refuge pendant leur mariage<\/a>\n<\/p>\n<p>Ivanka Trump, plongeurs et Bloody Mary \u00e0 30 euros<\/p>\n<p class=\"fig-paragraph\">Crois\u00e9 pas loin, un paparazzi italien de l\u2019agence photos Backgrid &#8211; celle qui alimente, entre autres, le Daily Mail &#8211; d\u00e9balle son tableau de chasse\u00a0: \u00abIvanka Trump, Oprah (Winfrey, NDLR), Orlando Bloom, le clan Kardashian au complet, Diane von Furstenberg&#8230;\u00bb Depuis cinq jours, avec ses confr\u00e8res, ils mitraillent. \u00abHier soir, on a immortalis\u00e9 les futurs mari\u00e9s lorsqu\u2019ils sont sortis pour d\u00eener.\u00bb Belle premi\u00e8re prise.<\/p>\n<p>    Jeff Bezos et Lauren Sanchez apparaissent face aux photographes et paparazzis \u00e0 la sortie de l\u2019Aman Hotel. (Venise, le 25 juin 2025.)<br \/>\n                Getty Images<\/p>\n<p class=\"fig-paragraph\">15h30. Mission\u00a0: traquer Ivanka Trump, r\u00e9fugi\u00e9e au palace St. Regis\u00a0<a href=\"http:\/\/madame.lefigaro.fr\/celebrites\/actu-people\/ivanka-trump-son-mari-jared-kushner-et-leurs-enfants-debarquent-a-venise-pour-assister-au-mariage-de-jeff-bezos-20250625\" data-fig-type=\"Article\" data-gtm-custom-categorie=\"navigation\" data-gtm-custom-action=\"crossclick\" data-gtm-custom-label=\"Contextuel\" data-gtm-event=\"customEventSPE\" data-fig-domain=\"MADAME\" target=\"_blank\" rel=\"noopener\">avec son mari et ses trois enfants<\/a>. La s\u00e9curit\u00e9 de la fille du pr\u00e9sident est maximale\u00a0: agents dans les ruelles alentour, plongeurs d\u00e9p\u00each\u00e9s avant son arriv\u00e9e mercredi. Je franchis le cordon sans encombre et m\u2019installe en terrasse. \u00abUn Santa Lucia, s\u2019il vous pla\u00eet.\u00bb Le cocktail signature de l\u2019\u00e9tablissement, en partie privatis\u00e9 pour les proches de Jeff Bezos et Lauren S\u00e1nchez, arrive dans une coupe en verre de Murano\u00a0: vodka infus\u00e9e au wasabi, jus de tomates clarifi\u00e9es, verjus du P\u00e9rigord, poivre de Cayenne et gla\u00e7on XXL. L\u2019addition &#8211; comme les chips au vinaigre &#8211; est sal\u00e9e\u00a0: 30 euros. Le prix pour se faire une place parmi les proches de Bezos.<\/p>\n<p class=\"fig-body-link&#10;    \">\n            \u00c0 lire aussi<br \/>\n        <a class=\"fig-body-link__link\" href=\"http:\/\/madame.lefigaro.fr\/celebrites\/actu-people\/ivanka-trump-son-mari-jared-kushner-et-leurs-enfants-debarquent-a-venise-pour-assister-au-mariage-de-jeff-bezos-20250625\" data-fig-type=\"Article\" data-gtm-custom-categorie=\"navigation\" data-gtm-custom-action=\"crossclick\" data-gtm-custom-label=\"Contextuel\" data-gtm-event=\"customEventSPE\" data-fig-domain=\"MADAME\" target=\"_blank\" rel=\"noopener\">Ivanka Trump, son mari Jared Kushner et leurs enfants d\u00e9barquent \u00e0 Venise pour assister au mariage de Jeff Bezos<\/a>\n<\/p>\n<p>    Ivanka Trump arrive au St Regis Hotel. (Venise, le 24 juin 2025.)<br \/>\n                MARCO BERTORELLO \/ AFP<\/p>\n<p class=\"fig-paragraph\">Les agents du Secret Service sont partout, reconnaissables malgr\u00e9 leurs efforts\u00a0: polo jaune p\u00e2le par-ci, chemise bleue par-l\u00e0, mais toujours cette oreillette qui trahit. Je questionne le serveur sur la pr\u00e9sence d\u2019Ivanka Trump\u00a0: il fait mine de ne pas comprendre. Omerta v\u00e9nitienne&#8230;<\/p>\n<p>\u00abOn tape sur les riches par principe\u00bb<\/p>\n<p class=\"fig-paragraph\">La s\u00e9curit\u00e9 est \u00e0 son paroxysme et pour cause, ce matin, place Saint-Marc, la grogne a explos\u00e9. Plusieurs collectifs dont Extinction Rebellion et \u00abNo Space for Bezos\u00bb ont de nouveau d\u00e9nonc\u00e9 l\u2019union du milliardaire, symbole selon eux d\u2019une \u00abrichesse construite sur l\u2019exploitation\u00bb. Un Fran\u00e7ais pr\u00e9sent \u00e0 la manifestation relativise\u00a0: \u00abIl n\u2019y avait pas beaucoup de monde, c\u2019est rest\u00e9 bon enfant. Au bout de dix minutes, les protestataires ont \u00e9t\u00e9 pri\u00e9s d\u2019\u00e9vacuer. Alors, ils se sont assis par terre avant de vraiment se faire d\u00e9gager par la police locale.\u00bb<\/p>\n<p class=\"fig-body-link&#10;    \">\n            \u00c0 lire aussi<br \/>\n        <a class=\"fig-body-link__link\" href=\"http:\/\/madame.lefigaro.fr\/societe\/actu\/pourquoi-le-mariage-de-jeff-bezos-et-lauren-sanchez-enerve-autant-les-venitiens-20250621\" data-fig-type=\"Article\" data-gtm-custom-categorie=\"navigation\" data-gtm-custom-action=\"crossclick\" data-gtm-custom-label=\"Contextuel\" data-gtm-event=\"customEventSPE\" data-fig-domain=\"MADAME\" target=\"_blank\" rel=\"noopener\">Pourquoi le mariage de Jeff Bezos et Lauren S\u00e1nchez \u00e9nerve autant les V\u00e9nitiens\u00a0?<\/a>\n<\/p>\n<p>    Un militant du collectif Extinction Rebellion m\u00e8ne une action sur la place Saint-Marc de Venise contre le mariage de Jeff Bezos. (Venise, le 26 juin 2025.)<br \/>\n                Poitout Florian\/ABACA<\/p>\n<p class=\"fig-body-link&#10;    \">\n            \u00c0 lire aussi<br \/>\n        <a class=\"fig-body-link__link\" href=\"http:\/\/madame.lefigaro.fr\/societe\/actu\/pourquoi-le-mariage-de-jeff-bezos-et-lauren-sanchez-enerve-autant-les-venitiens-20250621\" target=\"_blank\" data-fig-type=\"Article\" rel=\"noopener\" data-gtm-custom-categorie=\"navigation\" data-gtm-custom-action=\"crossclick\" data-gtm-custom-label=\"Contextuel\" data-gtm-event=\"customEventSPE\" data-fig-domain=\"MADAME\">Pourquoi le mariage de Jeff Bezos et Lauren S\u00e1nchez \u00e9nerve autant les V\u00e9nitiens\u00a0?<\/a>\n<\/p>\n<p class=\"fig-paragraph\">Crois\u00e9 entre deux calles, un riverain blas\u00e9 glisse\u00a0: \u00abOn tape sur les riches par principe. Plein de V\u00e9nitiens se contrefichent de ce mariage\u00bb. Antoine, touriste belge, nuance\u00a0: \u00abC\u2019est fun de voir Bezos, mais faire venir tous ces jets priv\u00e9s quand on conna\u00eet la situation de la lagune&#8230;\u00bb<\/p>\n<p>Les colis Amazon sous 30 degr\u00e9s<\/p>\n<p class=\"fig-paragraph\">16h. Retour vers l\u2019Aman, avec l\u2019espoir d\u2019apercevoir les stars du week-end. Sur le chemin, l\u2019ironie frappe\u00a0: des livreurs italiens, visages ruisselants, d\u00e9chargent des colis Amazon depuis leurs bateaux, \u00e0 deux pas du palazzo o\u00f9 se pr\u00e9pare le mariage \u00e0 plusieurs millions du fondateur de la multinationale de vente en ligne. Sur le ponton, Elisa, 24 ans, venue de Li\u00e8ge avec son petit ami, avoue un peu g\u00ean\u00e9e\u00a0: \u00abOn voulait aller au Guggenheim, on s\u2019est perdus et on s\u2019est dit\u00a0: \u00ab\u00a0Tiens, et si on allait voir le fameux h\u00f4tel de Bezos\u00a0?\u00a0\u00bb Et on attend depuis une heure sous ce cagnard&#8230;\u00bb<\/p>\n<p>L\u2019art de se faire attendre quand on p\u00e8se 200 milliards<\/p>\n<p class=\"fig-paragraph\">La patience des paparazzis s\u2019effrite sous les 30 degr\u00e9s. Leur programme depuis ce matin\u00a0? Bouteilles d\u2019eau, sandwichs \u00e0 la mortadelle, cigarettes et toujours ce m\u00eame sosie de Bezos, infatigable, en face. 18h, un bateau s\u2019approche ; de jeunes femmes sortent d\u2019une glaci\u00e8re des canettes d\u2019eau min\u00e9rale et des Magnum. \u00abC\u2019est peut-\u00eatre un coup de Bezos pour soigner sa com\u2019\u00bb, ironise un photographe.<\/p>\n<p class=\"fig-paragraph\">19h30. Les cloches de Venise retentissent. Comme sur un signal, Jeff Bezos et Lauren S\u00e1nchez \u00e9mergent (enfin) de l\u2019Aman. Le milliardaire a le sens du timing. Ce soir, direction l\u2019\u00e9glise Madonna dell\u2019Orto o\u00f9 doit se d\u00e9rouler la premi\u00e8re soir\u00e9e. De ce que l\u2019on sait, le quartier est boucl\u00e9 de 16h30 \u00e0 minuit. \u00abLa police est sur les nerfs\u00bb, me confie Pierre, photographe ind\u00e9pendant fran\u00e7ais. \u00abIl faut dire que depuis cinq jours, il y a une action chaque jour contre ce mariage.\u00bb<\/p>\n<p>    Jeff Bezos et Lauren S\u00e1nchez quittent l\u2019Aman. (Venise, le 26 juin 2025.)<br \/>\n                Poitout Florian\/ABACA<\/p>\n<p class=\"fig-paragraph\">La nuit tombe sur la lagune. Dans les jardins de l\u2019\u00e9difice religieux situ\u00e9 \u00e0 Venise, dans le quartier de Cannaregio, le gratin hollywoodien s\u2019appr\u00eate \u00e0 lever son verre en l\u2019honneur des futurs mari\u00e9s. Les paparazzis pr\u00e9voient de rester aux aguets jusqu\u2019\u00e0 l\u2019aube, esp\u00e9rant le clich\u00e9 qui fera la une. Demain, nouvelle journ\u00e9e de traque dans cette Venise transform\u00e9e en d\u00e9cor de cin\u00e9ma grandeur nature. Les cloches sonneront encore, les vaporettos continueront leur ballet, et je serai toujours l\u00e0, \u00e0 guetter l\u2019apparition du milliardaire et de sa promise.<\/p>\n","protected":false},"excerpt":{"rendered":"Entre paparazzis aux aguets, manifestants en col\u00e8re et stars dispers\u00e9es, Madame Figaro s\u2019est immerg\u00e9 dans la S\u00e9r\u00e9nissime transform\u00e9e&hellip;\n","protected":false},"author":2,"featured_media":206917,"comment_status":"","ping_status":"","sticky":false,"template":"","format":"standard","meta":{"footnotes":""},"categories":[1359],"tags":[1291,47,11,58,6525,1067,59,1295,1294,6523,6527,6526,638,1011,27,6529,697,1930,12,973,6524,4853,104,6528],"class_list":{"0":"post-206916","1":"post","2":"type-post","3":"status-publish","4":"format-standard","5":"has-post-thumbnail","7":"category-people","8":"tag-actu-societe","9":"tag-actualite","10":"tag-actualites","11":"tag-divertissement","12":"tag-droit-des-femmes","13":"tag-enquete","14":"tag-entertainment","15":"tag-feminin","16":"tag-femme","17":"tag-femme-dans-la-societe","18":"tag-femme-de-politique","19":"tag-femme-politique","20":"tag-figaro","21":"tag-fr","22":"tag-france","23":"tag-info-societe","24":"tag-jeff-bezos","25":"tag-mariage","26":"tag-news","27":"tag-people","28":"tag-place-des-femmes-dans-la-societe","29":"tag-portraits","30":"tag-societe","31":"tag-temoigngage"},"share_on_mastodon":{"url":"https:\/\/pubeurope.com\/@fr\/114752135065512516","error":""},"_links":{"self":[{"href":"https:\/\/www.europesays.com\/fr\/wp-json\/wp\/v2\/posts\/206916","targetHints":{"allow":["GET"]}}],"collection":[{"href":"https:\/\/www.europesays.com\/fr\/wp-json\/wp\/v2\/posts"}],"about":[{"href":"https:\/\/www.europesays.com\/fr\/wp-json\/wp\/v2\/types\/post"}],"author":[{"embeddable":true,"href":"https:\/\/www.europesays.com\/fr\/wp-json\/wp\/v2\/users\/2"}],"replies":[{"embeddable":true,"href":"https:\/\/www.europesays.com\/fr\/wp-json\/wp\/v2\/comments?post=206916"}],"version-history":[{"count":0,"href":"https:\/\/www.europesays.com\/fr\/wp-json\/wp\/v2\/posts\/206916\/revisions"}],"wp:featuredmedia":[{"embeddable":true,"href":"https:\/\/www.europesays.com\/fr\/wp-json\/wp\/v2\/media\/206917"}],"wp:attachment":[{"href":"https:\/\/www.europesays.com\/fr\/wp-json\/wp\/v2\/media?parent=206916"}],"wp:term":[{"taxonomy":"category","embeddable":true,"href":"https:\/\/www.europesays.com\/fr\/wp-json\/wp\/v2\/categories?post=206916"},{"taxonomy":"post_tag","embeddable":true,"href":"https:\/\/www.europesays.com\/fr\/wp-json\/wp\/v2\/tags?post=206916"}],"curies":[{"name":"wp","href":"https:\/\/api.w.org\/{rel}","templated":true}]}}