{"id":206918,"date":"2025-06-26T22:56:12","date_gmt":"2025-06-26T22:56:12","guid":{"rendered":"https:\/\/www.europesays.com\/fr\/206918\/"},"modified":"2025-06-26T22:56:12","modified_gmt":"2025-06-26T22:56:12","slug":"des-photographes-immortalisent-des-centenaires","status":"publish","type":"post","link":"https:\/\/www.europesays.com\/fr\/206918\/","title":{"rendered":"des photographes immortalisent des centenaires"},"content":{"rendered":"<p>    Publi\u00e9 le 26\/06\/2025 17:06<\/p>\n<p>        Temps de lecture : 1min &#8211; vid\u00e9o : 3min<\/p>\n<p>    <img decoding=\"async\" class=\"francetv-player-wrapper__image\" alt=\"\"  width=\"432\" height=\"243\" src=\"https:\/\/www.europesays.com\/fr\/wp-content\/uploads\/2025\/06\/initiative-des-photographes-immortalisent-des-centenaires-685d613d2ccc5578896666.jpg\" fetchpriority=\"high\"\/><\/p>\n<p>    3min<\/p>\n<p class=\"c-chapo \">\n  Un couple de photographes passionn\u00e9s a d\u00e9cid\u00e9 de rendre hommage \u00e0 des centenaires bretons du Morbihan en les photographiant.\n<\/p>\n<p>\u00c0 Mor\u00e9ac (Morbihan), devant l\u2019objectif de Jean-Fran\u00e7ois Guillon, se trouve Alberttine Guillermo, 101 ans. Le photographe a install\u00e9 son appareil dans la maison qu&rsquo;elle occupe depuis 70 ans. Il n&rsquo;a touch\u00e9 \u00e0 rien pour ne pas modifier son lieu de vie. \u00ab\u00a0J&rsquo;ai vu qu&rsquo;il y avait pas mal de photos au mur. Donc \u00e7a, c&rsquo;est super int\u00e9ressant. Il y a la chemin\u00e9e, le granit qui situe la Bretagne\u00a0\u00bb, a expliqu\u00e9 Jean-Fran\u00e7ois Guillon. Le <a href=\"https:\/\/www.franceinfo.fr\/replay-radio\/france-info-junior\/franceinfo-junior-comment-est-nee-la-photographie_2046503.html\" rel=\"nofollow noopener\" target=\"_blank\">photographe<\/a> et sa femme sillonnent la r\u00e9gion \u00e0 la recherche de centenaires pour une exposition.<\/p>\n<p>\u00c0 chaque rencontre, un \u00e9change sur leur vie. Au mur, un si\u00e8cle de souvenirs, son mariage avec Casimir, et surtout, ses 55 petits-enfants. L&rsquo;id\u00e9e d&rsquo;une s\u00e9ance photo vient de l&rsquo;un d&rsquo;entre eux. \u00ab\u00a0Je m&rsquo;y attendais pas, je ne pensais rien du tout. Je ne savais pas ce qu&rsquo;il voulait me faire\u00a0\u00bb, a partag\u00e9 Alberttine Guillermo. Jean-Fran\u00e7ois Guillon s\u00e9lectionne ensuite les clich\u00e9s dans son studio.<\/p>\n<p><strong>Retrouvez l\u2019int\u00e9gralit\u00e9 de ce reportage dans la vid\u00e9o ci-dessus<\/strong><\/p>\n<p class=\"social-zone__share-text\">\n      Partager\u00a0:<br \/>\n      l\u2019article sur les r\u00e9seaux sociaux\n    <\/p>\n<ul class=\"social-zone__list\">\n<li class=\"social-zone__item\">\n<p>        Partagez sur twitter (nouvel onglet) (Nouvelle fen\u00eatre)<\/p>\n<\/li>\n<li class=\"social-zone__item\">\n<p>        Partagez sur whatsApp (nouvel onglet) (Nouvelle fen\u00eatre)<\/p>\n<\/li>\n<li class=\"social-zone__item\">\n<p>        Partagez sur facebook (nouvel onglet) (Nouvelle fen\u00eatre)<\/p>\n<\/li>\n<li class=\"social-zone__item\">\n<p>        Partagez par email (Nouvelle fen\u00eatre)<\/p>\n<\/li>\n<li class=\"social-zone__item\">\n<p>        Partagez (Nouvelle fen\u00eatre)<\/p>\n<\/li>\n<\/ul>\n<p class=\"related-tags__title\" role=\"heading\" aria-level=\"2\">les mots-cl\u00e9s associ\u00e9s \u00e0 cet article\n    <\/p>\n","protected":false},"excerpt":{"rendered":"Publi\u00e9 le 26\/06\/2025 17:06 Temps de lecture : 1min &#8211; vid\u00e9o : 3min 3min Un couple de photographes&hellip;\n","protected":false},"author":2,"featured_media":206919,"comment_status":"","ping_status":"","sticky":false,"template":"","format":"standard","meta":{"footnotes":""},"categories":[1358],"tags":[1348,1384,1385,1386,58,59,1011,27],"class_list":{"0":"post-206918","1":"post","2":"type-post","3":"status-publish","4":"format-standard","5":"has-post-thumbnail","7":"category-arts-et-design","8":"tag-arts","9":"tag-arts-and-design","10":"tag-arts-et-design","11":"tag-design","12":"tag-divertissement","13":"tag-entertainment","14":"tag-fr","15":"tag-france"},"share_on_mastodon":{"url":"https:\/\/pubeurope.com\/@fr\/114752139271360311","error":""},"_links":{"self":[{"href":"https:\/\/www.europesays.com\/fr\/wp-json\/wp\/v2\/posts\/206918","targetHints":{"allow":["GET"]}}],"collection":[{"href":"https:\/\/www.europesays.com\/fr\/wp-json\/wp\/v2\/posts"}],"about":[{"href":"https:\/\/www.europesays.com\/fr\/wp-json\/wp\/v2\/types\/post"}],"author":[{"embeddable":true,"href":"https:\/\/www.europesays.com\/fr\/wp-json\/wp\/v2\/users\/2"}],"replies":[{"embeddable":true,"href":"https:\/\/www.europesays.com\/fr\/wp-json\/wp\/v2\/comments?post=206918"}],"version-history":[{"count":0,"href":"https:\/\/www.europesays.com\/fr\/wp-json\/wp\/v2\/posts\/206918\/revisions"}],"wp:featuredmedia":[{"embeddable":true,"href":"https:\/\/www.europesays.com\/fr\/wp-json\/wp\/v2\/media\/206919"}],"wp:attachment":[{"href":"https:\/\/www.europesays.com\/fr\/wp-json\/wp\/v2\/media?parent=206918"}],"wp:term":[{"taxonomy":"category","embeddable":true,"href":"https:\/\/www.europesays.com\/fr\/wp-json\/wp\/v2\/categories?post=206918"},{"taxonomy":"post_tag","embeddable":true,"href":"https:\/\/www.europesays.com\/fr\/wp-json\/wp\/v2\/tags?post=206918"}],"curies":[{"name":"wp","href":"https:\/\/api.w.org\/{rel}","templated":true}]}}