{"id":206924,"date":"2025-06-26T22:59:18","date_gmt":"2025-06-26T22:59:18","guid":{"rendered":"https:\/\/www.europesays.com\/fr\/206924\/"},"modified":"2025-06-26T22:59:18","modified_gmt":"2025-06-26T22:59:18","slug":"je-trouve-ca-merveilleux-reagit-le-chanteur-au-micro-de-rtl","status":"publish","type":"post","link":"https:\/\/www.europesays.com\/fr\/206924\/","title":{"rendered":"\u00ab\u00a0Je trouve \u00e7a merveilleux\u00a0\u00bb, r\u00e9agit le chanteur au micro de RTL"},"content":{"rendered":"<p class=\"article-p mdl\">Une popularit\u00e9 intacte. Une nouvelle \u00e9cole va prendre le nom de Pierre Perret, ce jeudi 26 juin, \u00e0 Luxey, dans les Landes. L&rsquo;interpr\u00e8te de Lily est le chanteur vivant qui a le plus d&rsquo;\u00e9coles \u00e0 son nom aujourd&rsquo;hui sur le sol fran\u00e7ais. Il s&rsquo;est confi\u00e9 au micro de RTL.\u00a0<\/p>\n<p class=\"article-p mdl\">\u00ab\u00a0La premi\u00e8re fois, je suis parti les quatre fers en l&rsquo;air. Maintenant, je ne veux pas dire que je suis aguerri \u00e0 ce genre de choses parce que \u00e7a me fait toujours aussi curieux. <strong>C&rsquo;est plus que tout, l&rsquo;\u00e9cole<\/strong>. Moi, \u00eatre dans le c\u0153ur des enfants,<strong> je trouve \u00e7a merveilleux,\u00a0<\/strong>\u00e7a a tellement compt\u00e9 pour moi, l&rsquo;\u00e9cole\u00a0\u00bb, explique\u00a0<a class=\"link\" href=\"https:\/\/www.rtl.fr\/culture\/musique\/paris-saccage-pierre-perret-tacle-la-mairie-de-paris-en-chanson-7900246630\" title=\"&quot;Paris saccag\u00e9&quot; : Pierre Perret tacle la mairie de Paris en chanson\" target=\"_blank\" rel=\"noopener\">Pierre Perret<\/a>.\u00a0<\/p>\n<p class=\"article-p mdl\">Au total, avec cette nouvelle \u00e9cole \u00e0 Luxey, <strong>35 \u00e9tablissements portent d\u00e9sormais le nom du chanteur<\/strong>. \u00ab\u00a0C&rsquo;est<strong> une fa\u00e7on de demeurer aupr\u00e8s des enfants, de tous ceux qui vont enseigner <\/strong>dans le futur parce qu&rsquo;il y a quand m\u00eame des enseignants qui ont le courage de toujours enseigner Lily, Femmes battues, La femme grillag\u00e9e ou Donnez-nous des jardins dans les \u00e9coles\u00a0\u00bb.<\/p>\n<p>    La r\u00e9daction vous recommande<\/p>\n<p class=\"s-newsletter__title\">\n                L\u2019actualit\u00e9 par la r\u00e9daction de RTL dans votre bo\u00eete mail.\n            <\/p>\n<p class=\"s-newsletter__subtitle\">\n                Gr\u00e2ce \u00e0 votre compte RTL abonnez-vous \u00e0 la newsletter RTL info pour suivre toute l&rsquo;actualit\u00e9 au quotidien\n            <\/p>\n<p>\n                                    Lire la suite\n                                <\/p>\n","protected":false},"excerpt":{"rendered":"Une popularit\u00e9 intacte. Une nouvelle \u00e9cole va prendre le nom de Pierre Perret, ce jeudi 26 juin, \u00e0&hellip;\n","protected":false},"author":2,"featured_media":206925,"comment_status":"","ping_status":"","sticky":false,"template":"","format":"standard","meta":{"footnotes":""},"categories":[1355],"tags":[1695,2935,58,1122,1126,59,107,1011,27,1361,873,34584,362],"class_list":{"0":"post-206924","1":"post","2":"type-post","3":"status-publish","4":"format-standard","5":"has-post-thumbnail","7":"category-musique","8":"tag-chanson","9":"tag-chansons","10":"tag-divertissement","11":"tag-ecole","12":"tag-education-nationale","13":"tag-entertainment","14":"tag-fil-info","15":"tag-fr","16":"tag-france","17":"tag-music","18":"tag-musique","19":"tag-pierre-perret","20":"tag-replay"},"share_on_mastodon":{"url":"https:\/\/pubeurope.com\/@fr\/114752150883155484","error":""},"_links":{"self":[{"href":"https:\/\/www.europesays.com\/fr\/wp-json\/wp\/v2\/posts\/206924","targetHints":{"allow":["GET"]}}],"collection":[{"href":"https:\/\/www.europesays.com\/fr\/wp-json\/wp\/v2\/posts"}],"about":[{"href":"https:\/\/www.europesays.com\/fr\/wp-json\/wp\/v2\/types\/post"}],"author":[{"embeddable":true,"href":"https:\/\/www.europesays.com\/fr\/wp-json\/wp\/v2\/users\/2"}],"replies":[{"embeddable":true,"href":"https:\/\/www.europesays.com\/fr\/wp-json\/wp\/v2\/comments?post=206924"}],"version-history":[{"count":0,"href":"https:\/\/www.europesays.com\/fr\/wp-json\/wp\/v2\/posts\/206924\/revisions"}],"wp:featuredmedia":[{"embeddable":true,"href":"https:\/\/www.europesays.com\/fr\/wp-json\/wp\/v2\/media\/206925"}],"wp:attachment":[{"href":"https:\/\/www.europesays.com\/fr\/wp-json\/wp\/v2\/media?parent=206924"}],"wp:term":[{"taxonomy":"category","embeddable":true,"href":"https:\/\/www.europesays.com\/fr\/wp-json\/wp\/v2\/categories?post=206924"},{"taxonomy":"post_tag","embeddable":true,"href":"https:\/\/www.europesays.com\/fr\/wp-json\/wp\/v2\/tags?post=206924"}],"curies":[{"name":"wp","href":"https:\/\/api.w.org\/{rel}","templated":true}]}}