{"id":206928,"date":"2025-06-26T23:01:14","date_gmt":"2025-06-26T23:01:14","guid":{"rendered":"https:\/\/www.europesays.com\/fr\/206928\/"},"modified":"2025-06-26T23:01:14","modified_gmt":"2025-06-26T23:01:14","slug":"drome-un-cas-de-dengue-detecte-a-romans-sur-isere-le-moustique-tigre-dans-le-collimateur","status":"publish","type":"post","link":"https:\/\/www.europesays.com\/fr\/206928\/","title":{"rendered":"Dr\u00f4me. Un cas de dengue d\u00e9tect\u00e9 \u00e0 Romans-sur-Is\u00e8re, le moustique tigre dans le collimateur"},"content":{"rendered":"<p>Ce n\u2019est pas un cas exceptionnel mais toujours une urgence. Une personne revenue des Antilles a \u00e9t\u00e9 d\u00e9tect\u00e9e porteuse du virus de la Dengue \u00e0 Romans-sur-Is\u00e8re. Il ne s\u2019agit pas d\u2019un cas suspect\u00e9 comme autochtone <a href=\"https:\/\/www.ledauphine.com\/sante\/2025\/06\/25\/un-cas-autochtone-de-chikungunya-confirme-dans-la-drome\" target=\"_blank\" rel=\"noopener\">comme \u00e0 Montoison<\/a> mais pour en limiter la propagation, les autorit\u00e9s sanitaires doivent intervenir rapidement. Un traitement contre les moustiques tigres adultes va \u00eatre r\u00e9alis\u00e9 dans la nuit du jeudi\u00a026 au vendredi 27\u00a0juin par l\u2019Entente interd\u00e9partementale Rh\u00f4ne-Alpes de d\u00e9moustication (EIRAD), autour des lieux fr\u00e9quent\u00e9s par le malade dans un rayon d\u2019environ 150 m\u00e8tres autour de la rue Amiral Courbet.<\/p>\n<p>Les habitants situ\u00e9s dans le p\u00e9rim\u00e8tre sont inform\u00e9s, quant \u00e0 eux, de la r\u00e9alisation de ce traitement par la voie d\u2019un flyer, d\u00e9pos\u00e9 dans leur bo\u00eete aux lettres et\/ou affich\u00e9, selon les sp\u00e9cificit\u00e9s de leur logement (maisons individuelles ou habitats collectifs) 24 heures avant l\u2019intervention.<\/p>\n<p>L\u2019objectif est d\u2019emp\u00eacher une \u00e9ventuelle propagation du virus. La dengue, aussi appel\u00e9e \u201cgrippe tropicale\u201d, est une maladie infectieuse caus\u00e9e par le virus du m\u00eame nom. Le virus est transmis \u00e0 l\u2019humain par des moustiques du genre Aedes. L\u2019incidence de la dengue progresse actuellement de mani\u00e8re tr\u00e8s importante, et l\u2019inscrit aujourd\u2019hui aux rangs des maladies dites \u201cr\u00e9-\u00e9mergentes\u201d.<\/p>\n","protected":false},"excerpt":{"rendered":"Ce n\u2019est pas un cas exceptionnel mais toujours une urgence. Une personne revenue des Antilles a \u00e9t\u00e9 d\u00e9tect\u00e9e&hellip;\n","protected":false},"author":2,"featured_media":206929,"comment_status":"","ping_status":"","sticky":false,"template":"","format":"standard","meta":{"footnotes":""},"categories":[10],"tags":[2730,2737,274,107,1795,1011,27,72,1479,2736,71],"class_list":{"0":"post-206928","1":"post","2":"type-post","3":"status-publish","4":"format-standard","5":"has-post-thumbnail","7":"category-sante","8":"tag-drome","9":"tag-edition-romans-nord-drome","10":"tag-faits-divers-justice","11":"tag-fil-info","12":"tag-fil-web","13":"tag-fr","14":"tag-france","15":"tag-health","16":"tag-romans","17":"tag-romans-sur-isere","18":"tag-sante"},"share_on_mastodon":{"url":"https:\/\/pubeurope.com\/@fr\/114752158624869114","error":""},"_links":{"self":[{"href":"https:\/\/www.europesays.com\/fr\/wp-json\/wp\/v2\/posts\/206928","targetHints":{"allow":["GET"]}}],"collection":[{"href":"https:\/\/www.europesays.com\/fr\/wp-json\/wp\/v2\/posts"}],"about":[{"href":"https:\/\/www.europesays.com\/fr\/wp-json\/wp\/v2\/types\/post"}],"author":[{"embeddable":true,"href":"https:\/\/www.europesays.com\/fr\/wp-json\/wp\/v2\/users\/2"}],"replies":[{"embeddable":true,"href":"https:\/\/www.europesays.com\/fr\/wp-json\/wp\/v2\/comments?post=206928"}],"version-history":[{"count":0,"href":"https:\/\/www.europesays.com\/fr\/wp-json\/wp\/v2\/posts\/206928\/revisions"}],"wp:featuredmedia":[{"embeddable":true,"href":"https:\/\/www.europesays.com\/fr\/wp-json\/wp\/v2\/media\/206929"}],"wp:attachment":[{"href":"https:\/\/www.europesays.com\/fr\/wp-json\/wp\/v2\/media?parent=206928"}],"wp:term":[{"taxonomy":"category","embeddable":true,"href":"https:\/\/www.europesays.com\/fr\/wp-json\/wp\/v2\/categories?post=206928"},{"taxonomy":"post_tag","embeddable":true,"href":"https:\/\/www.europesays.com\/fr\/wp-json\/wp\/v2\/tags?post=206928"}],"curies":[{"name":"wp","href":"https:\/\/api.w.org\/{rel}","templated":true}]}}