{"id":206930,"date":"2025-06-26T23:02:10","date_gmt":"2025-06-26T23:02:10","guid":{"rendered":"https:\/\/www.europesays.com\/fr\/206930\/"},"modified":"2025-06-26T23:02:10","modified_gmt":"2025-06-26T23:02:10","slug":"en-video-lincomprehensible-but-contre-son-camp-de-linternational-francais-pierre-kalulu","status":"publish","type":"post","link":"https:\/\/www.europesays.com\/fr\/206930\/","title":{"rendered":"en vid\u00e9o, l\u2019incompr\u00e9hensible but contre-son-camp de l\u2019international fran\u00e7ais Pierre Kalulu"},"content":{"rendered":"<p><strong>EN VID\u00c9O &#8211;<\/strong> R\u00e9cemment appel\u00e9 en \u00e9quipe de France, le d\u00e9fenseur central de la Juve a totalement rat\u00e9 son intervention, trompant son propre gardien.<\/p>\n<p class=\"fig-paragraph\">Plat du pied&#8230; ins\u00e9curit\u00e9. Seul Fran\u00e7ais titulaire lors\u00a0<a href=\"https:\/\/www.lefigaro.fr\/sports\/football\/live\/coupe-du-monde-des-clubs\/2025\/2492373\/juventus-man-city\" target=\"_blank\" data-fig-type=\"Live\" rel=\"noopener\" data-gtm-custom-categorie=\"navigation\" data-gtm-custom-action=\"crossclick\" data-gtm-custom-label=\"Contextuel\" data-gtm-event=\"customEventSPE\" data-fig-domain=\"LEFIGARO\">du choc Juventus-Manchester City ce jeudi en Coupe du monde des clubs<\/a>, Pierre Kalulu s\u2019est distingu\u00e9 malgr\u00e9 lui en inscrivant un but contre-son-camp pour le moins surprenant.<\/p>\n<p class=\"fig-paragraph\">Pourtant peu mis sous pression par les attaquants citizens sur un centre venu de la droite, le d\u00e9fenseur central de la Juve, r\u00e9cemment titulaire pour la premi\u00e8re fois en \u00e9quipe de France (face \u00e0 l\u2019Espagne en Ligue des Nations), a totalement rat\u00e9 son geste d\u00e9fensif. R\u00e9sultat des courses, son intervention du plat du pied a tromp\u00e9 son propre gardien Michele Di Gregorio.<\/p>\n<p class=\"fig-paragraph\">Le pauvre Kalulu a ainsi redonn\u00e9 l\u2019avantage \u00e0 l\u2019\u00e9quipe de Pep Guardiola qui menait 2-1 \u00e0 la demi-heure de jeu face \u00e0 celle d\u2019Igor Tudor.<\/p>\n","protected":false},"excerpt":{"rendered":"EN VID\u00c9O &#8211; R\u00e9cemment appel\u00e9 en \u00e9quipe de France, le d\u00e9fenseur central de la Juve a totalement rat\u00e9&hellip;\n","protected":false},"author":2,"featured_media":206931,"comment_status":"","ping_status":"","sticky":false,"template":"","format":"standard","meta":{"footnotes":""},"categories":[9],"tags":[454,69,448,83,451,64,450,449,1011,27,452,7154,453,66,446,447,16663,70,60,455],"class_list":{"0":"post-206930","1":"post","2":"type-post","3":"status-publish","4":"format-standard","5":"has-post-thumbnail","7":"category-sports","8":"tag-ballon-dor","9":"tag-bundesliga","10":"tag-champions-league","11":"tag-coupe-de-france","12":"tag-coupe-du-monde","13":"tag-equipe-de-france","14":"tag-euro","15":"tag-europa-league","16":"tag-fr","17":"tag-france","18":"tag-italie","19":"tag-juventus-turin","20":"tag-liga","21":"tag-ligue-1","22":"tag-ligue-2","23":"tag-ligue-des-champions","24":"tag-manchester-city","25":"tag-premier-league","26":"tag-sports","27":"tag-uefa"},"share_on_mastodon":{"url":"https:\/\/pubeurope.com\/@fr\/114752162603078093","error":""},"_links":{"self":[{"href":"https:\/\/www.europesays.com\/fr\/wp-json\/wp\/v2\/posts\/206930","targetHints":{"allow":["GET"]}}],"collection":[{"href":"https:\/\/www.europesays.com\/fr\/wp-json\/wp\/v2\/posts"}],"about":[{"href":"https:\/\/www.europesays.com\/fr\/wp-json\/wp\/v2\/types\/post"}],"author":[{"embeddable":true,"href":"https:\/\/www.europesays.com\/fr\/wp-json\/wp\/v2\/users\/2"}],"replies":[{"embeddable":true,"href":"https:\/\/www.europesays.com\/fr\/wp-json\/wp\/v2\/comments?post=206930"}],"version-history":[{"count":0,"href":"https:\/\/www.europesays.com\/fr\/wp-json\/wp\/v2\/posts\/206930\/revisions"}],"wp:featuredmedia":[{"embeddable":true,"href":"https:\/\/www.europesays.com\/fr\/wp-json\/wp\/v2\/media\/206931"}],"wp:attachment":[{"href":"https:\/\/www.europesays.com\/fr\/wp-json\/wp\/v2\/media?parent=206930"}],"wp:term":[{"taxonomy":"category","embeddable":true,"href":"https:\/\/www.europesays.com\/fr\/wp-json\/wp\/v2\/categories?post=206930"},{"taxonomy":"post_tag","embeddable":true,"href":"https:\/\/www.europesays.com\/fr\/wp-json\/wp\/v2\/tags?post=206930"}],"curies":[{"name":"wp","href":"https:\/\/api.w.org\/{rel}","templated":true}]}}