{"id":206932,"date":"2025-06-26T23:03:09","date_gmt":"2025-06-26T23:03:09","guid":{"rendered":"https:\/\/www.europesays.com\/fr\/206932\/"},"modified":"2025-06-26T23:03:09","modified_gmt":"2025-06-26T23:03:09","slug":"karim-benzema-et-lyna-khoudri-un-mariage-prevu-en-juillet","status":"publish","type":"post","link":"https:\/\/www.europesays.com\/fr\/206932\/","title":{"rendered":"Karim Benzema et Lyna Khoudri, un mariage pr\u00e9vu en juillet ?"},"content":{"rendered":"<p>Selon un article de Paris Match publi\u00e9 ce jeudi 26 juin, le footballeur et la com\u00e9dienne devraient s\u2019unir au mois de juillet. Ce que l\u2019on sait.<\/p>\n<p class=\"fig-paragraph\">Chaque \u00e9t\u00e9, un couple sort du bois et surprend tout le monde. L\u2019ann\u00e9e derni\u00e8re, les photos d\u2019<a href=\"http:\/\/madame.lefigaro.fr\/celebrites\/actu-people\/ce-reve-bleu-la-photo-de-famille-recomposee-d-adriana-karembeu-marc-lavoine-et-leurs-enfants-a-disneyland-20250625\" data-fig-type=\"Article\" data-gtm-custom-categorie=\"navigation\" data-gtm-custom-action=\"crossclick\" data-gtm-custom-label=\"Contextuel\" data-gtm-event=\"customEventSPE\" data-fig-domain=\"MADAME\" target=\"_blank\" rel=\"noopener\">Adriana Karembeu et Marc Lavoine<\/a>\u00a0s\u2019embrassant \u00e0 Paris avaient fait l\u2019\u00e9v\u00e9nement. Cette fois, c\u2019est\u00a0<a href=\"https:\/\/madame.lefigaro.fr\/tag\/karim-benzema\" target=\"_blank\" rel=\"noopener\" data-gtm-custom-categorie=\"navigation\" data-gtm-custom-action=\"crossclick\" data-gtm-custom-label=\"Contextuel\" data-gtm-event=\"customEventSPE\">Karim Benzema<\/a>\u00a0et\u00a0<a href=\"http:\/\/madame.lefigaro.fr\/celebrites\/culture\/lyna-khoudri-mon-pere-m-a-inculque-l-insoumisssion-20250206\" data-fig-type=\"Article\" data-gtm-custom-categorie=\"navigation\" data-gtm-custom-action=\"crossclick\" data-gtm-custom-label=\"Contextuel\" data-gtm-event=\"customEventSPE\" data-fig-domain=\"MADAME\" target=\"_blank\" rel=\"noopener\">Lyna Khoudri\u00a0<\/a>qui cr\u00e9ent la surprise.<\/p>\n<p>Des marches de Cannes aux noces en Corse<\/p>\n<p class=\"fig-paragraph\">Le couple, qui a officialis\u00e9 le 23 mai dernier en apparaissant\u00a0<a href=\"http:\/\/madame.lefigaro.fr\/celebrites\/actu-people\/lyna-khoudri-et-karim-benzema-ce-couple-qu-on-n-attendait-pas-20250619\" data-fig-type=\"Article\" data-gtm-custom-categorie=\"navigation\" data-gtm-custom-action=\"crossclick\" data-gtm-custom-label=\"Contextuel\" data-gtm-event=\"customEventSPE\" data-fig-domain=\"MADAME\" target=\"_blank\" rel=\"noopener\">main dans la main sur le tapis rouge du festival de Cannes,<\/a>\u00a0encha\u00eene les surprises. Alors que leur relation \u00e9tait suppos\u00e9e naissante, puisque tout juste rendue publique, Paris Match r\u00e9v\u00e8le, ce 26 juin, qu\u2019elle \u00e9volue en fait dans l\u2019ombre depuis plusieurs ann\u00e9es. Plus encore, l<a href=\"https:\/\/www.parismatch.com\/People\/karim-benzema-va-se-marier-avec-lyna-khoudri-253338\" target=\"_blank\" rel=\"nofollow noopener\" data-gtm-custom-categorie=\"navigation\" data-gtm-custom-action=\"crossclick\" data-gtm-custom-label=\"Contextuel\" data-gtm-event=\"customEventSPE\">\u2019actrice et le footballeur sont m\u00eame sur le point de se marier<\/a>.<\/p>\n<p>Une relation tr\u00e8s secr\u00e8te<\/p>\n<p class=\"fig-paragraph\">Selon nos confr\u00e8res et cons\u0153urs, l\u2019histoire entre l\u2019attaquant de 37 ans et la com\u00e9dienne de 32 ans commence au plus tard le 17 octobre 2022. Ce jour-l\u00e0, Benzema est sacr\u00e9 Ballon d\u2019or et re\u00e7oit son prix des mains de l\u2019unique Zin\u00e9dine Zidane. Parmi les invit\u00e9s de marque pr\u00e9sents au th\u00e9\u00e2tre du Ch\u00e2telet se trouve Sofiane Zermani accompagn\u00e9 de Lyna Khoudri. Comment le couple est-il parvenu \u00e0 garder sa relation secr\u00e8te tout ce temps\u00a0? En vivant \u00e0 6000 kilom\u00e8tres l\u2019un de l\u2019autre, tout simplement. Toujours selon Paris Match, Benzema venait de quitter le Real Madrid pour le Al-Ittihad Club, en Arabie saoudite, o\u00f9 il avait sign\u00e9 pour trois ans.<\/p>\n<p>    <a href=\"https:\/\/photo-madame.lefigaro.fr\/celebrites\/actu-people\/lyna-khoudri-et-karim-benzema-palme-du-plus-beau-couple-a-cannes-20250618\" target=\"_blank\" rel=\"noopener\"><\/p>\n<p class=\"fig-slideshow__title\">\n                    Lyna Khoudri et Karim Benzema, une officialisation glamour \u00e0 Cannes\n                <\/p>\n<p>    <\/a><\/p>\n<p class=\"fig-paragraph\">Finalement, leur relation aura surv\u00e9cu \u00e0 la distance puisque leur mariage est annonc\u00e9 pour le week-end du 5 et 6 juillet et devrait avoir lieu en Corse. L\u2019ann\u00e9e prochaine, en juin 2026, le contrat du footballeur avec le club saoudien touchera \u00e0 sa fin et le couple pourra peut-\u00eatre se r\u00e9unir sous un seul et m\u00eame toit. Mais d\u2019ici l\u00e0, qui sait quel couple inattendu nous surprendra encore\u00a0?<\/p>\n","protected":false},"excerpt":{"rendered":"Selon un article de Paris Match publi\u00e9 ce jeudi 26 juin, le footballeur et la com\u00e9dienne devraient s\u2019unir&hellip;\n","protected":false},"author":2,"featured_media":206933,"comment_status":"","ping_status":"","sticky":false,"template":"","format":"standard","meta":{"footnotes":""},"categories":[8],"tags":[34590,34026,1193,34587,58,59,1295,1294,638,1011,27,24748,977,1930,34588,10988,34586,34585,34589,34591],"class_list":{"0":"post-206932","1":"post","2":"type-post","3":"status-publish","4":"format-standard","5":"has-post-thumbnail","7":"category-divertissement","8":"tag-bague-de-fiancaille","9":"tag-celebration","10":"tag-couple","11":"tag-decoration-mariage","12":"tag-divertissement","13":"tag-entertainment","14":"tag-feminin","15":"tag-femme","16":"tag-figaro","17":"tag-fr","18":"tag-france","19":"tag-karim-benzema","20":"tag-madame","21":"tag-mariage","22":"tag-organisation-mariage","23":"tag-robe-de-mariee","24":"tag-robe-pour-mariage","25":"tag-tendance-mariage","26":"tag-tenue-mariage","27":"tag-theme-mariage"},"share_on_mastodon":{"url":"https:\/\/pubeurope.com\/@fr\/114752166539293357","error":""},"_links":{"self":[{"href":"https:\/\/www.europesays.com\/fr\/wp-json\/wp\/v2\/posts\/206932","targetHints":{"allow":["GET"]}}],"collection":[{"href":"https:\/\/www.europesays.com\/fr\/wp-json\/wp\/v2\/posts"}],"about":[{"href":"https:\/\/www.europesays.com\/fr\/wp-json\/wp\/v2\/types\/post"}],"author":[{"embeddable":true,"href":"https:\/\/www.europesays.com\/fr\/wp-json\/wp\/v2\/users\/2"}],"replies":[{"embeddable":true,"href":"https:\/\/www.europesays.com\/fr\/wp-json\/wp\/v2\/comments?post=206932"}],"version-history":[{"count":0,"href":"https:\/\/www.europesays.com\/fr\/wp-json\/wp\/v2\/posts\/206932\/revisions"}],"wp:featuredmedia":[{"embeddable":true,"href":"https:\/\/www.europesays.com\/fr\/wp-json\/wp\/v2\/media\/206933"}],"wp:attachment":[{"href":"https:\/\/www.europesays.com\/fr\/wp-json\/wp\/v2\/media?parent=206932"}],"wp:term":[{"taxonomy":"category","embeddable":true,"href":"https:\/\/www.europesays.com\/fr\/wp-json\/wp\/v2\/categories?post=206932"},{"taxonomy":"post_tag","embeddable":true,"href":"https:\/\/www.europesays.com\/fr\/wp-json\/wp\/v2\/tags?post=206932"}],"curies":[{"name":"wp","href":"https:\/\/api.w.org\/{rel}","templated":true}]}}