{"id":206938,"date":"2025-06-26T23:06:24","date_gmt":"2025-06-26T23:06:24","guid":{"rendered":"https:\/\/www.europesays.com\/fr\/206938\/"},"modified":"2025-06-26T23:06:24","modified_gmt":"2025-06-26T23:06:24","slug":"khamenei-refait-surface-pour-sauver-la-face-liberation","status":"publish","type":"post","link":"https:\/\/www.europesays.com\/fr\/206938\/","title":{"rendered":"Khamenei refait surface pour\u00a0sauver la face \u2013 Lib\u00e9ration"},"content":{"rendered":"<p class=\"sc-ksZaOG ehjQrN text-element\">Son discours \u00e9tait guett\u00e9. Pas tant pour ce qu\u2019il allait dire, mais pour savoir s\u2019il \u00e9tait encore vivant apr\u00e8s douze jours de guerre et de bombardements isra\u00e9lo-am\u00e9ricains. Silencieux depuis une semaine, le Guide supr\u00eame Ali Khamenei <a href=\"https:\/\/www.liberation.fr\/international\/moyen-orient\/guerre-avec-israel-ali-khamenei-sort-de-son-silence-pour-saluer-ce-quil-considere-etre-une-victoire-de-liran-20250626_27KBI5AC7NHR5HR7TLWW6VNPFI\/\" target=\"_blank\" rel=\"noopener\" title=\"https:\/\/www.liberation.fr\/international\/moyen-orient\/guerre-avec-israel-ali-khamenei-sort-de-son-silence-pour-saluer-ce-quil-considere-etre-une-victoire-de-liran-20250626_27KBI5AC7NHR5HR7TLWW6VNPFI\/\">est finalement apparu ce jeudi 26 juin<\/a> dans des vid\u00e9os diffus\u00e9es sur la t\u00e9l\u00e9vision d\u2019Etat et sur le r\u00e9seau social X.<\/p>\n<p class=\"sc-ksZaOG ehjQrN text-element\">La voix rauque, adoss\u00e9 \u00e0 un rideau marron, il a salu\u00e9, contre toute \u00e9vidence, la \u00abvictoire contre le r\u00e9gime sioniste [qui] a failli s\u2019effondrer et a \u00e9t\u00e9 \u00e9cras\u00e9 sous les frappes de la r\u00e9publique islamique\u00bb.<\/p>\n<p class=\"sc-ksZaOG ehjQrN text-element\">M\u00eame r\u00e9\u00e9criture concernant <a href=\"https:\/\/www.liberation.fr\/international\/moyen-orient\/les-etats-unis-bombardent-les-installations-nucleaires-en-iran-donald-trump-annonce-une-attaque-tres-reussie-20250622_SN24PDIHBJDUHHSLY6FQNSWMYI\/\" target=\"_blank\" rel=\"noopener\" title=\"https:\/\/www.liberation.fr\/international\/moyen-orient\/les-etats-unis-bombardent-les-installations-nucleaires-en-iran-donald-trump-annonce-une-attaque-tres-reussie-20250622_SN24PDIHBJDUHHSLY6FQNSWMYI\/\">l\u2019implication des Etats-Unis et leurs frappes le 13 juin<\/a> sur plusieurs installations nucl\u00e9aires majeures du pays. Les Etats-Unis \u00abn\u2019ont rien gagn\u00e9 de cette guerre [\u2026], la r\u00e9publique islamique l\u2019a emport\u00e9e, et en repr\u00e9sailles a inflig\u00e9 une gifle cinglante au visage de l\u2019Am\u00e9rique\u00bb. Les Etats-Unis \u00absont intervenus directement dans la guerre, convaincus que leur refus de s\u2019engager conduirait \u00e0 la destruction totale du r\u00e9gime sioniste\u00bb, a-t-il ajout\u00e9.<\/p>\n<p class=\"sc-ksZaOG ehjQrN text-element\">Il a enfin menac\u00e9 Washington de repr\u00e9sailles en cas de nouvelle intervention : \u00abLa r\u00e9publique islamique a acc\u00e8s \u00e0 d\u2019importantes bases am\u00e9ricaines dans la r\u00e9gion et peut agir contre elles d\u00e8s qu\u2019elle le juge n\u00e9cessaire. Cela peut se reproduire \u00e0 l\u2019avenir : si une attaque survient, le co\u00fbt pour l\u2019ennemi et l\u2019agresseur sera assur\u00e9ment \u00e9lev\u00e9.\u00bb<\/p>\n<p class=\"sc-ksZaOG ehjQrN text-element\">Selon Donald Trump, les autorit\u00e9s iraniennes avaient pr\u00e9venu Washington qu\u2019elles allaient tirer lundi 23 juin <a href=\"https:\/\/www.liberation.fr\/international\/moyen-orient\/au-qatar-liran-vise-la-grande-base-americaine-des-etats-unis-sans-faire-de-victimes-20250623_J3EO4FH6MJDGRBH3OWWSGPU52Q\/\" target=\"_blank\" rel=\"noreferrer noopener\" title=\"https:\/\/www.liberation.fr\/international\/moyen-orient\/au-qatar-liran-vise-la-grande-base-americaine-des-etats-unis-sans-faire-de-victimes-20250623_J3EO4FH6MJDGRBH3OWWSGPU52Q\/\">des missiles contre la base militaire am\u00e9ricaine d\u2019Al-Udeid<\/a>, au Qatar. La riposte, qualifi\u00e9e de \u00abfaible\u00bb par le pr\u00e9sident am\u00e9ricain, n\u2019avait pas fait de d\u00e9g\u00e2ts. Cela avait permis \u00e0 <a href=\"https:\/\/www.liberation.fr\/international\/moyen-orient\/entre-israel-et-liran-un-cessez-le-feu-proclame-par-donald-trump-dans-la-confusion-des-derniers-echanges-de-tirs-meurtriers-20250624_AIIK5UO4YVBTTI4UQZSTL7INOA\/\" target=\"_blank\" rel=\"noopener\" title=\"https:\/\/www.liberation.fr\/international\/moyen-orient\/entre-israel-et-liran-un-cessez-le-feu-proclame-par-donald-trump-dans-la-confusion-des-derniers-echanges-de-tirs-meurtriers-20250624_AIIK5UO4YVBTTI4UQZSTL7INOA\/\">Trump d\u2019annoncer le lendemain un cessez-le-feu<\/a>.<\/p>\n<p class=\"sc-ksZaOG ehjQrN text-element\">Au-del\u00e0 de la propagande pr\u00e9visible, la vid\u00e9o permet avant tout \u00e0 Khamenei de montrer qu\u2019il est toujours l\u00e0, m\u00eame s\u2019il doit rester cach\u00e9. A la diff\u00e9rence du <a href=\"https:\/\/www.liberation.fr\/international\/iran-masoud-pezeshkian-un-reformateur-inattendu-dans-la-course-a-la-presidence-20240627_OEF3UOYJHBAXRGFDWTBUOS4BBM\/\" target=\"_blank\" rel=\"noopener\" title=\"https:\/\/www.liberation.fr\/international\/iran-masoud-pezeshkian-un-reformateur-inattendu-dans-la-course-a-la-presidence-20240627_OEF3UOYJHBAXRGFDWTBUOS4BBM\/\">pr\u00e9sident Masoud Pezeshkian<\/a>, apparu plusieurs fois durant la guerre, le Guide est rest\u00e9 terr\u00e9. Isra\u00ebl n\u2019avait pas cach\u00e9 que sa mort pourrait \u00eatre l\u2019un des objectifs de l\u2019offensive.<\/p>\n<p class=\"sc-ksZaOG ehjQrN text-element\">Mais son silence commen\u00e7ait autant \u00e0 inqui\u00e9ter ses supporteurs qu\u2019\u00e0 relancer les espoirs de ses adversaires. En th\u00e9orie, seule l\u2019Assembl\u00e9e des experts, qui compte 88 membres, peut le destituer. Qu\u2019elle se r\u00e9unisse aujourd\u2019hui, alors que le cessez-le-feu reste plus que pr\u00e9caire, est peu probable. Mais <a href=\"https:\/\/www.liberation.fr\/international\/moyen-orient\/iran-les-incertains-scenarios-de-lapres-khamenei-20250623_QRPMIY2E2BCTVMTSJR4LSZ5T3A\/\" target=\"_blank\" rel=\"noopener\" title=\"https:\/\/www.liberation.fr\/international\/moyen-orient\/iran-les-incertains-scenarios-de-lapres-khamenei-20250623_QRPMIY2E2BCTVMTSJR4LSZ5T3A\/\">la mise \u00e0 l\u2019\u00e9cart du Guide<\/a>, sans qu\u2019il soit formellement destitu\u00e9, reste possible. Lundi, Tasnim, une agence de presse affili\u00e9e au corps des Gardiens de la r\u00e9volution islamique, avait accus\u00e9 des \u00ab\u00e9l\u00e9ments discr\u00e9dit\u00e9s\u00bb de tenter de mobiliser des religieux de haut rang en faveur de la \u00absoumission\u00bb et du \u00abcompromis\u00bb.<\/p>\n<p class=\"sc-ksZaOG ehjQrN text-element\">Le r\u00e9gime a surv\u00e9cu mais il a montr\u00e9 ses failles. L\u2019offensive de Tsahal, pr\u00e9par\u00e9e depuis des ann\u00e9es, s\u2019est appuy\u00e9e sur des renseignements de premier ordre, preuve de l\u2019infiltration profonde des services de s\u00e9curit\u00e9 iraniens par des agents isra\u00e9liens. D\u00e8s le d\u00e9but de l\u2019attaque, le 13 juin, <a href=\"https:\/\/www.liberation.fr\/checknews\/attaque-israelienne-contre-liran-qui-sont-les-personnes-tuees-dans-les-frappes-20250613_FTMZYZ4VLVFNFF3NEB7RIBJUAI\/\" target=\"_blank\" rel=\"noopener\" title=\"https:\/\/www.liberation.fr\/checknews\/attaque-israelienne-contre-liran-qui-sont-les-personnes-tuees-dans-les-frappes-20250613_FTMZYZ4VLVFNFF3NEB7RIBJUAI\/\">des officiers de haut rang<\/a>, dont le chef de corps des Gardiens de la r\u00e9volution, Hossein Salami, ont \u00e9t\u00e9 assassin\u00e9s simultan\u00e9ment, parfois chez eux. Une vingtaine de scientifiques sp\u00e9cialistes du nucl\u00e9aire ont \u00e9galement \u00e9t\u00e9 tu\u00e9s. Selon le chef d\u2019\u00e9tat-major isra\u00e9lien, le lieutenant-g\u00e9n\u00e9ral Eyal Zamir, des commandos \u00abont op\u00e9r\u00e9 en secret au c\u0153ur du territoire ennemi\u00bb.<\/p>\n<p class=\"sc-ksZaOG ehjQrN text-element\">D\u00e9pass\u00e9es, les autorit\u00e9s iraniennes tentent depuis de r\u00e9agir en traquant ceux qui ont pu aider Isra\u00ebl. Lundi, au moins 26 personnes ont \u00e9t\u00e9 arr\u00eat\u00e9es au Khouzestan, dans le sud-ouest de l\u2019Iran. \u00abLa plupart d\u2019entre eux ont confess\u00e9 leurs actes, dont des activit\u00e9s contre la s\u00e9curit\u00e9, la propagation de l\u2019inqui\u00e9tude dans le public et des actes de sabotage\u00bb, affirme un communiqu\u00e9 des services de renseignement des Gardiens de la r\u00e9volution. Samedi 21 juin, la police de la province de Qom, o\u00f9 se situe <a href=\"https:\/\/www.liberation.fr\/international\/moyen-orient\/guerre-iran-israel-fordo-le-site-nucleaire-iranien-sur-lequel-bute-pour-linstant-larmee-israelienne-20250616_BGSFRQ3PDVBX3F23T732TL42KU\/\" target=\"_blank\" rel=\"noopener\" title=\"https:\/\/www.liberation.fr\/international\/moyen-orient\/guerre-iran-israel-fordo-le-site-nucleaire-iranien-sur-lequel-bute-pour-linstant-larmee-israelienne-20250616_BGSFRQ3PDVBX3F23T732TL42KU\/\">le site nucl\u00e9aire de Fordo<\/a> bombard\u00e9 par l\u2019aviation am\u00e9ricaine, avait annonc\u00e9 que 22 \u00abespions\u00bb avaient \u00e9t\u00e9 arr\u00eat\u00e9s depuis le 13 juin. Des pseudo-confessions sont parfois diffus\u00e9es \u00e0 la t\u00e9l\u00e9 et les proc\u00e8s sont plus qu\u2019exp\u00e9ditifs. Six Iraniens accus\u00e9s d\u2019avoir espionn\u00e9 pour Isra\u00ebl ont \u00e9t\u00e9 ex\u00e9cut\u00e9s depuis le 13 juin.<\/p>\n","protected":false},"excerpt":{"rendered":"Son discours \u00e9tait guett\u00e9. Pas tant pour ce qu\u2019il allait dire, mais pour savoir s\u2019il \u00e9tait encore vivant&hellip;\n","protected":false},"author":2,"featured_media":206939,"comment_status":"","ping_status":"","sticky":false,"template":"","format":"standard","meta":{"footnotes":""},"categories":[5],"tags":[11,22405,75,1011,27,14,3019,4884,31951,12,28],"class_list":{"0":"post-206938","1":"post","2":"type-post","3":"status-publish","4":"format-standard","5":"has-post-thumbnail","7":"category-international","8":"tag-actualites","9":"tag-ali-khamenei","10":"tag-donald-trump","11":"tag-fr","12":"tag-france","13":"tag-international","14":"tag-iran","15":"tag-iran-etats-unis","16":"tag-iran-israel-guerre","17":"tag-news","18":"tag-world"},"share_on_mastodon":{"url":"https:\/\/pubeurope.com\/@fr\/114752178378206246","error":""},"_links":{"self":[{"href":"https:\/\/www.europesays.com\/fr\/wp-json\/wp\/v2\/posts\/206938","targetHints":{"allow":["GET"]}}],"collection":[{"href":"https:\/\/www.europesays.com\/fr\/wp-json\/wp\/v2\/posts"}],"about":[{"href":"https:\/\/www.europesays.com\/fr\/wp-json\/wp\/v2\/types\/post"}],"author":[{"embeddable":true,"href":"https:\/\/www.europesays.com\/fr\/wp-json\/wp\/v2\/users\/2"}],"replies":[{"embeddable":true,"href":"https:\/\/www.europesays.com\/fr\/wp-json\/wp\/v2\/comments?post=206938"}],"version-history":[{"count":0,"href":"https:\/\/www.europesays.com\/fr\/wp-json\/wp\/v2\/posts\/206938\/revisions"}],"wp:featuredmedia":[{"embeddable":true,"href":"https:\/\/www.europesays.com\/fr\/wp-json\/wp\/v2\/media\/206939"}],"wp:attachment":[{"href":"https:\/\/www.europesays.com\/fr\/wp-json\/wp\/v2\/media?parent=206938"}],"wp:term":[{"taxonomy":"category","embeddable":true,"href":"https:\/\/www.europesays.com\/fr\/wp-json\/wp\/v2\/categories?post=206938"},{"taxonomy":"post_tag","embeddable":true,"href":"https:\/\/www.europesays.com\/fr\/wp-json\/wp\/v2\/tags?post=206938"}],"curies":[{"name":"wp","href":"https:\/\/api.w.org\/{rel}","templated":true}]}}