{"id":20694,"date":"2025-04-12T22:04:07","date_gmt":"2025-04-12T22:04:07","guid":{"rendered":"https:\/\/www.europesays.com\/fr\/20694\/"},"modified":"2025-04-12T22:04:07","modified_gmt":"2025-04-12T22:04:07","slug":"nice-une-manifestation-devant-ce-leclerc-contre-des-pratiques-delevage-polemiques","status":"publish","type":"post","link":"https:\/\/www.europesays.com\/fr\/20694\/","title":{"rendered":"Nice. Une manifestation devant ce Leclerc contre des pratiques d&rsquo;\u00e9levage pol\u00e9miques"},"content":{"rendered":"<p>            Par<br \/>\n        <strong><br \/>\n            <a href=\"https:\/\/actu.fr\/auteur\/ugo-maillard\" title=\"Consulter tous les articles de Ugo Maillard\" target=\"_blank\" rel=\"noopener\">Ugo Maillard<\/a><br \/>\n        <\/strong><\/p>\n<p>        Publi\u00e9 le<\/p>\n<p>            12 avr. 2025 \u00e0 10h02        <\/p>\n<p>Un rassemblement pour d\u00e9noncer les pratiques d\u2019\u00e9levage des cochons. Une manifestation est organis\u00e9e ce samedi 12\u00a0avril 2025 devant un Leclerc de <a href=\"https:\/\/actu.fr\/nice\/\" target=\"_blank\" rel=\"noopener\">Nice<\/a> (<a href=\"https:\/\/actu.fr\/provence-alpes-cote-d-azur\/alpes-maritimes_06\" target=\"_blank\" rel=\"noopener\">Alpes-Maritimes<\/a>).<\/p>\n<p class=\" wall-content\">L\u2019association L214 souhaite alerter les clients de l\u2019enseigne quant aux m\u00e9thodes utilis\u00e9es sur les conditions d\u2019\u00e9levage des cochons vendus dans les magasins de l\u2019enseigne de grande distribution.<\/p>\n<p class=\" wall-content\">La mobilisation se veut \u00eatre pacifiste et dans l\u2019unique but d<strong>\u2019informer et d\u2019alerter<\/strong> les consommateurs.<\/p>\n<p>\u00ab\u2009Leclerc joue la carte de l\u2019ambigu\u00eft\u00e9\u2009\u00bb<\/p>\n<p class=\" wall-content\">La manifestation initi\u00e9e par l\u2019association de d\u00e9fense animale <strong>L214<\/strong> se tiendra de 10\u2009h\u200930 \u00e0 12h devant le Leclerc du quartier Saint-Isidore, sur le boulevard du Mercantour \u00e0 Nice.<\/p>\n<p>    <a href=\"https:\/\/www.google.com\/maps\/embed?pb=!1m18!1m12!1m3!1d7267.451767747865!2d7.187634063010191!3d43.70867483619841!2m3!1f0!2f0!3f0!3m2!1i1024!2i768!4f13.1!3m3!1m2!1s0x12cdd1fae807b679%3A0xd17e968d6ab72aef!2sE.Leclerc%20NICE!5e0!3m2!1sfr!2sfr!4v1744277970610!5m2!1sfr!2sfr\" title=\"Ouvrie le lien\" target=\"_blank\" rel=\"noopener\">Cliquez ici pour visualiser le contenu<\/a><\/p>\n<p>Vid\u00e9os : en ce moment sur Actu<\/p>\n<p class=\" wall-content\">Pour rappel, une <a href=\"https:\/\/actu.fr\/provence-alpes-cote-d-azur\/nice_06088\/nice-une-manifestation-organisee-devant-ce-leclerc-voici-pourquoi_62368813.html\" target=\"_blank\" rel=\"noopener\">manifestation similaire avait \u00e9t\u00e9 organis\u00e9e<\/a> devant un autre Leclerc de Nice en mars dernier, d\u00e9j\u00e0 pour alerter sur les conditions d\u2019\u00e9levage des cochons.<\/p>\n<blockquote class=\"ac-article-quote wall-content\">\n<p>E.Leclerc joue la carte de l\u2019ambigu\u00eft\u00e9 : l\u2019enseigne affirme que \u00ab\u00a0le bien-\u00eatre animal est au c\u0153ur de [ses] pr\u00e9occupations\u00a0\u00bb, mais refuse de s\u2019engager \u00e0 respecter les crit\u00e8res du Pig Minimum Standards. C\u2019est pr\u00e9cis\u00e9ment ce flou que nous d\u00e9non\u00e7ons. Nous demandons des mesures concr\u00e8tes.<\/p>\n<p>    <strong>Ambre Bernard<\/strong><br \/>\n        Charg\u00e9e des campagnes agroalimentaires pour L214     <\/p><\/blockquote>\n<p class=\" wall-content\">Les militants r\u00e9clament, p\u00eale-m\u00eale, la fin de l\u2019enfermement des truies reproductrices en cages individuelles\u2009; l\u2019interdiction des mutilations pratiqu\u00e9es sur les cochons et le respect strict de la r\u00e9glementation dans les \u00e9levages de cochons.<\/p>\n<p class=\" wall-content\">\u00c0 noter que les b\u00e9n\u00e9voles locaux de L214 m\u00e8neront des actions dans <strong>30 villes de France<\/strong>, ce samedi.<\/p>\n<p class=\" wall-content\">Suivez toute l\u2019actualit\u00e9 de vos villes et m\u00e9dias favoris en vous inscrivant \u00e0 <a href=\"https:\/\/moncompte.actu.fr\" title=\"D\u00e9couvez Mon Actu\" rel=\"nofollow noopener\" data-trk=\"{&quot;cta&quot;:{&quot;action&quot;:&quot;https:\\\/\\\/moncompte.actu.fr&quot;,&quot;category&quot;:&quot;mon compte&quot;,&quot;from&quot;:&quot;article footer&quot;,&quot;name&quot;:&quot;Mon actu&quot;,&quot;type&quot;:&quot;cta&quot;}}\" target=\"_blank\">Mon Actu<\/a>.<\/p>\n<ul class=\"ac-article-tag wall-content\">\n<li><a href=\"https:\/\/actu.fr\/tag\/leclerc\" data-trk=\"{&quot;cta&quot;:{&quot;action&quot;:&quot;Leclerc&quot;,&quot;category&quot;:&quot;tag&quot;,&quot;from&quot;:&quot;article footer&quot;,&quot;name&quot;:&quot;Leclerc&quot;,&quot;type&quot;:&quot;cta&quot;}}\" target=\"_blank\" rel=\"noopener\">#Leclerc<\/a><\/li>\n<li><a href=\"https:\/\/actu.fr\/tag\/maltraitance-animale\" data-trk=\"{&quot;cta&quot;:{&quot;action&quot;:&quot;Maltraitance animale&quot;,&quot;category&quot;:&quot;tag&quot;,&quot;from&quot;:&quot;article footer&quot;,&quot;name&quot;:&quot;Maltraitance animale&quot;,&quot;type&quot;:&quot;cta&quot;}}\" target=\"_blank\" rel=\"noopener\">#Maltraitance animale<\/a><\/li>\n<\/ul>\n","protected":false},"excerpt":{"rendered":"Par Ugo Maillard Publi\u00e9 le 12 avr. 2025 \u00e0 10h02 Un rassemblement pour d\u00e9noncer les pratiques d\u2019\u00e9levage des&hellip;\n","protected":false},"author":2,"featured_media":20695,"comment_status":"","ping_status":"","sticky":false,"template":"","format":"standard","meta":{"footnotes":""},"categories":[2819],"tags":[1111,11,1777,674,1011,27,7755,6795,12,2401,882,25,104],"class_list":{"0":"post-20694","1":"post","2":"type-post","3":"status-publish","4":"format-standard","5":"has-post-thumbnail","7":"category-nice","8":"tag-actu","9":"tag-actualites","10":"tag-eu","11":"tag-europe","12":"tag-fr","13":"tag-france","14":"tag-leclerc","15":"tag-maltraitance-animale","16":"tag-news","17":"tag-nice","18":"tag-provence-alpes-cote-dazur","19":"tag-republique-francaise","20":"tag-societe"},"share_on_mastodon":{"url":"https:\/\/pubeurope.com\/@fr\/114327261293536379","error":""},"_links":{"self":[{"href":"https:\/\/www.europesays.com\/fr\/wp-json\/wp\/v2\/posts\/20694","targetHints":{"allow":["GET"]}}],"collection":[{"href":"https:\/\/www.europesays.com\/fr\/wp-json\/wp\/v2\/posts"}],"about":[{"href":"https:\/\/www.europesays.com\/fr\/wp-json\/wp\/v2\/types\/post"}],"author":[{"embeddable":true,"href":"https:\/\/www.europesays.com\/fr\/wp-json\/wp\/v2\/users\/2"}],"replies":[{"embeddable":true,"href":"https:\/\/www.europesays.com\/fr\/wp-json\/wp\/v2\/comments?post=20694"}],"version-history":[{"count":0,"href":"https:\/\/www.europesays.com\/fr\/wp-json\/wp\/v2\/posts\/20694\/revisions"}],"wp:featuredmedia":[{"embeddable":true,"href":"https:\/\/www.europesays.com\/fr\/wp-json\/wp\/v2\/media\/20695"}],"wp:attachment":[{"href":"https:\/\/www.europesays.com\/fr\/wp-json\/wp\/v2\/media?parent=20694"}],"wp:term":[{"taxonomy":"category","embeddable":true,"href":"https:\/\/www.europesays.com\/fr\/wp-json\/wp\/v2\/categories?post=20694"},{"taxonomy":"post_tag","embeddable":true,"href":"https:\/\/www.europesays.com\/fr\/wp-json\/wp\/v2\/tags?post=20694"}],"curies":[{"name":"wp","href":"https:\/\/api.w.org\/{rel}","templated":true}]}}