{"id":206940,"date":"2025-06-26T23:07:09","date_gmt":"2025-06-26T23:07:09","guid":{"rendered":"https:\/\/www.europesays.com\/fr\/206940\/"},"modified":"2025-06-26T23:07:09","modified_gmt":"2025-06-26T23:07:09","slug":"deces-dun-enfant-de-2-ans-a-istres-oublie-dans-une-voiture","status":"publish","type":"post","link":"https:\/\/www.europesays.com\/fr\/206940\/","title":{"rendered":"D\u00e9c\u00e8s d\u2019un enfant de 2\u00a0ans \u00e0 Istres, oubli\u00e9 dans une voiture"},"content":{"rendered":"<p>Un enfant de 2\u00a0ans a \u00e9t\u00e9 retrouv\u00e9 mort dans l\u2019apr\u00e8s-midi de ce jeudi 26\u00a0juin dans une voiture stationn\u00e9e sur la base a\u00e9rienne d\u2019Istres, o\u00f9 il avait \u00e9t\u00e9 oubli\u00e9 par son p\u00e8re, a appris l\u2019AFP aupr\u00e8s du parquet d\u2019<a href=\"https:\/\/www.laprovence.com\/bouches-du-rhone\/aix-en-provence-13001\" target=\"_blank\" rel=\"noopener\">Aix-en-Provence<\/a>.<\/p>\n<p>\u00ab\u00a0L\u2019enfant est mort apr\u00e8s avoir \u00e9t\u00e9 oubli\u00e9 dans la voiture expos\u00e9e au soleil et \u00e0 la chaleur\u00a0\u00bb, a d\u00e9clar\u00e9 \u00e0 l\u2019AFP le procureur d\u2019Aix-en-Provence, Jean-Luc Blachon. Une enqu\u00eate a \u00e9t\u00e9 ouverte du chef d\u2019homicide involontaire et le p\u00e8re de l\u2019enfant plac\u00e9 en garde \u00e0 vue, a-t-il pr\u00e9cis\u00e9, \u00e9voquant \u00ab\u00a0avant tout un drame\u00a0\u00bb.<\/p>\n<p>Selon une source proche du dossier, le petit gar\u00e7on a \u00e9t\u00e9 retrouv\u00e9 en arr\u00eat cardio-respiratoire peu avant 16h00. Le v\u00e9hicule \u00e9tait stationn\u00e9 sur un parking dans l\u2019enceinte de la base militaire d\u2019Istres o\u00f9 le p\u00e8re de l\u2019enfant travaille, a ajout\u00e9 le procureur, qui n\u2019a pas \u00e9t\u00e9 en mesure de pr\u00e9ciser le statut &#8211; civil ou militaire &#8211; du p\u00e8re de famille.<\/p>\n<p>Selon M\u00e9t\u00e9o France, le thermom\u00e8tre est mont\u00e9 jusqu\u2019\u00e0 36\u00b0 jeudi \u00e0 Istres, et les Bouches-du-Rh\u00f4ne ont \u00e9t\u00e9 plac\u00e9es \u00e0 partir de vendredi midi <a href=\"https:\/\/www.laprovence.com\/article\/ecoplanete\/7796264903896714\/alerte-meteo\" target=\"_blank\" rel=\"noopener\">en vigilance orange canicule<\/a>.<\/p>\n","protected":false},"excerpt":{"rendered":"Un enfant de 2\u00a0ans a \u00e9t\u00e9 retrouv\u00e9 mort dans l\u2019apr\u00e8s-midi de ce jeudi 26\u00a0juin dans une voiture stationn\u00e9e&hellip;\n","protected":false},"author":2,"featured_media":165901,"comment_status":"","ping_status":"","sticky":false,"template":"","format":"standard","meta":{"footnotes":""},"categories":[4],"tags":[17,11,1764,2837,1446,3983,847,274,1011,27,34592,12,34593,25],"class_list":{"0":"post-206940","1":"post","2":"type-post","3":"status-publish","4":"format-standard","5":"has-post-thumbnail","7":"category-france","8":"tag-17","9":"tag-actualites","10":"tag-ans","11":"tag-dun","12":"tag-dans","13":"tag-deces","14":"tag-enfant","15":"tag-faits-divers-justice","16":"tag-fr","17":"tag-france","18":"tag-istres","19":"tag-news","20":"tag-oublie","21":"tag-republique-francaise"},"share_on_mastodon":{"url":"https:\/\/pubeurope.com\/@fr\/114752182304990740","error":""},"_links":{"self":[{"href":"https:\/\/www.europesays.com\/fr\/wp-json\/wp\/v2\/posts\/206940","targetHints":{"allow":["GET"]}}],"collection":[{"href":"https:\/\/www.europesays.com\/fr\/wp-json\/wp\/v2\/posts"}],"about":[{"href":"https:\/\/www.europesays.com\/fr\/wp-json\/wp\/v2\/types\/post"}],"author":[{"embeddable":true,"href":"https:\/\/www.europesays.com\/fr\/wp-json\/wp\/v2\/users\/2"}],"replies":[{"embeddable":true,"href":"https:\/\/www.europesays.com\/fr\/wp-json\/wp\/v2\/comments?post=206940"}],"version-history":[{"count":0,"href":"https:\/\/www.europesays.com\/fr\/wp-json\/wp\/v2\/posts\/206940\/revisions"}],"wp:featuredmedia":[{"embeddable":true,"href":"https:\/\/www.europesays.com\/fr\/wp-json\/wp\/v2\/media\/165901"}],"wp:attachment":[{"href":"https:\/\/www.europesays.com\/fr\/wp-json\/wp\/v2\/media?parent=206940"}],"wp:term":[{"taxonomy":"category","embeddable":true,"href":"https:\/\/www.europesays.com\/fr\/wp-json\/wp\/v2\/categories?post=206940"},{"taxonomy":"post_tag","embeddable":true,"href":"https:\/\/www.europesays.com\/fr\/wp-json\/wp\/v2\/tags?post=206940"}],"curies":[{"name":"wp","href":"https:\/\/api.w.org\/{rel}","templated":true}]}}