{"id":206945,"date":"2025-06-26T23:10:24","date_gmt":"2025-06-26T23:10:24","guid":{"rendered":"https:\/\/www.europesays.com\/fr\/206945\/"},"modified":"2025-06-26T23:10:24","modified_gmt":"2025-06-26T23:10:24","slug":"saint-etienne-la-colere-monte-dans-ce-college-apres-une-decision-incomprehensible-cest-intenable","status":"publish","type":"post","link":"https:\/\/www.europesays.com\/fr\/206945\/","title":{"rendered":"Saint-Etienne. La col\u00e8re monte dans ce coll\u00e8ge apr\u00e8s une d\u00e9cision \u00ab\u00a0incompr\u00e9hensible\u00a0\u00bb : \u00ab\u00a0C&rsquo;est intenable\u00a0\u00bb"},"content":{"rendered":"<p>            Par<br \/>\n        <strong><br \/>\n            <a href=\"https:\/\/actu.fr\/auteur\/julien-sournies\" title=\"Consulter tous les articles de Julien Sournies\" target=\"_blank\" rel=\"noopener\">Julien Sournies<\/a><br \/>\n        <\/strong><\/p>\n<p>        Publi\u00e9 le<\/p>\n<p>            26 juin 2025 \u00e0 16h48        <\/p>\n<p>\u00ab\u2009Les \u00e9l\u00e8ves ne sont pas des sardines\u2009\u00bb, \u00ab\u2009R.I.P la r\u00e9ussite scolaire, l\u2019inclusion et l\u2019\u00e9galit\u00e9 des chances pour tous\u2009\u00bb\u2009: la <strong>col\u00e8re<\/strong> r\u00e8gne au sein du coll\u00e8ge Jean-Dast\u00e9 \u00e0 <a href=\"https:\/\/actu.fr\/saint-etienne\/\" target=\"_blank\" rel=\"noopener\">Saint-\u00c9tienne<\/a> (<a href=\"https:\/\/actu.fr\/auvergne-rhone-alpes\/loire_42\" target=\"_blank\" rel=\"noopener\">Loire<\/a>). Depuis ce mardi 24\u00a0juin 2025, une bonne partie des enseignants de l\u2019\u00e9tablissement class\u00e9 en REP (R\u00e9seau d\u2019\u00e9ducation prioritaire) se mobilise pour protester \u00ab\u2009contre l\u2019absence d\u2019am\u00e9liorations\u2009\u00bb, souffle l\u2019un d\u2019entre eux, joint par la r\u00e9daction.<\/p>\n<p>Une classe de 5e supprim\u00e9e<\/p>\n<p class=\" wall-content\">La raison\u2009? \u00c0 la rentr\u00e9e prochaine, une classe de 5e va <strong>d\u00e9finitivement dispara\u00eetre<\/strong>, \u00e0 la suite d\u2019une d\u00e9cision prononc\u00e9e par le rectorat. De fait, les quatre classes actuelles de 6e devront se diviser dans seulement trois classes au mois de septembre, entra\u00eenant ainsi <strong>l\u2019alourdissement<\/strong> de la charge de travail des \u00e9quipes p\u00e9dagogiques.<\/p>\n<p class=\" wall-content\">Dans le d\u00e9tail, pas moins de 83 \u00e9l\u00e8ves sont d\u2019ores et d\u00e9j\u00e0 inscrits en 5e l\u2019ann\u00e9e prochaine. \u00ab\u2009Si l\u2019on divise ce nombre par trois, \u00e7a nous donne environ 28 \u00e9l\u00e8ves par classe, ce qui n\u2019est pas tenable en l\u2019\u00e9tat\u2009\u00bb, regrette l\u2019enseignant, portant la parole de ses coll\u00e8gues.<\/p>\n<p class=\" wall-content\">D\u2019autant que, pour rappel, la norme REP en France est fix\u00e9e \u00e0 <strong>maximum 26\u00a0\u00e9l\u00e8ves<\/strong> par classe. \u00ab\u2009C\u2019est vraiment incompr\u00e9hensible. En plus, il faut savoir que le coll\u00e8ge se situe dans un quartier o\u00f9 figurent de nombreux foyers accueillant des migrants. Du coup, il est fr\u00e9quent que de nouveaux \u00e9l\u00e8ves arrivent en cours d\u2019ann\u00e9e. Des \u00e9l\u00e8ves, dont certains ne parlent pas fran\u00e7ais\u2009\u00bb, confie le professeur.<\/p>\n<p>Une promesse encore \u00ab\u2009insuffisante\u2009\u00bb<\/p>\n<p class=\" wall-content\">Face \u00e0 cette situation qu\u2019ils jugent tous \u00ab\u2009intenable\u2009\u00bb, une d\u00e9l\u00e9gation de quatre enseignants a sollicit\u00e9 Thierry Dickel\u00e9, le directeur acad\u00e9mique des services de l\u2019\u00c9ducation nationale de la Loire (DASEN), et r\u00e9ussi \u00e0 obtenir une entrevue avec ce dernier ce mercredi 25 juin en fin de journ\u00e9e.<\/p>\n<p class=\" wall-content\">\u00ab\u2009Il s\u2019est engag\u00e9 \u00e0 nous donner 10\u00a0heures suppl\u00e9mentaires pour faire des groupes ou autre afin d\u2019all\u00e9ger les surcharges et il va peut-\u00eatre en rajouter 2 ou 3. Mais c\u2019est encore <strong>insuffisant\u2009<\/strong>\u00bb, d\u00e9plore l\u2019enseignant.<\/p>\n<p class=\" wall-content\">M\u00eame si elle \u00e9tait d\u00e9j\u00e0 pr\u00e9vue depuis plus d\u2019une semaine apr\u00e8s le d\u00e9p\u00f4t d\u2019un pr\u00e9avis de gr\u00e8ve, la mobilisation s\u2019est donc poursuivie ce jeudi 26\u00a0juin, o\u00f9 ils sont environ une vingtaine, pancartes dans les mains, \u00e0 camper devant le coll\u00e8ge. Le choix de la date a \u00e9t\u00e9 m\u00fbrement r\u00e9fl\u00e9chi.<\/p>\n<p class=\" wall-content\">En effet, les \u00e9preuves de fran\u00e7ais et de math\u00e9matiques ont lieu, en m\u00eame temps, ce jeudi. Malgr\u00e9 l\u2019absence d\u2019enseignants pour les surveiller, les \u00e9preuves ont tout m\u00eame pu \u00eatre maintenues. Le professeur temp\u00e8re toutefois\u2009: \u00ab\u2009La gr\u00e8ve des enseignants a lieu qu\u2019aujourd\u2019hui, aucune autre n\u2019est pr\u00e9vue \u00e0 l\u2019avenir, mais ce qui est s\u00fbr, c\u2019est qu\u2019on en attend plus.\u2009\u00bb<\/p>\n<p class=\" wall-content\">Suivez toute l\u2019actualit\u00e9 de vos villes et m\u00e9dias favoris en vous inscrivant \u00e0 <a href=\"https:\/\/moncompte.actu.fr\" title=\"D\u00e9couvez Mon Actu\" rel=\"nofollow noopener\" data-trk=\"{&quot;cta&quot;:{&quot;action&quot;:&quot;https:\\\/\\\/moncompte.actu.fr&quot;,&quot;category&quot;:&quot;mon compte&quot;,&quot;from&quot;:&quot;article footer&quot;,&quot;name&quot;:&quot;Mon actu&quot;,&quot;type&quot;:&quot;cta&quot;}}\" target=\"_blank\">Mon Actu<\/a>.<\/p>\n","protected":false},"excerpt":{"rendered":"Par Julien Sournies Publi\u00e9 le 26 juin 2025 \u00e0 16h48 \u00ab\u2009Les \u00e9l\u00e8ves ne sont pas des sardines\u2009\u00bb, \u00ab\u2009R.I.P&hellip;\n","protected":false},"author":2,"featured_media":206946,"comment_status":"","ping_status":"","sticky":false,"template":"","format":"standard","meta":{"footnotes":""},"categories":[9653],"tags":[1111,11,2430,1057,1777,674,1011,27,6151,12,25,4001,104],"class_list":{"0":"post-206945","1":"post","2":"type-post","3":"status-publish","4":"format-standard","5":"has-post-thumbnail","7":"category-saint-etienne","8":"tag-actu","9":"tag-actualites","10":"tag-auvergne-rhone-alpes","11":"tag-education","12":"tag-eu","13":"tag-europe","14":"tag-fr","15":"tag-france","16":"tag-greve","17":"tag-news","18":"tag-republique-francaise","19":"tag-saint-etienne","20":"tag-societe"},"share_on_mastodon":{"url":"https:\/\/pubeurope.com\/@fr\/114752194019938026","error":""},"_links":{"self":[{"href":"https:\/\/www.europesays.com\/fr\/wp-json\/wp\/v2\/posts\/206945","targetHints":{"allow":["GET"]}}],"collection":[{"href":"https:\/\/www.europesays.com\/fr\/wp-json\/wp\/v2\/posts"}],"about":[{"href":"https:\/\/www.europesays.com\/fr\/wp-json\/wp\/v2\/types\/post"}],"author":[{"embeddable":true,"href":"https:\/\/www.europesays.com\/fr\/wp-json\/wp\/v2\/users\/2"}],"replies":[{"embeddable":true,"href":"https:\/\/www.europesays.com\/fr\/wp-json\/wp\/v2\/comments?post=206945"}],"version-history":[{"count":0,"href":"https:\/\/www.europesays.com\/fr\/wp-json\/wp\/v2\/posts\/206945\/revisions"}],"wp:featuredmedia":[{"embeddable":true,"href":"https:\/\/www.europesays.com\/fr\/wp-json\/wp\/v2\/media\/206946"}],"wp:attachment":[{"href":"https:\/\/www.europesays.com\/fr\/wp-json\/wp\/v2\/media?parent=206945"}],"wp:term":[{"taxonomy":"category","embeddable":true,"href":"https:\/\/www.europesays.com\/fr\/wp-json\/wp\/v2\/categories?post=206945"},{"taxonomy":"post_tag","embeddable":true,"href":"https:\/\/www.europesays.com\/fr\/wp-json\/wp\/v2\/tags?post=206945"}],"curies":[{"name":"wp","href":"https:\/\/api.w.org\/{rel}","templated":true}]}}