{"id":206949,"date":"2025-06-26T23:12:18","date_gmt":"2025-06-26T23:12:18","guid":{"rendered":"https:\/\/www.europesays.com\/fr\/206949\/"},"modified":"2025-06-26T23:12:18","modified_gmt":"2025-06-26T23:12:18","slug":"villers-les-nancy-des-eleves-du-college-georges-chepfer-creent-des-podcasts-sur-le-theme-de-la-metamorphose","status":"publish","type":"post","link":"https:\/\/www.europesays.com\/fr\/206949\/","title":{"rendered":"Villers-les-Nancy. Des \u00e9l\u00e8ves du coll\u00e8ge Georges Chepfer cr\u00e9ent des podcasts sur le th\u00e8me de la m\u00e9tamorphose"},"content":{"rendered":"<p>Afin de mettre \u00e0 profit leur nouvel \u00e9quipement de webradio install\u00e9 au CDI, deux enseignantes du <a href=\"https:\/\/www.estrepublicain.fr\/education\/2025\/03\/11\/le-foyer-du-college-george-chepfer-denomme-anne-frank\" target=\"_blank\" rel=\"noopener\">coll\u00e8ge Georges Chepfer<\/a> de Villers-les-Nancy ont fait appel \u00e0 la <a href=\"https:\/\/www.estrepublicain.fr\/votre-journal-et-vous\/education-aux-medias\" target=\"_blank\" rel=\"noopener\">cellule \u00c9ducation aux m\u00e9dias<\/a>\u00a0de L&rsquo;Est R\u00e9publicain. L&rsquo;id\u00e9e de St\u00e9phanie Fendrich, professeure documentaliste, et de Coralie Morel, professeure de fran\u00e7ais, \u00e9tait d&rsquo;initier une classe enti\u00e8re \u00e0 la fabrication de podcasts.\u00a0<\/p>\n<p>Un concours national<\/p>\n<p>Pour le choix de la th\u00e9matique, c&rsquo;est le concours national \u00ab\u00a0Une fois, une voix\u00a0\u00bb qui a servi de ligne directrice, avec cette ann\u00e9e comme th\u00e8me \u00ab\u00a0La m\u00e9tamorphose\u00a0\u00bb. Partant de l\u00e0, avec l&rsquo;aide de G\u00e9raud Bouvrot, journaliste, les diff\u00e9rents groupes sont chacun partis dans\u00a0une direction diff\u00e9rente. Comment m\u00e9tamorphoser son corps par la pratique du sport, par exemple \u00a0? Mais aussi, quels changements la p\u00e9riode de la pubert\u00e9 implique-t-elle ?\u00a0Deux groupes se sont aussi concentr\u00e9s sur le th\u00e8me des loups-garous, qui les int\u00e9ressait particuli\u00e8rement.\u00a0<\/p>\n<p>De la d\u00e9finition de l&rsquo;angle jusqu&rsquo;au montage final, en passant par la recherche de contacts pertinents et leur interview, cette activit\u00e9 a fait travailler de nombreux savoir-faire aux adolescents.\u00a0<\/p>\n<p class=\"insetTitle\">Le bilan des enseignantes<\/p>\n<p>\u00ab\u00a0Nous avons particuli\u00e8rement appr\u00e9ci\u00e9 ce projet ambitieux qui a permis aux \u00e9l\u00e8ves de travailler des comp\u00e9tences tr\u00e8s vari\u00e9es (oral, \u00e9crit, num\u00e9rique) tout en b\u00e9n\u00e9ficiant de l&rsquo;expertise d&rsquo;un journaliste. Ce projet, initialement pr\u00e9vu pour s&rsquo;\u00e9taler sur 6 s\u00e9ances de 2h, nous a finalement occup\u00e9s toute l&rsquo;ann\u00e9e en pointill\u00e9. Le partenariat avec G\u00e9raud nous a permis d&rsquo;inaugurer le studio radio install\u00e9 au coll\u00e8ge. Ce projet a donn\u00e9 des id\u00e9es \u00e0 d&rsquo;autres coll\u00e8gues et aujourd&rsquo;hui, le studio radio est r\u00e9guli\u00e8rement utilis\u00e9. Les \u00e9l\u00e8ves ayant particip\u00e9 au projet sont fiers des podcasts r\u00e9alis\u00e9s et nous, professeures, avons ador\u00e9 nous pr\u00eat\u00e9 au jeu. Nous avons h\u00e2te de retrouver le studio et les micros \u00e0 la rentr\u00e9e !\u00a0\u00bb<\/p>\n<p class=\"insetSignature\">Coralie Morel et St\u00e9phanie Fendrich<\/p>\n<p>  Une s\u00e9lection disponible sur L&rsquo;Est R\u00e9publicain<\/p>\n<p>Leurs productions les plus abouties (et rendues dans les temps) sont donc \u00e9coutables\u00a0ici !\u00a0<\/p>\n<p>Dans ce premier podcast d\u00e9di\u00e9 au sport, les apprentis journalistes Nowan, Anae, Antoine et Belinay accompagnent l&rsquo;un d&rsquo;entre eux, qui veut se mettre au sport. Et \u00e7a n&rsquo;est pas de la tarte ! Ils rencontrent ainsi Maxime, coach personnel, mais aussi Pierre, g\u00e9rant d&rsquo;une salle de sport pas banale sur Nancy, ainsi que certains de ses clients. Un m\u00e9lange d&rsquo;humour, de conseils et de motivation !<\/p>\n<p>Parmi toutes les cr\u00e9ations sonores des coll\u00e9giens de Georges Chepfer, celle d&rsquo;Andr\u00e9a, Toufeyl, Tim\u00e9o et Timofii est la plus fictionnelle, mais aussi l&rsquo;une des plus riches. Apr\u00e8s une banale promenade en for\u00eat, l&rsquo;un des membres du groupe commence \u00e0 inqui\u00e9ter les autres. Serait-ce un loup-garou ? En tout cas, d&rsquo;apr\u00e8s leurs recherches et plusieurs personnes interview\u00e9es, il en a bien l&rsquo;air &#8230; Alors ce Timofii, simple coll\u00e9gien, ou dangereux homme-b\u00eate\u00a0?<\/p>\n<p>Ici aussi, le th\u00e8me choisi par les \u00e9l\u00e8ves est le loup-garou. Mais cette fois, on parle plut\u00f4t du jeu ! Comme d&rsquo;autres g\u00e9n\u00e9rations avant elles, Jeanne, Marylou, Zo\u00e9 et L\u00e9onie occupent souvent leur temps libre en faisant des parties du jeu <a href=\"https:\/\/www.estrepublicain.fr\/culture-loisirs\/2025\/05\/19\/loups-garous-et-mysteres-a-l-ecomusee-du-pays-de-la-cerise\" target=\"_blank\" rel=\"noopener\">Le loup-garou de Thiercelieux<\/a>, cr\u00e9\u00e9 en 2001. L&rsquo;occasion de se renseigner sur ce jeu, mais aussi sur la mythologie des lycanthropes.<\/p>\n<p>Lors de la toute derni\u00e8re s\u00e9ance, les \u00e9l\u00e8ves ont pu \u00e9couter leurs productions &#8230; Et enregistrer celles des retardataires. Une chose est s\u00fbre, l&rsquo;exp\u00e9rience a plu \u00e0 plusieurs d&rsquo;entre eux, qui se sont d\u00e9j\u00e0 saisis \u00e0 nouveau du mat\u00e9riel radio pour d&rsquo;autres projets.\u00a0Des talents \u00e0 suivre, donc.<\/p>\n","protected":false},"excerpt":{"rendered":"Afin de mettre \u00e0 profit leur nouvel \u00e9quipement de webradio install\u00e9 au CDI, deux enseignantes du coll\u00e8ge Georges&hellip;\n","protected":false},"author":2,"featured_media":206950,"comment_status":"","ping_status":"","sticky":false,"template":"","format":"standard","meta":{"footnotes":""},"categories":[9635],"tags":[1111,11,3599,1057,25758,1777,674,1011,27,775,3457,1702,12,3725,25,10261],"class_list":{"0":"post-206949","1":"post","2":"type-post","3":"status-publish","4":"format-standard","5":"has-post-thumbnail","7":"category-nancy","8":"tag-actu","9":"tag-actualites","10":"tag-college-lycee","11":"tag-education","12":"tag-education-aux-medias","13":"tag-eu","14":"tag-europe","15":"tag-fr","16":"tag-france","17":"tag-grand-est","18":"tag-meurthe-et-moselle","19":"tag-nancy","20":"tag-news","21":"tag-podcast","22":"tag-republique-francaise","23":"tag-villers-les-nancy"},"share_on_mastodon":{"url":"https:\/\/pubeurope.com\/@fr\/114752202040020228","error":""},"_links":{"self":[{"href":"https:\/\/www.europesays.com\/fr\/wp-json\/wp\/v2\/posts\/206949","targetHints":{"allow":["GET"]}}],"collection":[{"href":"https:\/\/www.europesays.com\/fr\/wp-json\/wp\/v2\/posts"}],"about":[{"href":"https:\/\/www.europesays.com\/fr\/wp-json\/wp\/v2\/types\/post"}],"author":[{"embeddable":true,"href":"https:\/\/www.europesays.com\/fr\/wp-json\/wp\/v2\/users\/2"}],"replies":[{"embeddable":true,"href":"https:\/\/www.europesays.com\/fr\/wp-json\/wp\/v2\/comments?post=206949"}],"version-history":[{"count":0,"href":"https:\/\/www.europesays.com\/fr\/wp-json\/wp\/v2\/posts\/206949\/revisions"}],"wp:featuredmedia":[{"embeddable":true,"href":"https:\/\/www.europesays.com\/fr\/wp-json\/wp\/v2\/media\/206950"}],"wp:attachment":[{"href":"https:\/\/www.europesays.com\/fr\/wp-json\/wp\/v2\/media?parent=206949"}],"wp:term":[{"taxonomy":"category","embeddable":true,"href":"https:\/\/www.europesays.com\/fr\/wp-json\/wp\/v2\/categories?post=206949"},{"taxonomy":"post_tag","embeddable":true,"href":"https:\/\/www.europesays.com\/fr\/wp-json\/wp\/v2\/tags?post=206949"}],"curies":[{"name":"wp","href":"https:\/\/api.w.org\/{rel}","templated":true}]}}