{"id":206959,"date":"2025-06-26T23:19:14","date_gmt":"2025-06-26T23:19:14","guid":{"rendered":"https:\/\/www.europesays.com\/fr\/206959\/"},"modified":"2025-06-26T23:19:14","modified_gmt":"2025-06-26T23:19:14","slug":"je-nai-jamais-gele-le-jumelage-avec-rehovot","status":"publish","type":"post","link":"https:\/\/www.europesays.com\/fr\/206959\/","title":{"rendered":"\u00ab\u00a0Je n\u2019ai jamais gel\u00e9 le jumelage avec Rehovot\u00a0\u00bb"},"content":{"rendered":"<p>La parole de l\u2019ancien maire socialiste, <a href=\"https:\/\/www.ledauphine.com\/p\/michel-destot\" target=\"_blank\" rel=\"nofollow noopener\">Michel Destot<\/a>, est rare. Mais il nous a quand m\u00eame contact\u00e9s pour r\u00e9agir au d\u00e9bat sur le jumelage de Grenoble avec la ville isra\u00e9lienne de Rehovot. D\u00e9bat qui a \u00e9t\u00e9 r\u00e9activ\u00e9\u00a0<a href=\"https:\/\/www.ledauphine.com\/defense-guerre-conflit\/2025\/06\/23\/le-jumelage-citoyen-entre-grenoble-et-rehovot-en-israel-n-est-plus\" target=\"_blank\" rel=\"nofollow noopener\">par les d\u00e9clarations d\u2019Eric Piolle lors du conseil municipal de lundi dernier<\/a>.<\/p>\n<p>\u00ab\u00a0Vous savez que depuis que je ne suis plus maire, je n\u2019ai jamais voulu participer \u00e0 la moindre pol\u00e9mique. Mais dire que le jumelage avec Rehovot a \u00e9t\u00e9 gel\u00e9 sous mes mandats, comme cela est affirm\u00e9 sans cesse par certains, est totalement inexact.\u00a0\u00bb<\/p>\n<p>Michel Destot poursuit\u00a0: \u00ab\u00a0Je n\u2019ai jamais gel\u00e9 le jumelage avec Rehovot, cela a eu lieu apr\u00e8s mes mandats. D\u2019ailleurs, je rappelle que j\u2019ai toujours \u00e9t\u00e9 tr\u00e8s attentif \u00e0 \u00eatre \u00e9quilibr\u00e9 dans nos rapports avec nos deux communes jumelles, la ville isra\u00e9lienne de Rehovot et la ville de Bethl\u00e9em dans les territoires palestiniens. On a beaucoup travaill\u00e9 avec Rehovot, notamment avec l\u2019Institut Weizmann, mais aussi avec l\u2019h\u00f4pital qui soignait alors de nombreux Palestiniens. Et je citerai aussi nos \u00e9changes avec les jeunes lors de la biennale des villes. Je pense qu\u2019il est important de le rappeler.\u00a0\u00bb<\/p>\n","protected":false},"excerpt":{"rendered":"La parole de l\u2019ancien maire socialiste, Michel Destot, est rare. Mais il nous a quand m\u00eame contact\u00e9s pour&hellip;\n","protected":false},"author":2,"featured_media":206960,"comment_status":"","ping_status":"","sticky":false,"template":"","format":"standard","meta":{"footnotes":""},"categories":[9566],"tags":[1111,11,2430,3206,112,1777,674,1011,27,2731,108,12,316,25,104,1631],"class_list":{"0":"post-206959","1":"post","2":"type-post","3":"status-publish","4":"format-standard","5":"has-post-thumbnail","7":"category-grenoble","8":"tag-actu","9":"tag-actualites","10":"tag-auvergne-rhone-alpes","11":"tag-defense-guerre-conflit","12":"tag-edition-grenoble-agglomeration","13":"tag-eu","14":"tag-europe","15":"tag-fr","16":"tag-france","17":"tag-grenoble","18":"tag-isere","19":"tag-news","20":"tag-politique","21":"tag-republique-francaise","22":"tag-societe","23":"tag-vie-associative"},"share_on_mastodon":{"url":"https:\/\/pubeurope.com\/@fr\/114752229869347902","error":""},"_links":{"self":[{"href":"https:\/\/www.europesays.com\/fr\/wp-json\/wp\/v2\/posts\/206959","targetHints":{"allow":["GET"]}}],"collection":[{"href":"https:\/\/www.europesays.com\/fr\/wp-json\/wp\/v2\/posts"}],"about":[{"href":"https:\/\/www.europesays.com\/fr\/wp-json\/wp\/v2\/types\/post"}],"author":[{"embeddable":true,"href":"https:\/\/www.europesays.com\/fr\/wp-json\/wp\/v2\/users\/2"}],"replies":[{"embeddable":true,"href":"https:\/\/www.europesays.com\/fr\/wp-json\/wp\/v2\/comments?post=206959"}],"version-history":[{"count":0,"href":"https:\/\/www.europesays.com\/fr\/wp-json\/wp\/v2\/posts\/206959\/revisions"}],"wp:featuredmedia":[{"embeddable":true,"href":"https:\/\/www.europesays.com\/fr\/wp-json\/wp\/v2\/media\/206960"}],"wp:attachment":[{"href":"https:\/\/www.europesays.com\/fr\/wp-json\/wp\/v2\/media?parent=206959"}],"wp:term":[{"taxonomy":"category","embeddable":true,"href":"https:\/\/www.europesays.com\/fr\/wp-json\/wp\/v2\/categories?post=206959"},{"taxonomy":"post_tag","embeddable":true,"href":"https:\/\/www.europesays.com\/fr\/wp-json\/wp\/v2\/tags?post=206959"}],"curies":[{"name":"wp","href":"https:\/\/api.w.org\/{rel}","templated":true}]}}